{"id":38,"date":"2016-08-24T00:00:00","date_gmt":"2016-08-23T23:00:00","guid":{"rendered":"http:\/\/avantools.pt\/noticias\/a-riedel-no-rio-2"},"modified":"2018-04-03T11:24:37","modified_gmt":"2018-04-03T10:24:37","slug":"a-riedel-no-rio-2","status":"publish","type":"post","link":"https:\/\/news.avantools.pt\/?p=38","title":{"rendered":"A Riedel no Rio (2)"},"content":{"rendered":"<p>Os Jogos Ol\u00edmpicos do Rio 2016 foram, para al\u00e9m dos recordes e das medalhas, uma dura maratona de comunica\u00e7\u00e3o.<\/p>\n<p>A <strong>RIEDEL<\/strong> forneceu as pistas, correu e ganhou.<\/p>\n<p><img data-recalc-dims=\"1\" decoding=\"async\" class=\"aligncenter\" src=\"https:\/\/i0.wp.com\/wwwavantoolseu.worldsecuresystems.com\/images\/RiedelRio.jpeg?w=525&#038;ssl=1\"  \/><\/p>\n<p>Leia <a title=\"riedel rio2016\" href=\"http:\/\/www.bestaudio.com\/massivecomms\/\" target=\"_blank\" rel=\"noopener\">aqui<\/a> tudo sobre a estrutura de comunica\u00e7\u00e3o utilizada nos Jogos Ol\u00edmpicos do Rio 2016, cheia de novidades. Veja o equipamento <strong>RIEDEL<\/strong> utilizado e o papel crucial que desempenhou nesta opera\u00e7\u00e3o de televis\u00e3o massiva e sem precedentes.<\/p>\n<p><a href=\"\/contacts.html\">Consulte-nos<\/a> para saber mais sobre a <strong>RIEDEL<\/strong> e os seus produtos.<\/p>\n<p><img data-recalc-dims=\"1\" decoding=\"async\" class=\"alignright\" src=\"https:\/\/i0.wp.com\/wwwavantoolseu.worldsecuresystems.com\/images\/riedel_logo.png?w=525&#038;ssl=1\" \/><\/p>\n<p style=\"text-align: right;\">\n<p style=\"text-align: right;\">\n<hr \/>\n","protected":false},"excerpt":{"rendered":"<p>Os Jogos Ol\u00edmpicos do Rio 2016 foram, para al\u00e9m dos recordes e das medalhas, uma dura maratona de comunica\u00e7\u00e3o. A RIEDEL forneceu as pistas, correu e ganhou. Leia aqui tudo sobre a estrutura de comunica\u00e7\u00e3o utilizada nos Jogos Ol\u00edmpicos do Rio 2016, cheia de novidades. Veja o equipamento RIEDEL utilizado e o papel crucial que &hellip; <\/p>\n<p class=\"link-more\"><a href=\"https:\/\/news.avantools.pt\/?p=38\" class=\"more-link\">Continuar a ler <span class=\"screen-reader-text\">&#8220;A Riedel no Rio (2)&#8221;<\/span><\/a><\/p>\n","protected":false},"author":2,"featured_media":0,"comment_status":"open","ping_status":"open","sticky":false,"template":"","format":"standard","meta":{"_jetpack_memberships_contains_paid_content":false,"footnotes":"","_links_to":"","_links_to_target":""},"categories":[92],"tags":[9,288],"class_list":["post-38","post","type-post","status-publish","format-standard","hentry","category-broadcast","tag-riedel","tag-rio2016"],"jetpack_featured_media_url":"","jetpack_sharing_enabled":true,"_links":{"self":[{"href":"https:\/\/news.avantools.pt\/index.php?rest_route=\/wp\/v2\/posts\/38","targetHints":{"allow":["GET"]}}],"collection":[{"href":"https:\/\/news.avantools.pt\/index.php?rest_route=\/wp\/v2\/posts"}],"about":[{"href":"https:\/\/news.avantools.pt\/index.php?rest_route=\/wp\/v2\/types\/post"}],"author":[{"embeddable":true,"href":"https:\/\/news.avantools.pt\/index.php?rest_route=\/wp\/v2\/users\/2"}],"replies":[{"embeddable":true,"href":"https:\/\/news.avantools.pt\/index.php?rest_route=%2Fwp%2Fv2%2Fcomments&post=38"}],"version-history":[{"count":2,"href":"https:\/\/news.avantools.pt\/index.php?rest_route=\/wp\/v2\/posts\/38\/revisions"}],"predecessor-version":[{"id":1051,"href":"https:\/\/news.avantools.pt\/index.php?rest_route=\/wp\/v2\/posts\/38\/revisions\/1051"}],"wp:attachment":[{"href":"https:\/\/news.avantools.pt\/index.php?rest_route=%2Fwp%2Fv2%2Fmedia&parent=38"}],"wp:term":[{"taxonomy":"category","embeddable":true,"href":"https:\/\/news.avantools.pt\/index.php?rest_route=%2Fwp%2Fv2%2Fcategories&post=38"},{"taxonomy":"post_tag","embeddable":true,"href":"https:\/\/news.avantools.pt\/index.php?rest_route=%2Fwp%2Fv2%2Ftags&post=38"}],"curies":[{"name":"wp","href":"https:\/\/api.w.org\/{rel}","templated":true}]}}