{"id":3863,"date":"2021-02-20T14:01:29","date_gmt":"2021-02-20T14:01:29","guid":{"rendered":"http:\/\/news.avantools.pt\/?p=3863"},"modified":"2021-02-21T19:32:22","modified_gmt":"2021-02-21T19:32:22","slug":"frontliner-da-spl-na-linha-da-frente","status":"publish","type":"post","link":"https:\/\/news.avantools.pt\/?p=3863","title":{"rendered":"Frontliner da SPL, na linha da frente"},"content":{"rendered":"\n<p class=\"has-drop-cap\">O <em>Frontliner<\/em> \u00e9 uma das \u00faltimas novidades da linha de ferramentas de est\u00fadio de excel\u00eancia da <strong>SPL<\/strong>. Perfeito para gravar vozes e instrumentos com a mais alta qualidade. Colocado mesmo acima do j\u00e1 lend\u00e1rio <em>Channel One<\/em>, o <em>Frontliner<\/em> combina pr\u00e9-amplificador, <em>de-esser<\/em>, EQ e compress\u00e3o, satura\u00e7\u00e3o, e pode ser usado individualmente ou em conjunto com outros equipamentos.<\/p>\n\n\n\n<figure class=\"wp-block-image size-large\"><img data-recalc-dims=\"1\" loading=\"lazy\" decoding=\"async\" width=\"525\" height=\"107\" src=\"https:\/\/i0.wp.com\/news.avantools.pt\/wp-content\/uploads\/2021\/02\/Frontliner.png?resize=525%2C107&#038;ssl=1\" alt=\"\" class=\"wp-image-3865\" srcset=\"https:\/\/i0.wp.com\/news.avantools.pt\/wp-content\/uploads\/2021\/02\/Frontliner.png?resize=1024%2C208&amp;ssl=1 1024w, https:\/\/i0.wp.com\/news.avantools.pt\/wp-content\/uploads\/2021\/02\/Frontliner.png?resize=300%2C61&amp;ssl=1 300w, https:\/\/i0.wp.com\/news.avantools.pt\/wp-content\/uploads\/2021\/02\/Frontliner.png?resize=768%2C156&amp;ssl=1 768w, https:\/\/i0.wp.com\/news.avantools.pt\/wp-content\/uploads\/2021\/02\/Frontliner.png?resize=1536%2C312&amp;ssl=1 1536w, https:\/\/i0.wp.com\/news.avantools.pt\/wp-content\/uploads\/2021\/02\/Frontliner.png?w=1760&amp;ssl=1 1760w\" sizes=\"auto, (max-width: 767px) 89vw, (max-width: 1000px) 54vw, (max-width: 1071px) 543px, 580px\" \/><figcaption><em>Frontliner da <strong>SPL<\/strong><\/em><\/figcaption><\/figure>\n\n\n\n<p>O <em>Frontliner<\/em> da <strong>SPL<\/strong> \u00e9 um pr\u00e9-amplificador h\u00edbrido, que cont\u00e9m um est\u00e1gio semicondutor, discreto, e um est\u00e1gio de v\u00e1lvula. A constru\u00e7\u00e3o h\u00edbrida do pr\u00e9-amplificador combina as vantagens dos semicondutores (alta din\u00e2mica, com baixa distor\u00e7\u00e3o e baixo ru\u00eddo) com as qualidades musicais do som da v\u00e1lvula (agrad\u00e1vel espectro de tons altos \/ harm\u00f3nicos, rigorosa  tridimensionalidade.)<\/p>\n\n\n\n<p>O pr\u00e9-amplificador de microfone \u00e9 constru\u00eddo de forma totalmente discreta a partir de transistores exclusivos. Possui alimenta\u00e7\u00e3o <em>phantom<\/em> de 48 V, invers\u00e3o de polaridade, <em>padding<\/em> e um filtro LF. A entrada de linha possui um est\u00e1gio de balanceamento, de precis\u00e3o, para ligar equipamentos adicionais de est\u00fadio. A entrada de instrumento, tamb\u00e9m discreta e de baixo ru\u00eddo, \u00e9 facilmente acess\u00edvel do painel frontal. Adicionalmente, o <em>Frontliner<\/em> cont\u00e9m um <em>DeEssser<\/em>, um compressor\/limitador, um Equalizador\/<em>Tube Saturation<\/em> e um VU grande.<\/p>\n\n\n\n<p>Cada m\u00f3dulo do <em>Frontliner<\/em> tem as suas pr\u00f3prias entradas e sa\u00eddas balanceadas. Gra\u00e7as a uma l\u00f3gica de circuito sofisticada, a unidade pode ser integrada como dispositivo \u00fanico de um ambiente de est\u00fadio cl\u00e1ssico. No entanto,  estes diferentes m\u00f3dulos tamb\u00e9m podem agrupados, conforme necess\u00e1rio ou podem ser definidos pontos de inser\u00e7\u00e3o em cada interface.<\/p>\n\n\n\n<figure class=\"wp-block-image size-large\"><img data-recalc-dims=\"1\" loading=\"lazy\" decoding=\"async\" width=\"525\" height=\"115\" src=\"https:\/\/i0.wp.com\/news.avantools.pt\/wp-content\/uploads\/2021\/02\/Frontliner_R.png?resize=525%2C115&#038;ssl=1\" alt=\"\" class=\"wp-image-3866\" srcset=\"https:\/\/i0.wp.com\/news.avantools.pt\/wp-content\/uploads\/2021\/02\/Frontliner_R.png?resize=1024%2C224&amp;ssl=1 1024w, https:\/\/i0.wp.com\/news.avantools.pt\/wp-content\/uploads\/2021\/02\/Frontliner_R.png?resize=300%2C66&amp;ssl=1 300w, https:\/\/i0.wp.com\/news.avantools.pt\/wp-content\/uploads\/2021\/02\/Frontliner_R.png?resize=768%2C168&amp;ssl=1 768w, https:\/\/i0.wp.com\/news.avantools.pt\/wp-content\/uploads\/2021\/02\/Frontliner_R.png?resize=1536%2C336&amp;ssl=1 1536w, https:\/\/i0.wp.com\/news.avantools.pt\/wp-content\/uploads\/2021\/02\/Frontliner_R.png?resize=2048%2C448&amp;ssl=1 2048w\" sizes=\"auto, (max-width: 767px) 89vw, (max-width: 1000px) 54vw, (max-width: 1071px) 543px, 580px\" \/><figcaption><em>Frontliner<\/em> I\/O<\/figcaption><\/figure>\n\n\n\n<p>Se pensarmos nos m\u00f3dulos do <em>Frontliner<\/em> como <em>plug-ins<\/em> anal\u00f3gicos, o seu valor acrescentado torna-se perfeitamente claro. Isto faz dele uma esta\u00e7\u00e3o de processamento anal\u00f3gica muito vers\u00e1til, al\u00e9m de constituir um canal de grava\u00e7\u00e3o cl\u00e1ssico. Os est\u00fadios assentes em DAW, em especial, s\u00e3o enriquecidos com uma unidade de grava\u00e7\u00e3o cl\u00e1ssica de topo, que \u00e9 mais do que um instrumento de grava\u00e7\u00e3o. Atrav\u00e9s da sua sofisticada estrutura de I\/O, \u00e9 poss\u00edvel aceder a processadores anal\u00f3gicos, para o processamento de sinal, durante a fase de mistura.<\/p>\n\n\n\n<p><a rel=\"noreferrer noopener\" href=\"https:\/\/spl.audio\/en\/spl-produkt\/frontliner\/\" target=\"_blank\">Saiba mais<\/a> sobre o <em>Frontliner<\/em> da <strong>SPL<\/strong> e fique a conhecer tamb\u00e9m as outras unidades que com ele podem ser combinadas, como o <em><a rel=\"noreferrer noopener\" href=\"https:\/\/spl.audio\/en\/spl-produkt\/channel-one\/\" target=\"_blank\">Channel One<\/a><\/em> ou o <em><a rel=\"noreferrer noopener\" href=\"https:\/\/spl.audio\/en\/spl-produkt\/track-one\/\" target=\"_blank\">Track One<\/a><\/em>. Fique a conhecer as caracter\u00edsticas de todos estes equipamentos de excel\u00eancia da <strong>SPL<\/strong> e decida qual o que mais se adequa \u00e0s suas necessidades. <a rel=\"noreferrer noopener\" href=\"http:\/\/avantools.pt\/contacts.html\" target=\"_blank\">Contacte-nos<\/a> para informa\u00e7\u00f5es adicionais.<\/p>\n\n\n\n<figure class=\"wp-block-image size-large\"><img data-recalc-dims=\"1\" loading=\"lazy\" decoding=\"async\" width=\"150\" height=\"106\" src=\"https:\/\/i0.wp.com\/news.avantools.pt\/wp-content\/uploads\/2020\/01\/SPLogo_150.jpg?resize=150%2C106&#038;ssl=1\" alt=\"\" class=\"wp-image-2831\"\/><\/figure>\n\n\n\n<hr class=\"wp-block-separator is-style-wide\"\/>\n","protected":false},"excerpt":{"rendered":"<p>O Frontliner \u00e9 uma das \u00faltimas novidades da linha de ferramentas de est\u00fadio de excel\u00eancia da SPL. Perfeito para gravar vozes e instrumentos com a mais alta qualidade. Colocado mesmo acima do j\u00e1 lend\u00e1rio Channel One, o Frontliner combina pr\u00e9-amplificador, de-esser, EQ e compress\u00e3o, satura\u00e7\u00e3o, e pode ser usado individualmente ou em conjunto com outros &hellip; <\/p>\n<p class=\"link-more\"><a href=\"https:\/\/news.avantools.pt\/?p=3863\" class=\"more-link\">Continuar a ler <span class=\"screen-reader-text\">&#8220;Frontliner da SPL, na linha da frente&#8221;<\/span><\/a><\/p>\n","protected":false},"author":2,"featured_media":3865,"comment_status":"closed","ping_status":"open","sticky":false,"template":"","format":"standard","meta":{"_jetpack_memberships_contains_paid_content":false,"footnotes":"","_links_to":"","_links_to_target":""},"categories":[95,94],"tags":[535,534,32,536],"class_list":["post-3863","post","type-post","status-publish","format-standard","has-post-thumbnail","hentry","category-live","category-studio","tag-channel-one","tag-frontliner","tag-spl","tag-tracl-one"],"jetpack_featured_media_url":"https:\/\/i0.wp.com\/news.avantools.pt\/wp-content\/uploads\/2021\/02\/Frontliner.png?fit=1760%2C357&ssl=1","jetpack_sharing_enabled":true,"_links":{"self":[{"href":"https:\/\/news.avantools.pt\/index.php?rest_route=\/wp\/v2\/posts\/3863","targetHints":{"allow":["GET"]}}],"collection":[{"href":"https:\/\/news.avantools.pt\/index.php?rest_route=\/wp\/v2\/posts"}],"about":[{"href":"https:\/\/news.avantools.pt\/index.php?rest_route=\/wp\/v2\/types\/post"}],"author":[{"embeddable":true,"href":"https:\/\/news.avantools.pt\/index.php?rest_route=\/wp\/v2\/users\/2"}],"replies":[{"embeddable":true,"href":"https:\/\/news.avantools.pt\/index.php?rest_route=%2Fwp%2Fv2%2Fcomments&post=3863"}],"version-history":[{"count":6,"href":"https:\/\/news.avantools.pt\/index.php?rest_route=\/wp\/v2\/posts\/3863\/revisions"}],"predecessor-version":[{"id":3871,"href":"https:\/\/news.avantools.pt\/index.php?rest_route=\/wp\/v2\/posts\/3863\/revisions\/3871"}],"wp:featuredmedia":[{"embeddable":true,"href":"https:\/\/news.avantools.pt\/index.php?rest_route=\/wp\/v2\/media\/3865"}],"wp:attachment":[{"href":"https:\/\/news.avantools.pt\/index.php?rest_route=%2Fwp%2Fv2%2Fmedia&parent=3863"}],"wp:term":[{"taxonomy":"category","embeddable":true,"href":"https:\/\/news.avantools.pt\/index.php?rest_route=%2Fwp%2Fv2%2Fcategories&post=3863"},{"taxonomy":"post_tag","embeddable":true,"href":"https:\/\/news.avantools.pt\/index.php?rest_route=%2Fwp%2Fv2%2Ftags&post=3863"}],"curies":[{"name":"wp","href":"https:\/\/api.w.org\/{rel}","templated":true}]}}