{"id":4039,"date":"2021-04-23T22:46:52","date_gmt":"2021-04-23T21:46:52","guid":{"rendered":"http:\/\/news.avantools.pt\/?p=4039"},"modified":"2023-06-24T01:16:24","modified_gmt":"2023-06-24T00:16:24","slug":"v__pro8-da-lawo-o-processador-completo","status":"publish","type":"post","link":"https:\/\/news.avantools.pt\/?p=4039","title":{"rendered":"V__pro8 da LAWO, o processador completo"},"content":{"rendered":"\n<p class=\"has-drop-cap\">A met\u00e1fora mais adequada para o <em>V__pro8<\/em> da <strong>LAWO<\/strong> \u00e9 esta: um construtor de pontes. Quando pensa nas componentes normais dos fluxos de trabalho que se geram no universo do broadcast, o <em>V__pro8<\/em> liga tudo a tudo, converte tudo em tudo, processa tudo, pode considerar-se uma ferramenta, em tudo, universal. Um processador de v\u00eddeo compacto, totalmente digital, de 8 canais, que inclui todos os recursos geralmente envolvidos nos fluxos de trabalho normais de produ\u00e7\u00e3o, na \u00e1rea v\u00eddeo de <em>broadcast<\/em>. E tamb\u00e9m combinar o processamento de v\u00eddeo e \u00e1udio num \u00fanico dispositivo, que garante a m\u00e1xima efici\u00eancia e maior seguran\u00e7a operacional, com as necessidades de espa\u00e7o, de cablagem e custos significativamente reduzidos. Em resumo, o <em>V__pro8<\/em> da <strong>LAWO<\/strong> \u00e9 isto. Mas, espere, h\u00e1 mais.<\/p>\n\n\n\n<figure class=\"wp-block-image size-large\"><img data-recalc-dims=\"1\" loading=\"lazy\" decoding=\"async\" width=\"525\" height=\"228\" src=\"https:\/\/i0.wp.com\/news.avantools.pt\/wp-content\/uploads\/2021\/04\/V__pro8_slant.png?resize=525%2C228&#038;ssl=1\" alt=\"\" class=\"wp-image-4046\" srcset=\"https:\/\/i0.wp.com\/news.avantools.pt\/wp-content\/uploads\/2021\/04\/V__pro8_slant.png?resize=1024%2C445&amp;ssl=1 1024w, https:\/\/i0.wp.com\/news.avantools.pt\/wp-content\/uploads\/2021\/04\/V__pro8_slant.png?resize=300%2C130&amp;ssl=1 300w, https:\/\/i0.wp.com\/news.avantools.pt\/wp-content\/uploads\/2021\/04\/V__pro8_slant.png?resize=768%2C334&amp;ssl=1 768w, https:\/\/i0.wp.com\/news.avantools.pt\/wp-content\/uploads\/2021\/04\/V__pro8_slant.png?w=1075&amp;ssl=1 1075w\" sizes=\"auto, (max-width: 767px) 89vw, (max-width: 1000px) 54vw, (max-width: 1071px) 543px, 580px\" \/><figcaption class=\"wp-element-caption\"><em>V__pro8 da LAWO<\/em><\/figcaption><\/figure>\n\n\n\n<p>Construir uma ponte entre o \u00e1udio e o v\u00eddeo. Eis um dos grandes predicados do V__pro8. Mas h\u00e1 mais. O V__pro8 \u00e9 a ferramenta perfeita para ligar diferentes formatos de v\u00eddeo e tamb\u00e9m para ligar \u00e1udio e v\u00eddeo. Convers\u00e3o de formato de alta qualidade, corre\u00e7\u00e3o de cor, bem como incorpora\u00e7\u00e3o ou extrac\u00e7\u00e3o de \u00e1udio tornam o V__pro8 um processador compacto e poderoso que constr\u00f3i pontes entre universos de trabalho, processos e formatos diferentes.<\/p>\n\n\n\n<p>Duas portas de \u00e1udio MADI de alta densidade fornecem uma ponte eficiente de v\u00eddeo para \u00e1udio dentro da infraestrutura do est\u00fadio. O V__pro 8 funciona como um sistema de matriz flex\u00edvel. Usando a matriz de v\u00eddeo 8 x 8 e matriz de \u00e1udio 384 x 384, \u00e9 poss\u00edvel comutar qualquer sinal para outro. <\/p>\n\n\n\n<p>Uma interface gr\u00e1fica moderna, baseada em HTML5, \u00e9 tudo quanto \u00e9 necess\u00e1rio para lidar de forma f\u00e1cil com o trabalho di\u00e1rio. Funciona assim: oito <em>de-embedders<\/em> SDI 3G, de alta qualidade, e um n\u00famero correspondente de <em>embedders<\/em> podem ser inseridos aplicados a oito sinais de v\u00eddeo, de acordo com as suas necessidades. Isto permite que os sinais de \u00e1udio (em qualquer n\u00famero) possam ser extra\u00eddos do v\u00eddeo e novos sinais de \u00e1udio sejam incorporados ao sinal de v\u00eddeo. Uma solu\u00e7\u00e3o simples, fi\u00e1vel e eficiente.<\/p>\n\n\n\n<figure class=\"wp-block-image size-large\"><img data-recalc-dims=\"1\" loading=\"lazy\" decoding=\"async\" width=\"525\" height=\"144\" src=\"https:\/\/i0.wp.com\/news.avantools.pt\/wp-content\/uploads\/2021\/04\/v_pro83-scaled-1.jpg?resize=525%2C144&#038;ssl=1\" alt=\"\" class=\"wp-image-4047\" srcset=\"https:\/\/i0.wp.com\/news.avantools.pt\/wp-content\/uploads\/2021\/04\/v_pro83-scaled-1.jpg?resize=1024%2C280&amp;ssl=1 1024w, https:\/\/i0.wp.com\/news.avantools.pt\/wp-content\/uploads\/2021\/04\/v_pro83-scaled-1.jpg?resize=300%2C82&amp;ssl=1 300w, https:\/\/i0.wp.com\/news.avantools.pt\/wp-content\/uploads\/2021\/04\/v_pro83-scaled-1.jpg?resize=768%2C210&amp;ssl=1 768w, https:\/\/i0.wp.com\/news.avantools.pt\/wp-content\/uploads\/2021\/04\/v_pro83-scaled-1.jpg?resize=1536%2C419&amp;ssl=1 1536w, https:\/\/i0.wp.com\/news.avantools.pt\/wp-content\/uploads\/2021\/04\/v_pro83-scaled-1.jpg?resize=2048%2C559&amp;ssl=1 2048w\" sizes=\"auto, (max-width: 767px) 89vw, (max-width: 1000px) 54vw, (max-width: 1071px) 543px, 580px\" \/><\/figure>\n\n\n\n<p>Em s\u00famula r\u00e1pida: o V__pro 8 da <strong>LAWO <\/strong>proporciona-lhe sincroniza\u00e7\u00e3o de <em>frames<\/em>, mais <em>delays<\/em>, vari\u00e1vel, de \u00e1udio e v\u00eddeo, e tamb\u00e9m corre\u00e7\u00e3o de cor RGB e Proc Amp por cada canal. Tem dois conversores de <em>surround<\/em> para est\u00e9reo por <em>embedder<\/em>, modos <em>frame phaser<\/em> e <em>line phaser,<\/em> embedder e de-embedder, incluindo SRC por canal, convers\u00e3o <em>Up\/Down\/Cross<\/em> e\u2009<em>AR<\/em> por cada dois canais e uma matriz, 8\u00d78 v\u00eddeo e 384\u00d7384 \u00e1udio, interna. Mas, como dissemos, h\u00e1 mais ainda!<\/p>\n\n\n\n<p>Para saber mais sobre o V__pro8 da <strong>LAWO<\/strong> veja <a rel=\"noreferrer noopener\" href=\"https:\/\/lawo.com\/v__pro8-video-processing-toolkit\/\" target=\"_blank\">aqui<\/a>. Veja <a rel=\"noreferrer noopener\" href=\"https:\/\/youtu.be\/a30WMBnUH8U\" target=\"_blank\">aqui<\/a>, <a rel=\"noreferrer noopener\" href=\"https:\/\/youtu.be\/QRCRfzUf-Do\" target=\"_blank\">aqui<\/a> e <a rel=\"noreferrer noopener\" href=\"https:\/\/youtu.be\/MmMnz9AudUE\" target=\"_blank\">aqui<\/a> v\u00eddeos que lhe descrevem algumas das capacidades deste equipamento. Leia <a rel=\"noreferrer noopener\" href=\"https:\/\/www.live-production.tv\/news\/products\/lawo-debuts-all-new-vpro8-8-channel-video-processing-toolkit-ise2017.html\" target=\"_blank\">aqui<\/a> e <a rel=\"noreferrer noopener\" href=\"https:\/\/www.avc-group.com\/int\/en\/product\/lawo-v-pro8-the-complete-8-channel-video-processing-toolkit\/\" target=\"_blank\">aqui<\/a> an\u00e1lises ao produto. Se quiser saber mais ainda ou pretender uma demonstra\u00e7\u00e3o, <a rel=\"noreferrer noopener\" href=\"http:\/\/avantools.pt\/contacts.html\" target=\"_blank\">contacte-nos<\/a>, por favor. <\/p>\n\n\n<div class=\"wp-block-image\">\n<figure class=\"aligncenter size-large is-resized\"><img data-recalc-dims=\"1\" loading=\"lazy\" decoding=\"async\" src=\"https:\/\/i0.wp.com\/news.avantools.pt\/wp-content\/uploads\/2019\/09\/Lawo_Logo.gif?resize=293%2C293&#038;ssl=1\" alt=\"\" class=\"wp-image-2447\" width=\"293\" height=\"293\"\/><\/figure>\n<\/div>\n\n\n<hr class=\"wp-block-separator has-css-opacity is-style-wide\"\/>\n","protected":false},"excerpt":{"rendered":"<p>A met\u00e1fora mais adequada para o V__pro8 da LAWO \u00e9 esta: um construtor de pontes. Quando pensa nas componentes normais dos fluxos de trabalho que se geram no universo do broadcast, o V__pro8 liga tudo a tudo, converte tudo em tudo, processa tudo, pode considerar-se uma ferramenta, em tudo, universal. Um processador de v\u00eddeo compacto, &hellip; <\/p>\n<p class=\"link-more\"><a href=\"https:\/\/news.avantools.pt\/?p=4039\" class=\"more-link\">Continuar a ler <span class=\"screen-reader-text\">&#8220;V__pro8 da LAWO, o processador completo&#8221;<\/span><\/a><\/p>\n","protected":false},"author":2,"featured_media":4046,"comment_status":"closed","ping_status":"open","sticky":false,"template":"","format":"standard","meta":{"_jetpack_memberships_contains_paid_content":false,"footnotes":"","_links_to":"","_links_to_target":""},"categories":[92,266],"tags":[2,27],"class_list":["post-4039","post","type-post","status-publish","format-standard","has-post-thumbnail","hentry","category-broadcast","category-televisao","tag-lawo","tag-v_pro8"],"jetpack_featured_media_url":"https:\/\/i0.wp.com\/news.avantools.pt\/wp-content\/uploads\/2021\/04\/V__pro8_slant.png?fit=1075%2C467&ssl=1","jetpack_sharing_enabled":true,"_links":{"self":[{"href":"https:\/\/news.avantools.pt\/index.php?rest_route=\/wp\/v2\/posts\/4039","targetHints":{"allow":["GET"]}}],"collection":[{"href":"https:\/\/news.avantools.pt\/index.php?rest_route=\/wp\/v2\/posts"}],"about":[{"href":"https:\/\/news.avantools.pt\/index.php?rest_route=\/wp\/v2\/types\/post"}],"author":[{"embeddable":true,"href":"https:\/\/news.avantools.pt\/index.php?rest_route=\/wp\/v2\/users\/2"}],"replies":[{"embeddable":true,"href":"https:\/\/news.avantools.pt\/index.php?rest_route=%2Fwp%2Fv2%2Fcomments&post=4039"}],"version-history":[{"count":24,"href":"https:\/\/news.avantools.pt\/index.php?rest_route=\/wp\/v2\/posts\/4039\/revisions"}],"predecessor-version":[{"id":8179,"href":"https:\/\/news.avantools.pt\/index.php?rest_route=\/wp\/v2\/posts\/4039\/revisions\/8179"}],"wp:featuredmedia":[{"embeddable":true,"href":"https:\/\/news.avantools.pt\/index.php?rest_route=\/wp\/v2\/media\/4046"}],"wp:attachment":[{"href":"https:\/\/news.avantools.pt\/index.php?rest_route=%2Fwp%2Fv2%2Fmedia&parent=4039"}],"wp:term":[{"taxonomy":"category","embeddable":true,"href":"https:\/\/news.avantools.pt\/index.php?rest_route=%2Fwp%2Fv2%2Fcategories&post=4039"},{"taxonomy":"post_tag","embeddable":true,"href":"https:\/\/news.avantools.pt\/index.php?rest_route=%2Fwp%2Fv2%2Ftags&post=4039"}],"curies":[{"name":"wp","href":"https:\/\/api.w.org\/{rel}","templated":true}]}}