{"id":4175,"date":"2021-05-28T21:50:10","date_gmt":"2021-05-28T20:50:10","guid":{"rendered":"http:\/\/news.avantools.pt\/?p=4175"},"modified":"2022-12-09T14:46:06","modified_gmt":"2022-12-09T14:46:06","slug":"mesas-lawo-asseguram-qualidade-do-som-do-festival-eurovisao-2021","status":"publish","type":"post","link":"https:\/\/news.avantools.pt\/?p=4175","title":{"rendered":"Mesas LAWO asseguram qualidade do som do FESTIVAL EUROVIS\u00c3O 2021"},"content":{"rendered":"\n<p class=\"has-drop-cap\">O vencedor do Festival Eurovis\u00e3o 2021 foi, como \u00e9 sabido, a banda italiana M\u00e5neskin. Mas h\u00e1 um nome que venceu antes de todas as can\u00e7\u00f5es terem sido apresentadas: a <strong>LAWO<\/strong>. Com as suas mesas <em>mc\u00b256<\/em> a constituirem o eixo da qualidade do som do Festival, a <strong>LAWO<\/strong> ganhou em todas as frentes, assegurando que todas as can\u00e7\u00f5es que disputavam o galard\u00e3o m\u00e1ximo chegavam aos ouvidos dos milh\u00f5es de espectadores que assistem ao evento com a m\u00e1xima qualidade sonora que a tecnologia <strong>LAWO<\/strong> oferece.<\/p>\n\n\n\n<figure class=\"wp-block-image size-large\"><img data-recalc-dims=\"1\" loading=\"lazy\" decoding=\"async\" width=\"525\" height=\"350\" src=\"https:\/\/i0.wp.com\/news.avantools.pt\/wp-content\/uploads\/2021\/05\/thumbnail_NATHANREINDS-NEP-UNITED-TVCompound-HR-3.jpg?resize=525%2C350&#038;ssl=1\" alt=\"\" class=\"wp-image-4180\" srcset=\"https:\/\/i0.wp.com\/news.avantools.pt\/wp-content\/uploads\/2021\/05\/thumbnail_NATHANREINDS-NEP-UNITED-TVCompound-HR-3.jpg?resize=1024%2C682&amp;ssl=1 1024w, https:\/\/i0.wp.com\/news.avantools.pt\/wp-content\/uploads\/2021\/05\/thumbnail_NATHANREINDS-NEP-UNITED-TVCompound-HR-3.jpg?resize=300%2C200&amp;ssl=1 300w, https:\/\/i0.wp.com\/news.avantools.pt\/wp-content\/uploads\/2021\/05\/thumbnail_NATHANREINDS-NEP-UNITED-TVCompound-HR-3.jpg?resize=768%2C512&amp;ssl=1 768w, https:\/\/i0.wp.com\/news.avantools.pt\/wp-content\/uploads\/2021\/05\/thumbnail_NATHANREINDS-NEP-UNITED-TVCompound-HR-3.jpg?w=1280&amp;ssl=1 1280w\" sizes=\"auto, (max-width: 767px) 89vw, (max-width: 1000px) 54vw, (max-width: 1071px) 543px, 580px\" \/><\/figure>\n\n\n\n<p>O Festival da Eurovis\u00e3o 2021 foi a 65\u00aa edi\u00e7\u00e3o deste popular certame. O concurso foi realizado em Roterd\u00e3o, na Holanda. O trof\u00e9u foi arrecadado, como \u00e9 sabido, pela banda italiana M\u00e5neskin. As emissoras holandesas NPO, NOS, AVROTROS, bem como as empresas de OB com sede na Holanda, NEP e United (EMG), juntaram for\u00e7as para cobrir o evento.<\/p>\n\n\n\n<p>O Festival da Eurovis\u00e3o chega a todo o mundo e alcan\u00e7a os ouvidos de um vast\u00edssimo n\u00famero de espectadores.  Para garantir a qualidade superior de som que chega a estes milh\u00f5es e milh\u00f5es de espectadores, e a fiabilidade da opera\u00e7\u00e3o, a NEP equipou os seus carros de exteriores UHD1 e UHD2 com mesas <a rel=\"noreferrer noopener\" href=\"https:\/\/lawo.com\/mc%c2%b256-audio-production-console\/\" target=\"_blank\">mc\u00b256<\/a> de 64 vias, a chave para garantir esta qualidade de som. Foram tamb\u00e9m utilizadas unidades de roteamento <a rel=\"noreferrer noopener\" href=\"https:\/\/lawo.com\/nova73-hd\/\" target=\"_blank\">Nova<\/a> e o sistema de controlo de transmiss\u00e3o <a rel=\"noreferrer noopener\" href=\"https:\/\/lawo.com\/vsm\/\" target=\"_blank\">VSM<\/a> da <strong>LAWO<\/strong>. Com este equipamento garantiu-se uma opera\u00e7\u00e3o intuitiva e suave da cadeia de transmiss\u00e3o e a m\u00e1xima qualidade. Os dois carros de exteriores s\u00e3o desenhados de modo a assegurar uma fun\u00e7\u00e3o <em>principal<\/em>  e de <em>backup<\/em> para comuta\u00e7\u00e3o imediata em caso de avaria.<\/p>\n\n\n\n<figure class=\"wp-block-image size-large\"><img data-recalc-dims=\"1\" loading=\"lazy\" decoding=\"async\" width=\"525\" height=\"350\" src=\"https:\/\/i0.wp.com\/news.avantools.pt\/wp-content\/uploads\/2021\/05\/thumbnail_NATHANREINDS-NEP-UNITED-TVCompound-HR-48.jpg?resize=525%2C350&#038;ssl=1\" alt=\"\" class=\"wp-image-4182\" srcset=\"https:\/\/i0.wp.com\/news.avantools.pt\/wp-content\/uploads\/2021\/05\/thumbnail_NATHANREINDS-NEP-UNITED-TVCompound-HR-48.jpg?resize=1024%2C682&amp;ssl=1 1024w, https:\/\/i0.wp.com\/news.avantools.pt\/wp-content\/uploads\/2021\/05\/thumbnail_NATHANREINDS-NEP-UNITED-TVCompound-HR-48.jpg?resize=300%2C200&amp;ssl=1 300w, https:\/\/i0.wp.com\/news.avantools.pt\/wp-content\/uploads\/2021\/05\/thumbnail_NATHANREINDS-NEP-UNITED-TVCompound-HR-48.jpg?resize=768%2C512&amp;ssl=1 768w, https:\/\/i0.wp.com\/news.avantools.pt\/wp-content\/uploads\/2021\/05\/thumbnail_NATHANREINDS-NEP-UNITED-TVCompound-HR-48.jpg?w=1280&amp;ssl=1 1280w\" sizes=\"auto, (max-width: 767px) 89vw, (max-width: 1000px) 54vw, (max-width: 1071px) 543px, 580px\" \/><\/figure>\n\n\n\n<p>Duas mesas adicionais mc\u00b256 de 48 vias, junto com o equipamento de monitoriza\u00e7\u00e3o e equipamento externo fornecidos pela LAWO Rental, estavam instalados numa sala de m\u00fasica separada, onde o produtor musical Tijmen Zinkhaan misturava as actua\u00e7\u00f5es das delega\u00e7\u00f5es e o intervalo. Enquanto todas as liga\u00e7\u00f5es de transmiss\u00e3o de \u00e1udio eram transmitidas via RAVENNA \/ AES67, os sinais de \u00e1udio para o PA no local eram proporcionados por placas Dante dentro das unidades de roteamento Nova.<\/p>\n\n\n\n<div class=\"wp-block-image\"><figure class=\"alignright size-large is-resized\"><img data-recalc-dims=\"1\" loading=\"lazy\" decoding=\"async\" src=\"https:\/\/i0.wp.com\/news.avantools.pt\/wp-content\/uploads\/2021\/05\/Eurovision-2021-Ganadores-EBU-Thomas-Hanses.jpg?resize=363%2C190&#038;ssl=1\" alt=\"\" class=\"wp-image-4187\" width=\"363\" height=\"190\" srcset=\"https:\/\/i0.wp.com\/news.avantools.pt\/wp-content\/uploads\/2021\/05\/Eurovision-2021-Ganadores-EBU-Thomas-Hanses.jpg?resize=1024%2C539&amp;ssl=1 1024w, https:\/\/i0.wp.com\/news.avantools.pt\/wp-content\/uploads\/2021\/05\/Eurovision-2021-Ganadores-EBU-Thomas-Hanses.jpg?resize=300%2C158&amp;ssl=1 300w, https:\/\/i0.wp.com\/news.avantools.pt\/wp-content\/uploads\/2021\/05\/Eurovision-2021-Ganadores-EBU-Thomas-Hanses.jpg?resize=768%2C404&amp;ssl=1 768w, https:\/\/i0.wp.com\/news.avantools.pt\/wp-content\/uploads\/2021\/05\/Eurovision-2021-Ganadores-EBU-Thomas-Hanses.jpg?w=1254&amp;ssl=1 1254w\" sizes=\"auto, (max-width: 363px) 100vw, 363px\" \/><\/figure><\/div>\n\n\n\n<p>A sele\u00e7\u00e3o do equipamento <strong>LAWO<\/strong> n\u00e3o foi obra do acaso. Tratou-se de uma escolha deliberada do respons\u00e1vel pelo sector de \u00e1udio do ESC 2021, Thijs Peters: \u201cNunca houve d\u00favidas de que as mesas <strong>LAWO<\/strong> constituem a combina\u00e7\u00e3o perfeita para esta tarefa de prest\u00edgio. Para al\u00e9m da qualidade do som, as suas capacidades de roteamento s\u00e3o infinitas. Esta configura\u00e7\u00e3o garante uma integra\u00e7\u00e3o perfeita e pode ser conveniente e intuitivamente controlada por meio do sistema de opera\u00e7\u00e3o de transmiss\u00e3o VSM de <strong>LAWO<\/strong>.\u201d<\/p>\n\n\n\n<p>Este elenco de estrelas tornou mais f\u00e1cil o trabalho do engenheiro de mistura da emiss\u00e3o Andre Swart, o engenheiro FX Marcel Korfage e o produtor musical Tijmen Zinkhaan. Foi este o equipamento que permitiu estabelecer o padr\u00e3o de qualidade da base \u00e1udio, que deu acesso a que todos os finalistas brilhassem na grande final.<\/p>\n\n\n\n<div class=\"wp-block-image\"><figure class=\"alignleft size-large is-resized\"><img data-recalc-dims=\"1\" loading=\"lazy\" decoding=\"async\" src=\"https:\/\/i0.wp.com\/news.avantools.pt\/wp-content\/uploads\/2021\/05\/thumbnail_NATHANREINDS-NEP-UNITED-2-HR-1.jpg?resize=326%2C217&#038;ssl=1\" alt=\"\" class=\"wp-image-4185\" width=\"326\" height=\"217\" srcset=\"https:\/\/i0.wp.com\/news.avantools.pt\/wp-content\/uploads\/2021\/05\/thumbnail_NATHANREINDS-NEP-UNITED-2-HR-1.jpg?resize=1024%2C682&amp;ssl=1 1024w, https:\/\/i0.wp.com\/news.avantools.pt\/wp-content\/uploads\/2021\/05\/thumbnail_NATHANREINDS-NEP-UNITED-2-HR-1.jpg?resize=300%2C200&amp;ssl=1 300w, https:\/\/i0.wp.com\/news.avantools.pt\/wp-content\/uploads\/2021\/05\/thumbnail_NATHANREINDS-NEP-UNITED-2-HR-1.jpg?resize=768%2C512&amp;ssl=1 768w, https:\/\/i0.wp.com\/news.avantools.pt\/wp-content\/uploads\/2021\/05\/thumbnail_NATHANREINDS-NEP-UNITED-2-HR-1.jpg?w=1280&amp;ssl=1 1280w\" sizes=\"auto, (max-width: 326px) 100vw, 326px\" \/><\/figure><\/div>\n\n\n\n<p>Uma opera\u00e7\u00e3o complexa, como pode testemunhar <a rel=\"noreferrer noopener\" href=\"https:\/\/www.panoramaaudiovisual.com\/de\/2021\/05\/25\/5-key-pillars-made-production-eurovision-2021\/\" target=\"_blank\">aqui<\/a>. Saiba como trat\u00e1mos o ESC de Viena (\u00c1ustria) <a rel=\"noreferrer noopener\" href=\"https:\/\/news.avantools.pt\/?p=199\" target=\"_blank\">em 2015<\/a> e o de Lisboa <a rel=\"noreferrer noopener\" href=\"http:\/\/avantools.pt\/riedel-esc2018.html\" target=\"_blank\">em 2018<\/a>. Em 2018 fal\u00e1mos-lhe, sobretudo, de um outro dos pilares que asseguram esta grande opera\u00e7\u00e3o t\u00e9cnica que \u00e9 o ESC, a nossa representada <strong>RIEDEL<\/strong>, presente mais uma vez este ano. Saiba mais sobre as mesas <strong>LAWO<\/strong> modelo <em>mc\u00b256<\/em>. Venha saber mais ainda sobre a <strong>LAWO<\/strong>, <a rel=\"noreferrer noopener\" href=\"http:\/\/avantools.pt\/contacts.html\" target=\"_blank\">marque uma conversa<\/a> connosco para saber como o poderemos servir.<\/p>\n\n\n\n<div class=\"wp-block-image\"><figure class=\"aligncenter size-large is-resized\"><img data-recalc-dims=\"1\" loading=\"lazy\" decoding=\"async\" src=\"https:\/\/i0.wp.com\/news.avantools.pt\/wp-content\/uploads\/2019\/09\/Lawo_Logo.gif?resize=245%2C245&#038;ssl=1\" alt=\"\" class=\"wp-image-2447\" width=\"245\" height=\"245\"\/><\/figure><\/div>\n\n\n\n<hr class=\"wp-block-separator is-style-wide\"\/>\n","protected":false},"excerpt":{"rendered":"<p>O vencedor do Festival Eurovis\u00e3o 2021 foi, como \u00e9 sabido, a banda italiana M\u00e5neskin. Mas h\u00e1 um nome que venceu antes de todas as can\u00e7\u00f5es terem sido apresentadas: a LAWO. Com as suas mesas mc\u00b256 a constituirem o eixo da qualidade do som do Festival, a LAWO ganhou em todas as frentes, assegurando que todas &hellip; <\/p>\n<p class=\"link-more\"><a href=\"https:\/\/news.avantools.pt\/?p=4175\" class=\"more-link\">Continuar a ler <span class=\"screen-reader-text\">&#8220;Mesas LAWO asseguram qualidade do som do FESTIVAL EUROVIS\u00c3O 2021&#8221;<\/span><\/a><\/p>\n","protected":false},"author":2,"featured_media":4180,"comment_status":"closed","ping_status":"open","sticky":false,"template":"","format":"standard","meta":{"_jetpack_memberships_contains_paid_content":false,"footnotes":"","_links_to":"","_links_to_target":""},"categories":[92,464,483,266],"tags":[2,82,151,392],"class_list":["post-4175","post","type-post","status-publish","format-standard","has-post-thumbnail","hentry","category-broadcast","category-pos-prod","category-producao","category-televisao","tag-lawo","tag-mc56","tag-nova73","tag-vsm-broadcast-control-and-monitoring-system"],"jetpack_featured_media_url":"https:\/\/i0.wp.com\/news.avantools.pt\/wp-content\/uploads\/2021\/05\/thumbnail_NATHANREINDS-NEP-UNITED-TVCompound-HR-3.jpg?fit=1280%2C853&ssl=1","jetpack_sharing_enabled":true,"_links":{"self":[{"href":"https:\/\/news.avantools.pt\/index.php?rest_route=\/wp\/v2\/posts\/4175","targetHints":{"allow":["GET"]}}],"collection":[{"href":"https:\/\/news.avantools.pt\/index.php?rest_route=\/wp\/v2\/posts"}],"about":[{"href":"https:\/\/news.avantools.pt\/index.php?rest_route=\/wp\/v2\/types\/post"}],"author":[{"embeddable":true,"href":"https:\/\/news.avantools.pt\/index.php?rest_route=\/wp\/v2\/users\/2"}],"replies":[{"embeddable":true,"href":"https:\/\/news.avantools.pt\/index.php?rest_route=%2Fwp%2Fv2%2Fcomments&post=4175"}],"version-history":[{"count":25,"href":"https:\/\/news.avantools.pt\/index.php?rest_route=\/wp\/v2\/posts\/4175\/revisions"}],"predecessor-version":[{"id":7282,"href":"https:\/\/news.avantools.pt\/index.php?rest_route=\/wp\/v2\/posts\/4175\/revisions\/7282"}],"wp:featuredmedia":[{"embeddable":true,"href":"https:\/\/news.avantools.pt\/index.php?rest_route=\/wp\/v2\/media\/4180"}],"wp:attachment":[{"href":"https:\/\/news.avantools.pt\/index.php?rest_route=%2Fwp%2Fv2%2Fmedia&parent=4175"}],"wp:term":[{"taxonomy":"category","embeddable":true,"href":"https:\/\/news.avantools.pt\/index.php?rest_route=%2Fwp%2Fv2%2Fcategories&post=4175"},{"taxonomy":"post_tag","embeddable":true,"href":"https:\/\/news.avantools.pt\/index.php?rest_route=%2Fwp%2Fv2%2Ftags&post=4175"}],"curies":[{"name":"wp","href":"https:\/\/api.w.org\/{rel}","templated":true}]}}