{"id":4211,"date":"2021-06-06T01:39:27","date_gmt":"2021-06-06T00:39:27","guid":{"rendered":"http:\/\/news.avantools.pt\/?p=4211"},"modified":"2021-06-06T10:28:24","modified_gmt":"2021-06-06T09:28:24","slug":"riedel-uma-solucao-tecnica-forte-um-parceiro-solido","status":"publish","type":"post","link":"https:\/\/news.avantools.pt\/?p=4211","title":{"rendered":"RIEDEL: uma solu\u00e7\u00e3o t\u00e9cnica forte, um parceiro s\u00f3lido"},"content":{"rendered":"\n<p class=\"has-drop-cap\">O Th\u00e9\u00e2tre du Ch\u00e2telet de Paris \u00e9, porventura, um dos marcos mais significativos da vida cultural da capital francesa. \u00d3pera, m\u00fasica cl\u00e1ssica e, mais recentemente, teatro musical, preenchem a programa\u00e7\u00e3o da ic\u00f3nica sala, inaugurada em 1862. Um local que acolhe mais de 250 000 espectadores por ano, que assistem \u00e0 sua exigente programa\u00e7\u00e3o. N\u00fameros t\u00e3o impressionantes obrigam \u00e0 adop\u00e7\u00e3o de solu\u00e7\u00f5es t\u00e9cnicas para o seu funcionamento que garantam 100% de fiabilidade. Recentemente, o Teatro du Chatel\u00eat adoptou um conjunto completo das galardoadas solu\u00e7\u00f5es de distribui\u00e7\u00e3o de sinal de v\u00eddeo e de intercomunica\u00e7\u00e3o da <strong>RIEDEL<\/strong>. \u00c0 altura dos pergaminhos e das apertadas exig\u00eancias da sala. <\/p>\n\n\n\n<figure class=\"wp-block-image size-large\"><img data-recalc-dims=\"1\" loading=\"lazy\" decoding=\"async\" width=\"525\" height=\"350\" src=\"https:\/\/i0.wp.com\/news.avantools.pt\/wp-content\/uploads\/2021\/06\/csm_Riedel-Artist-SmartPanel-Bolero-MediorNet-Theatre_du_Chatelet-Thomas_Amouroux_805e37223e.jpg?resize=525%2C350&#038;ssl=1\" alt=\"\" class=\"wp-image-4216\" srcset=\"https:\/\/i0.wp.com\/news.avantools.pt\/wp-content\/uploads\/2021\/06\/csm_Riedel-Artist-SmartPanel-Bolero-MediorNet-Theatre_du_Chatelet-Thomas_Amouroux_805e37223e.jpg?resize=1024%2C683&amp;ssl=1 1024w, https:\/\/i0.wp.com\/news.avantools.pt\/wp-content\/uploads\/2021\/06\/csm_Riedel-Artist-SmartPanel-Bolero-MediorNet-Theatre_du_Chatelet-Thomas_Amouroux_805e37223e.jpg?resize=300%2C200&amp;ssl=1 300w, https:\/\/i0.wp.com\/news.avantools.pt\/wp-content\/uploads\/2021\/06\/csm_Riedel-Artist-SmartPanel-Bolero-MediorNet-Theatre_du_Chatelet-Thomas_Amouroux_805e37223e.jpg?resize=768%2C512&amp;ssl=1 768w, https:\/\/i0.wp.com\/news.avantools.pt\/wp-content\/uploads\/2021\/06\/csm_Riedel-Artist-SmartPanel-Bolero-MediorNet-Theatre_du_Chatelet-Thomas_Amouroux_805e37223e.jpg?resize=1536%2C1024&amp;ssl=1 1536w, https:\/\/i0.wp.com\/news.avantools.pt\/wp-content\/uploads\/2021\/06\/csm_Riedel-Artist-SmartPanel-Bolero-MediorNet-Theatre_du_Chatelet-Thomas_Amouroux_805e37223e.jpg?w=1920&amp;ssl=1 1920w\" sizes=\"auto, (max-width: 767px) 89vw, (max-width: 1000px) 54vw, (max-width: 1071px) 543px, 580px\" \/><\/figure>\n\n\n\n<p>O<a rel=\"noreferrer noopener\" href=\"https:\/\/www.chatelet.com\/en\/home\/\" target=\"_blank\"> Th\u00e9\u00e2tre du Ch\u00e2telet<\/a> \u00e9 uma refer\u00eancia absoluta da vida cultural de Paris. Inaugurado em 1862, foi objecto de uma profunda renova\u00e7\u00e3o, no que respeita \u00e0s suas condi\u00e7\u00f5es de funcionamento, em particular, da sua ac\u00fastica e equipamento. As altera\u00e7\u00f5es operadas neste l<a href=\"https:\/\/en.wikipedia.org\/wiki\/Th%C3%A9%C3%A2tre_du_Ch%C3%A2telet\" target=\"_blank\" rel=\"noreferrer noopener\">ugar hist\u00f3rico<\/a> visaram proporcionar aos 2038 espectadores que a sala acolhe as melhores condi\u00e7\u00f5es para que possa desfrutar condignamente das centenas de produ\u00e7\u00f5es que a sala programa. A renova\u00e7\u00e3o obedeceu a crit\u00e9rios apertados que garantam o funcionamento exigente da casa, com vista ao futuro e foi objecto de uma consulta exigente.<\/p>\n\n\n\n<div class=\"wp-block-image\"><figure class=\"alignleft size-large is-resized\"><img data-recalc-dims=\"1\" loading=\"lazy\" decoding=\"async\" src=\"https:\/\/i0.wp.com\/news.avantools.pt\/wp-content\/uploads\/2019\/11\/Artist-1024-p.png?resize=372%2C209&#038;ssl=1\" alt=\"\" class=\"wp-image-2723\" width=\"372\" height=\"209\" srcset=\"https:\/\/i0.wp.com\/news.avantools.pt\/wp-content\/uploads\/2019\/11\/Artist-1024-p.png?resize=1024%2C575&amp;ssl=1 1024w, https:\/\/i0.wp.com\/news.avantools.pt\/wp-content\/uploads\/2019\/11\/Artist-1024-p.png?resize=300%2C168&amp;ssl=1 300w, https:\/\/i0.wp.com\/news.avantools.pt\/wp-content\/uploads\/2019\/11\/Artist-1024-p.png?resize=768%2C431&amp;ssl=1 768w, https:\/\/i0.wp.com\/news.avantools.pt\/wp-content\/uploads\/2019\/11\/Artist-1024-p.png?w=1140&amp;ssl=1 1140w\" sizes=\"auto, (max-width: 372px) 100vw, 372px\" \/><\/figure><\/div>\n\n\n\n<p>Sem surpresa, para a distribui\u00e7\u00e3o do sinal v\u00eddeo e para o sistema de intercomunica\u00e7\u00e3o a escolha recaiu sobre a <strong>RIEDEL<\/strong>. n\u00e3o apenas porque suas solu\u00e7\u00f5es tiveram o melhor desempenho nos testes efectuados, mas tamb\u00e9m porque a gest\u00e3o do Teatro procurava um parceiro s\u00f3lido. Depois de visitar a sede na Alemanha e ter um di\u00e1logo muito aberto e construtivo com o seu pessoal criativo, a equipa do Ch\u00e2telet ficou com a certeza que de que uma parceria com a <strong>RIEDEL<\/strong> era a solu\u00e7\u00e3o que procuravam.<\/p>\n\n\n\n<div class=\"wp-block-image\"><figure class=\"alignright size-large is-resized\"><img data-recalc-dims=\"1\" loading=\"lazy\" decoding=\"async\" src=\"https:\/\/i0.wp.com\/news.avantools.pt\/wp-content\/uploads\/2020\/11\/Bolero.jpg?resize=386%2C285&#038;ssl=1\" alt=\"\" class=\"wp-image-3616\" width=\"386\" height=\"285\" srcset=\"https:\/\/i0.wp.com\/news.avantools.pt\/wp-content\/uploads\/2020\/11\/Bolero.jpg?w=910&amp;ssl=1 910w, https:\/\/i0.wp.com\/news.avantools.pt\/wp-content\/uploads\/2020\/11\/Bolero.jpg?resize=300%2C222&amp;ssl=1 300w, https:\/\/i0.wp.com\/news.avantools.pt\/wp-content\/uploads\/2020\/11\/Bolero.jpg?resize=768%2C567&amp;ssl=1 768w\" sizes=\"auto, (max-width: 386px) 100vw, 386px\" \/><\/figure><\/div>\n\n\n\n<p>A nova instala\u00e7\u00e3o da <strong>RIEDEL<\/strong> no Th\u00e9\u00e2tre du Ch\u00e2telet est\u00e1 baseada numa central de intercomunica\u00e7\u00e3o  Artist-128, que permite liga\u00e7\u00f5es perfeitas AES67 e Dante sobre a rede IP do teatro, para o sistema de intercomunica\u00e7\u00e3o sem fio Bolero, com solu\u00e7\u00f5es de linha digital Performer adicionais. A s\u00e9rie SmartPanel 1200 de interfaces inteligentes, desempenha um papel importante na instala\u00e7\u00e3o; na verdade, o Th\u00e9\u00e2tre du Ch\u00e2telet representa a primeira instala\u00e7\u00e3o em teatro do mundo do novo SmartPanel RSP-1216HL, oferecendo funcionalidade SmartPanel completa e facilidade de uso num formato compacto de 1RU. O teatro gere o seu sistema de intercomunica\u00e7\u00e3o usando 15 pain\u00e9is RSP-1216HL e cinco pain\u00e9is RSP-1232HL. O sistema de intercomunica\u00e7\u00e3o sem fios Bolero, baseado no DECT, fornece a solu\u00e7\u00e3o de comunica\u00e7\u00e3o para a equipa, ideal para uma instala\u00e7\u00e3o hist\u00f3rica como o Th\u00e9\u00e2tre du Ch\u00e2telet, em que o sistema UHF tradicional j\u00e1 n\u00e3o funciona satisfatoriamente. Al\u00e9m disso, o Th\u00e9\u00e2tre du Ch\u00e2telet instalou tr\u00eas dispositivos de rede de distribui\u00e7\u00e3o de m\u00eddia de alta densidade MediorNet MicroN, que podem ser usados \u200b\u200bem configura\u00e7\u00f5es ilimitadas para suportar o processamento cont\u00ednuo de sinal de v\u00eddeo e transporte por fibra. Atualmente, o teatro usa os dispositivos MicroN para permitir a distribui\u00e7\u00e3o e a monitoriza\u00e7\u00e3o de produ\u00e7\u00f5es de v\u00eddeo internas.<\/p>\n\n\n\n<p>Saiba mais sobre a <strong>RIEDEL<\/strong> e sobre esta instala\u00e7\u00e3o <a rel=\"noreferrer noopener\" href=\"https:\/\/www.riedel.net\/news\/news-detail\/riedel-provides-future-proof-comms-and-networking-solution-for-theatre-du-chatelet-famed-parisian-p\/\" target=\"_blank\">aqui<\/a>. <a rel=\"noreferrer noopener\" href=\"http:\/\/avantools.pt\/contacts.html\" target=\"_blank\">Consulte-nos<\/a> para mais informa\u00e7\u00f5es e outras solu\u00e7\u00f5es <strong>RIEDEL<\/strong>.<\/p>\n\n\n\n<div class=\"wp-block-image\"><figure class=\"aligncenter size-large is-resized\"><img data-recalc-dims=\"1\" loading=\"lazy\" decoding=\"async\" src=\"https:\/\/i0.wp.com\/news.avantools.pt\/wp-content\/uploads\/2018\/11\/Riedel_Logo.png?resize=525%2C154&#038;ssl=1\" alt=\"\" class=\"wp-image-1634\" width=\"525\" height=\"154\" srcset=\"https:\/\/i0.wp.com\/news.avantools.pt\/wp-content\/uploads\/2018\/11\/Riedel_Logo.png?resize=1024%2C302&amp;ssl=1 1024w, https:\/\/i0.wp.com\/news.avantools.pt\/wp-content\/uploads\/2018\/11\/Riedel_Logo.png?resize=300%2C88&amp;ssl=1 300w, https:\/\/i0.wp.com\/news.avantools.pt\/wp-content\/uploads\/2018\/11\/Riedel_Logo.png?resize=768%2C226&amp;ssl=1 768w, https:\/\/i0.wp.com\/news.avantools.pt\/wp-content\/uploads\/2018\/11\/Riedel_Logo.png?w=1280&amp;ssl=1 1280w\" sizes=\"auto, (max-width: 525px) 100vw, 525px\" \/><\/figure><\/div>\n\n\n\n<hr class=\"wp-block-separator is-style-wide\"\/>\n","protected":false},"excerpt":{"rendered":"<p>O Th\u00e9\u00e2tre du Ch\u00e2telet de Paris \u00e9, porventura, um dos marcos mais significativos da vida cultural da capital francesa. \u00d3pera, m\u00fasica cl\u00e1ssica e, mais recentemente, teatro musical, preenchem a programa\u00e7\u00e3o da ic\u00f3nica sala, inaugurada em 1862. Um local que acolhe mais de 250 000 espectadores por ano, que assistem \u00e0 sua exigente programa\u00e7\u00e3o. N\u00fameros t\u00e3o &hellip; <\/p>\n<p class=\"link-more\"><a href=\"https:\/\/news.avantools.pt\/?p=4211\" class=\"more-link\">Continuar a ler <span class=\"screen-reader-text\">&#8220;RIEDEL: uma solu\u00e7\u00e3o t\u00e9cnica forte, um parceiro s\u00f3lido&#8221;<\/span><\/a><\/p>\n","protected":false},"author":2,"featured_media":4216,"comment_status":"closed","ping_status":"open","sticky":false,"template":"","format":"standard","meta":{"_jetpack_memberships_contains_paid_content":false,"footnotes":"","_links_to":"","_links_to_target":""},"categories":[92,444,95,538],"tags":[49,111,125,9],"class_list":["post-4211","post","type-post","status-publish","format-standard","has-post-thumbnail","hentry","category-broadcast","category-intercomunicacao","category-live","category-venues","tag-artist","tag-bolero","tag-mediornet-micron","tag-riedel"],"jetpack_featured_media_url":"https:\/\/i0.wp.com\/news.avantools.pt\/wp-content\/uploads\/2021\/06\/csm_Riedel-Artist-SmartPanel-Bolero-MediorNet-Theatre_du_Chatelet-Thomas_Amouroux_805e37223e.jpg?fit=1920%2C1280&ssl=1","jetpack_sharing_enabled":true,"_links":{"self":[{"href":"https:\/\/news.avantools.pt\/index.php?rest_route=\/wp\/v2\/posts\/4211","targetHints":{"allow":["GET"]}}],"collection":[{"href":"https:\/\/news.avantools.pt\/index.php?rest_route=\/wp\/v2\/posts"}],"about":[{"href":"https:\/\/news.avantools.pt\/index.php?rest_route=\/wp\/v2\/types\/post"}],"author":[{"embeddable":true,"href":"https:\/\/news.avantools.pt\/index.php?rest_route=\/wp\/v2\/users\/2"}],"replies":[{"embeddable":true,"href":"https:\/\/news.avantools.pt\/index.php?rest_route=%2Fwp%2Fv2%2Fcomments&post=4211"}],"version-history":[{"count":14,"href":"https:\/\/news.avantools.pt\/index.php?rest_route=\/wp\/v2\/posts\/4211\/revisions"}],"predecessor-version":[{"id":4233,"href":"https:\/\/news.avantools.pt\/index.php?rest_route=\/wp\/v2\/posts\/4211\/revisions\/4233"}],"wp:featuredmedia":[{"embeddable":true,"href":"https:\/\/news.avantools.pt\/index.php?rest_route=\/wp\/v2\/media\/4216"}],"wp:attachment":[{"href":"https:\/\/news.avantools.pt\/index.php?rest_route=%2Fwp%2Fv2%2Fmedia&parent=4211"}],"wp:term":[{"taxonomy":"category","embeddable":true,"href":"https:\/\/news.avantools.pt\/index.php?rest_route=%2Fwp%2Fv2%2Fcategories&post=4211"},{"taxonomy":"post_tag","embeddable":true,"href":"https:\/\/news.avantools.pt\/index.php?rest_route=%2Fwp%2Fv2%2Ftags&post=4211"}],"curies":[{"name":"wp","href":"https:\/\/api.w.org\/{rel}","templated":true}]}}