{"id":4395,"date":"2021-07-31T16:38:49","date_gmt":"2021-07-31T15:38:49","guid":{"rendered":"http:\/\/news.avantools.pt\/?p=4395"},"modified":"2021-08-01T00:05:08","modified_gmt":"2021-07-31T23:05:08","slug":"o-nascimento-de-uma-nacao","status":"publish","type":"post","link":"https:\/\/news.avantools.pt\/?p=4395","title":{"rendered":"O nascimento de uma na\u00e7\u00e3o"},"content":{"rendered":"\n<p class=\"has-drop-cap\">A data de 14 de Julho marca o nascimento da na\u00e7\u00e3o francesa moderna. O facto \u00e9 assinalado anualmente com iniciativas que decorrem por todo o pa\u00eds. Uma das mais emblem\u00e1ticas e espectaculares \u00e9 o grande concerto, <em>Le Grand Concert<\/em>, que decorre, no <em>Champ de Mars<\/em>,  junto \u00e0 n\u00e3o menos emblem\u00e1tica Torre Eiffel. J\u00e1 diversas vezes fal\u00e1mos aqui no <em><strong>Feedforward<\/strong><\/em> destes concertos e da import\u00e2ncia que t\u00eam, na sua produ\u00e7\u00e3o e transmiss\u00e3o, as mesas de mistura e outros equipamentos neles usados, fornecido pela <strong>LAWO<\/strong>. Fique a saber tudo sobre a edi\u00e7\u00e3o de 2021 e sobre os seus bastidores t\u00e9cnicos. <\/p>\n\n\n\n<figure class=\"wp-block-image size-large\"><img data-recalc-dims=\"1\" loading=\"lazy\" decoding=\"async\" width=\"525\" height=\"700\" src=\"https:\/\/i0.wp.com\/news.avantools.pt\/wp-content\/uploads\/2021\/07\/Bastille_Day_2021_mc2_56_FOH-scaled-1.jpg?resize=525%2C700&#038;ssl=1\" alt=\"\" class=\"wp-image-4399\" srcset=\"https:\/\/i0.wp.com\/news.avantools.pt\/wp-content\/uploads\/2021\/07\/Bastille_Day_2021_mc2_56_FOH-scaled-1.jpg?resize=768%2C1024&amp;ssl=1 768w, https:\/\/i0.wp.com\/news.avantools.pt\/wp-content\/uploads\/2021\/07\/Bastille_Day_2021_mc2_56_FOH-scaled-1.jpg?resize=225%2C300&amp;ssl=1 225w, https:\/\/i0.wp.com\/news.avantools.pt\/wp-content\/uploads\/2021\/07\/Bastille_Day_2021_mc2_56_FOH-scaled-1.jpg?w=810&amp;ssl=1 810w\" sizes=\"auto, (max-width: 767px) 89vw, (max-width: 1000px) 54vw, (max-width: 1071px) 543px, 580px\" \/><\/figure>\n\n\n\n<p>As mesas da <strong>LAWO<\/strong> s\u00e3o incontestavelmente apontadas como o equipamento de refer\u00eancia, quando falamos de <em>broadcast<\/em> ou <em>live<\/em>. \u00c9 este e outro equipamento que assegura, ano ap\u00f3s ano, a qualidade superior de evento especiais, como \u00e9 o caso deste concerto de comemora\u00e7\u00e3o do 14 de Julho, em Fran\u00e7a. O <em>Concerto de Paris<\/em> de 14 de Julho, tornou-se, na era pr\u00e9-pand\u00e9mica, um dos maiores eventos de m\u00fasica cl\u00e1ssica realizado em qualquer parte do mundo&gt; Assiste a ele, no local, cerca de meio milh\u00e3o de espectadores. Este ano, o concerto contou com  a Orquestra Nacional de Fran\u00e7a e o Coro de Radio France, a que se juntou um conjunto de solistas de renome internacional. O concerto foi seguido no local por 15 000 pessoas e foi retransmitido para uma audi\u00eancia recorde de 3,5 milh\u00f5es de telespectadores em Fran\u00e7a e de 10 milh\u00f5es na Europa. S\u00e3o n\u00fameros impressionantes.<\/p>\n\n\n\n<figure class=\"wp-block-image size-large\"><img data-recalc-dims=\"1\" loading=\"lazy\" decoding=\"async\" width=\"525\" height=\"394\" src=\"https:\/\/i0.wp.com\/news.avantools.pt\/wp-content\/uploads\/2021\/07\/Bastille_Day_2021_mc2_56_FOH_2-scaled-1.jpg?resize=525%2C394&#038;ssl=1\" alt=\"\" class=\"wp-image-4400\" srcset=\"https:\/\/i0.wp.com\/news.avantools.pt\/wp-content\/uploads\/2021\/07\/Bastille_Day_2021_mc2_56_FOH_2-scaled-1.jpg?resize=1024%2C768&amp;ssl=1 1024w, https:\/\/i0.wp.com\/news.avantools.pt\/wp-content\/uploads\/2021\/07\/Bastille_Day_2021_mc2_56_FOH_2-scaled-1.jpg?resize=300%2C225&amp;ssl=1 300w, https:\/\/i0.wp.com\/news.avantools.pt\/wp-content\/uploads\/2021\/07\/Bastille_Day_2021_mc2_56_FOH_2-scaled-1.jpg?resize=768%2C576&amp;ssl=1 768w, https:\/\/i0.wp.com\/news.avantools.pt\/wp-content\/uploads\/2021\/07\/Bastille_Day_2021_mc2_56_FOH_2-scaled-1.jpg?w=1440&amp;ssl=1 1440w\" sizes=\"auto, (max-width: 767px) 89vw, (max-width: 1000px) 54vw, (max-width: 1071px) 543px, 580px\" \/><\/figure>\n\n\n\n<p>\u00c9 particularmente significativo referir que, para satisfazer uma audi\u00eancia expressiva como esta, o equipamento usado para fazer chegar todo este conte\u00fado aos ouvidos dos ouvintes e espectadores que o presenciaram, foi fornecido pela <strong>LAWO<\/strong>. <\/p>\n\n\n\n<p>A mesa usado na FOH para a mistura da orquestra foi o modelo <strong>mc\u00b256<\/strong>, de 48 vias. No controlo dos monitores foi, por sua vez, usada uma outra mc\u00b256, tamb\u00e9m de 48 vias, com um extensor de 16 vias mc\u00b2, acrescentado para permitir o distanciamento social entre os dois operadores . O controlo de pr\u00e9-amplificadores separado, para a FOH e monitores e a separa\u00e7\u00e3o da mesa <strong>mc\u00b266<\/strong> usado para a mistura da transmiss\u00e3o no carro de exteriores da Radio France permitiu o uso das pr\u00f3prias caixas de palco e pr\u00e9-amplificadores de microfone <strong>DALLIS<\/strong> do sistema de forma integrada. Funcionando no contexto da rede de fibra \u00f3ptica <em>Optocore<\/em> instalada pela Radio France para o sistema de som ao vivo, para ligar as mesas de mistura e os sistemas  I\/O do  <em>Concert de Paris<\/em>, esta complexa opera\u00e7\u00e3o provou, mais uma vez, que a <strong>LAWO<\/strong> se supera no que diz respeito aos padr\u00f5es de qualidade do sinal \u00e1udio e a efici\u00eancia operacional.<\/p>\n\n\n\n<figure class=\"wp-block-image size-large\"><img data-recalc-dims=\"1\" loading=\"lazy\" decoding=\"async\" width=\"525\" height=\"394\" src=\"https:\/\/i0.wp.com\/news.avantools.pt\/wp-content\/uploads\/2021\/07\/Bastille_Day_2021_mc2_56_Monitoring-scaled-1.jpg?resize=525%2C394&#038;ssl=1\" alt=\"\" class=\"wp-image-4401\" srcset=\"https:\/\/i0.wp.com\/news.avantools.pt\/wp-content\/uploads\/2021\/07\/Bastille_Day_2021_mc2_56_Monitoring-scaled-1.jpg?resize=1024%2C768&amp;ssl=1 1024w, https:\/\/i0.wp.com\/news.avantools.pt\/wp-content\/uploads\/2021\/07\/Bastille_Day_2021_mc2_56_Monitoring-scaled-1.jpg?resize=300%2C225&amp;ssl=1 300w, https:\/\/i0.wp.com\/news.avantools.pt\/wp-content\/uploads\/2021\/07\/Bastille_Day_2021_mc2_56_Monitoring-scaled-1.jpg?resize=768%2C576&amp;ssl=1 768w, https:\/\/i0.wp.com\/news.avantools.pt\/wp-content\/uploads\/2021\/07\/Bastille_Day_2021_mc2_56_Monitoring-scaled-1.jpg?w=1440&amp;ssl=1 1440w\" sizes=\"auto, (max-width: 767px) 89vw, (max-width: 1000px) 54vw, (max-width: 1071px) 543px, 580px\" \/><\/figure>\n\n\n\n<p>Leia <a rel=\"noreferrer noopener\" href=\"https:\/\/news.avantools.pt\/?p=350\" target=\"_blank\">aqui<\/a> e <a rel=\"noreferrer noopener\" href=\"https:\/\/news.avantools.pt\/?p=1488\" target=\"_blank\">aqui<\/a> sobre a interven\u00e7\u00e3o da <strong>LAWO<\/strong> noutras edi\u00e7\u00f5es de <em>Le Grand Concert<\/em>. <strong><a rel=\"noreferrer noopener\" href=\"https:\/\/lawo.com\/bastille-day-2021-mixed-with-lawo-consoles\/\" target=\"_blank\">Saiba mais<\/a><\/strong> sobre a edi\u00e7\u00e3o de 2021, sobre as mesas <strong><a href=\"https:\/\/lawo.com\/bastille-day-2021-mixed-with-lawo-consoles\/\">mc\u00b256<\/a><\/strong> e sobre os <a rel=\"noreferrer noopener\" href=\"https:\/\/lawo.com\/compact-engine\/#audio-production\" target=\"_blank\">sistemas de controlo \u00e1udio<\/a> que foram usados. <a href=\"http:..avantools.pt\/contacts.html\" data-type=\"URL\" data-id=\"http:..avantools.pt\/contacts.html\">Venha falar <\/a><a rel=\"noreferrer noopener\" href=\"http:..avantools.pt\/contacts.html\" data-type=\"URL\" data-id=\"http:..avantools.pt\/contacts.html\" target=\"_blank\">connosco<\/a> para saber mais ainda sobre estas e todas as outras solu\u00e7\u00f5es <strong>LAWO<\/strong> que temos para lhe oferecer.<\/p>\n\n\n\n<div class=\"wp-block-image\"><figure class=\"aligncenter size-large is-resized\"><img data-recalc-dims=\"1\" loading=\"lazy\" decoding=\"async\" src=\"https:\/\/i0.wp.com\/news.avantools.pt\/wp-content\/uploads\/2019\/09\/Lawo_Logo.gif?resize=255%2C255&#038;ssl=1\" alt=\"\" class=\"wp-image-2447\" width=\"255\" height=\"255\"\/><\/figure><\/div>\n\n\n\n<hr class=\"wp-block-separator is-style-wide\"\/>\n","protected":false},"excerpt":{"rendered":"<p>A data de 14 de Julho marca o nascimento da na\u00e7\u00e3o francesa moderna. O facto \u00e9 assinalado anualmente com iniciativas que decorrem por todo o pa\u00eds. Uma das mais emblem\u00e1ticas e espectaculares \u00e9 o grande concerto, Le Grand Concert, que decorre, no Champ de Mars, junto \u00e0 n\u00e3o menos emblem\u00e1tica Torre Eiffel. J\u00e1 diversas vezes &hellip; <\/p>\n<p class=\"link-more\"><a href=\"https:\/\/news.avantools.pt\/?p=4395\" class=\"more-link\">Continuar a ler <span class=\"screen-reader-text\">&#8220;O nascimento de uma na\u00e7\u00e3o&#8221;<\/span><\/a><\/p>\n","protected":false},"author":2,"featured_media":4415,"comment_status":"closed","ping_status":"open","sticky":false,"template":"","format":"standard","meta":{"_jetpack_memberships_contains_paid_content":false,"footnotes":"","_links_to":"","_links_to_target":""},"categories":[92,95,464,483,93,266],"tags":[555,150,2,82],"class_list":["post-4395","post","type-post","status-publish","format-standard","has-post-thumbnail","hentry","category-broadcast","category-live","category-pos-prod","category-producao","category-radio","category-televisao","tag-concert-de-paris","tag-dallis-i-o","tag-lawo","tag-mc56"],"jetpack_featured_media_url":"https:\/\/i0.wp.com\/news.avantools.pt\/wp-content\/uploads\/2021\/07\/Bastille_Day_2021_mc2_56_FOH_3-scaled-2.jpg?fit=1440%2C1080&ssl=1","jetpack_sharing_enabled":true,"_links":{"self":[{"href":"https:\/\/news.avantools.pt\/index.php?rest_route=\/wp\/v2\/posts\/4395","targetHints":{"allow":["GET"]}}],"collection":[{"href":"https:\/\/news.avantools.pt\/index.php?rest_route=\/wp\/v2\/posts"}],"about":[{"href":"https:\/\/news.avantools.pt\/index.php?rest_route=\/wp\/v2\/types\/post"}],"author":[{"embeddable":true,"href":"https:\/\/news.avantools.pt\/index.php?rest_route=\/wp\/v2\/users\/2"}],"replies":[{"embeddable":true,"href":"https:\/\/news.avantools.pt\/index.php?rest_route=%2Fwp%2Fv2%2Fcomments&post=4395"}],"version-history":[{"count":14,"href":"https:\/\/news.avantools.pt\/index.php?rest_route=\/wp\/v2\/posts\/4395\/revisions"}],"predecessor-version":[{"id":4421,"href":"https:\/\/news.avantools.pt\/index.php?rest_route=\/wp\/v2\/posts\/4395\/revisions\/4421"}],"wp:featuredmedia":[{"embeddable":true,"href":"https:\/\/news.avantools.pt\/index.php?rest_route=\/wp\/v2\/media\/4415"}],"wp:attachment":[{"href":"https:\/\/news.avantools.pt\/index.php?rest_route=%2Fwp%2Fv2%2Fmedia&parent=4395"}],"wp:term":[{"taxonomy":"category","embeddable":true,"href":"https:\/\/news.avantools.pt\/index.php?rest_route=%2Fwp%2Fv2%2Fcategories&post=4395"},{"taxonomy":"post_tag","embeddable":true,"href":"https:\/\/news.avantools.pt\/index.php?rest_route=%2Fwp%2Fv2%2Ftags&post=4395"}],"curies":[{"name":"wp","href":"https:\/\/api.w.org\/{rel}","templated":true}]}}