{"id":4637,"date":"2021-10-10T00:06:33","date_gmt":"2021-10-09T23:06:33","guid":{"rendered":"http:\/\/news.avantools.pt\/?p=4637"},"modified":"2021-10-10T15:24:24","modified_gmt":"2021-10-10T14:24:24","slug":"intercomunicacao-do-futuro","status":"publish","type":"post","link":"https:\/\/news.avantools.pt\/?p=4637","title":{"rendered":"Intercomunica\u00e7\u00e3o do futuro"},"content":{"rendered":"\n<p class=\"has-drop-cap\">As solu\u00e7\u00f5es de intercomunica\u00e7\u00e3o da <strong>RIEDEL<\/strong> s\u00e3o, sem d\u00favida, as mais fi\u00e1veis, flex\u00edveis e rent\u00e1veis que encontrar\u00e1 hoje \u00e0 sua disposi\u00e7\u00e3o. N\u00e3o somos n\u00f3s que o dizemos. S\u00e3o os clientes que por elas optaram e que as continuam a escolher. N\u00e3o fora assim e os mais importantes centros de produ\u00e7\u00e3o mundiais de audiovisuais n\u00e3o continuariam a fazer essa escolha. Das solu\u00e7\u00f5es mais complexas \u00e0s mais simples de implementar, encontrar\u00e1 sempre na <strong>RIEDEL<\/strong> uma forma de resolver os problemas de intercomunica\u00e7\u00e3o que qualquer opera\u00e7\u00e3o profissional de broadcast, televis\u00e3o, r\u00e1dio, live, fixa ou m\u00f3vel, hoje coloca. Um exemplo recente ilustra bem o que aqui afirmamos.<\/p>\n\n\n\n<figure class=\"wp-block-image size-large\"><img data-recalc-dims=\"1\" loading=\"lazy\" decoding=\"async\" width=\"525\" height=\"295\" src=\"https:\/\/i0.wp.com\/news.avantools.pt\/wp-content\/uploads\/2021\/10\/Artist-ECP1116-Series-OLED-Panel_Einsatz.png?resize=525%2C295&#038;ssl=1\" alt=\"\" class=\"wp-image-4639\" srcset=\"https:\/\/i0.wp.com\/news.avantools.pt\/wp-content\/uploads\/2021\/10\/Artist-ECP1116-Series-OLED-Panel_Einsatz.png?resize=1024%2C575&amp;ssl=1 1024w, https:\/\/i0.wp.com\/news.avantools.pt\/wp-content\/uploads\/2021\/10\/Artist-ECP1116-Series-OLED-Panel_Einsatz.png?resize=300%2C168&amp;ssl=1 300w, https:\/\/i0.wp.com\/news.avantools.pt\/wp-content\/uploads\/2021\/10\/Artist-ECP1116-Series-OLED-Panel_Einsatz.png?resize=768%2C431&amp;ssl=1 768w, https:\/\/i0.wp.com\/news.avantools.pt\/wp-content\/uploads\/2021\/10\/Artist-ECP1116-Series-OLED-Panel_Einsatz.png?w=1140&amp;ssl=1 1140w\" sizes=\"auto, (max-width: 767px) 89vw, (max-width: 1000px) 54vw, (max-width: 1071px) 543px, 580px\" \/><\/figure>\n\n\n\n<p>O que esperar de uma solu\u00e7\u00e3o <strong>RIEDEL<\/strong> de intercomunica\u00e7\u00e3o, face \u00e0s solu\u00e7\u00f5es usadas tradicionalmente? Desde logo uma melhoria significativa nas capacidades de intercomunica\u00e7\u00e3o entre os diferentes centros de produ\u00e7\u00e3o que comp\u00f5em a sua opera\u00e7\u00e3o. Comunica\u00e7\u00f5es flex\u00edveis entre as estruturas fixas, os est\u00fadios, sobretudo os de \u00faltima gera\u00e7\u00e3o. Mas tamb\u00e9m entre as estruturas m\u00f3veis e as estruturas fixas, durante as diferentes fases de produ\u00e7\u00e3o,  em qualquer g\u00e9nero de situa\u00e7\u00e3o, no <em>live<\/em> de entretenimento, desporto ou em <em>reality shows<\/em>. <\/p>\n\n\n\n<figure class=\"wp-block-image size-large\"><img data-recalc-dims=\"1\" loading=\"lazy\" decoding=\"async\" width=\"525\" height=\"295\" src=\"https:\/\/i0.wp.com\/news.avantools.pt\/wp-content\/uploads\/2021\/10\/Riedel_System_2018.png?resize=525%2C295&#038;ssl=1\" alt=\"\" class=\"wp-image-4649\" srcset=\"https:\/\/i0.wp.com\/news.avantools.pt\/wp-content\/uploads\/2021\/10\/Riedel_System_2018.png?resize=1024%2C576&amp;ssl=1 1024w, https:\/\/i0.wp.com\/news.avantools.pt\/wp-content\/uploads\/2021\/10\/Riedel_System_2018.png?resize=300%2C169&amp;ssl=1 300w, https:\/\/i0.wp.com\/news.avantools.pt\/wp-content\/uploads\/2021\/10\/Riedel_System_2018.png?resize=768%2C432&amp;ssl=1 768w, https:\/\/i0.wp.com\/news.avantools.pt\/wp-content\/uploads\/2021\/10\/Riedel_System_2018.png?resize=1536%2C864&amp;ssl=1 1536w, https:\/\/i0.wp.com\/news.avantools.pt\/wp-content\/uploads\/2021\/10\/Riedel_System_2018.png?w=1920&amp;ssl=1 1920w\" sizes=\"auto, (max-width: 767px) 89vw, (max-width: 1000px) 54vw, (max-width: 1071px) 543px, 580px\" \/><\/figure>\n\n\n\n<p>Quando est\u00e1 em causa a escolha de um sistema de intercomunica\u00e7\u00e3o sem fios e o cliente analisa o seu leque de escolhas, o que revelam os rigorosos testes pelos quais as solu\u00e7\u00f5es <strong>RIEDEL<\/strong> come\u00e7am sempre por passar, \u00e9 simples: o cen\u00e1rio da tecnologia de comunica\u00e7\u00e3o sem fios <em>fi\u00e1vel<\/em> \u00e9 realmente apertado.  A <strong>RIEDEL<\/strong> destaca-se, em termos de desempenho, da RF, pela cobertura e qualidade do \u00e1udio, bem como pela flexibilidade e facilidade de uso. \u00c9 claro o aumento da gama de comunica\u00e7\u00f5es nas mais variadas instala\u00e7\u00f5es de produ\u00e7\u00e3o, com garantia de uma qualidade de \u00e1udio excepcional e a exist\u00eancia de op\u00e7\u00f5es de configura\u00e7\u00e3o convenientes, que simplificam a cria\u00e7\u00e3o de grupos de utilizadores, conforme o exigido nas v\u00e1rias produ\u00e7\u00f5es. O <em>Bolero<\/em>, por exemplo, oferece suporte a comunica\u00e7\u00f5es em carros de exteriores e outras situa\u00e7\u00f5es m\u00f3veis. O <em>Bolero<\/em> ajuda a melhorar a coordena\u00e7\u00e3o entre as equipas, n\u00e3o apenas economizando tempo e dinheiro, mas tamb\u00e9m tornando o trabalho de todos muito mais f\u00e1cil. A configura\u00e7\u00e3o f\u00e1cil e robusta que se pode esperar para cada <em>beltpack<\/em> Bolero individual torna o fluxo de trabalho mais suave e, com uma funcionalidade muito alta em cada unidade, com mais op\u00e7\u00f5es na configura\u00e7\u00e3o de comunica\u00e7\u00f5es nos diferentes espa\u00e7os. O <em>Bolero<\/em>, implica o uso de menos da metade do n\u00famero de antenas necess\u00e1rias para outras solu\u00e7\u00f5es para garantir a cobertura completa, reduzindo custos da antena, melhorando a qualidade do \u00e1udio e flexibilizando, garantindo as din\u00e2micas opera\u00e7\u00f5es de produ\u00e7\u00e3o das empresas. &#8220;As nossas solu\u00e7\u00f5es,&#8221; afirma Franck Berger, respons\u00e1vel regional da RIEDEL em Fran\u00e7a, \u00c1frica e Israel, \u201cde intercomunica\u00e7\u00e3o sem fios constituem uma \u00f3ptima op\u00e7\u00e3o para um ambiente de produ\u00e7\u00e3o de m\u00faltiplos est\u00fadios em ritmo acelerado.&#8221; Muitas s\u00e3o os exemplos de empresas de topo que as est\u00e3o aproveitando ao m\u00e1ximo.<\/p>\n\n\n\n<div class=\"wp-block-image\"><figure class=\"aligncenter size-large\"><img data-recalc-dims=\"1\" loading=\"lazy\" decoding=\"async\" width=\"525\" height=\"295\" src=\"https:\/\/i0.wp.com\/news.avantools.pt\/wp-content\/uploads\/2021\/10\/Artist_AES_AVB_Systemzeichnung_2018.png?resize=525%2C295&#038;ssl=1\" alt=\"\" class=\"wp-image-4646\" srcset=\"https:\/\/i0.wp.com\/news.avantools.pt\/wp-content\/uploads\/2021\/10\/Artist_AES_AVB_Systemzeichnung_2018.png?resize=1024%2C576&amp;ssl=1 1024w, https:\/\/i0.wp.com\/news.avantools.pt\/wp-content\/uploads\/2021\/10\/Artist_AES_AVB_Systemzeichnung_2018.png?resize=300%2C169&amp;ssl=1 300w, https:\/\/i0.wp.com\/news.avantools.pt\/wp-content\/uploads\/2021\/10\/Artist_AES_AVB_Systemzeichnung_2018.png?resize=768%2C432&amp;ssl=1 768w, https:\/\/i0.wp.com\/news.avantools.pt\/wp-content\/uploads\/2021\/10\/Artist_AES_AVB_Systemzeichnung_2018.png?resize=1536%2C864&amp;ssl=1 1536w, https:\/\/i0.wp.com\/news.avantools.pt\/wp-content\/uploads\/2021\/10\/Artist_AES_AVB_Systemzeichnung_2018.png?w=1920&amp;ssl=1 1920w\" sizes=\"auto, (max-width: 767px) 89vw, (max-width: 1000px) 54vw, (max-width: 1071px) 543px, 580px\" \/><\/figure><\/div>\n\n\n\n<p>Quando se trata de sistemas de intercomunica\u00e7\u00e3o fi\u00e1veis, um tamanho \u00fanico, definitivamente, n\u00e3o serve para todos. Existem diferentes tipos de sistemas de comunica\u00e7\u00e3o profissional que podem ser considerados para uso em produ\u00e7\u00e3o profissional, desde solu\u00e7\u00f5es b\u00e1sicas de linha partilhada, at\u00e9 sistemas matriciais sofisticados.<\/p>\n\n\n\n<p><\/p>\n\n\n\n<div class=\"wp-block-image\"><figure class=\"aligncenter size-large\"><img data-recalc-dims=\"1\" loading=\"lazy\" decoding=\"async\" width=\"525\" height=\"295\" src=\"https:\/\/i0.wp.com\/news.avantools.pt\/wp-content\/uploads\/2021\/10\/Artist_System_2018.png?resize=525%2C295&#038;ssl=1\" alt=\"\" class=\"wp-image-4647\" srcset=\"https:\/\/i0.wp.com\/news.avantools.pt\/wp-content\/uploads\/2021\/10\/Artist_System_2018.png?resize=1024%2C576&amp;ssl=1 1024w, https:\/\/i0.wp.com\/news.avantools.pt\/wp-content\/uploads\/2021\/10\/Artist_System_2018.png?resize=300%2C169&amp;ssl=1 300w, https:\/\/i0.wp.com\/news.avantools.pt\/wp-content\/uploads\/2021\/10\/Artist_System_2018.png?resize=768%2C432&amp;ssl=1 768w, https:\/\/i0.wp.com\/news.avantools.pt\/wp-content\/uploads\/2021\/10\/Artist_System_2018.png?resize=1536%2C864&amp;ssl=1 1536w, https:\/\/i0.wp.com\/news.avantools.pt\/wp-content\/uploads\/2021\/10\/Artist_System_2018.png?w=1920&amp;ssl=1 1920w\" sizes=\"auto, (max-width: 767px) 89vw, (max-width: 1000px) 54vw, (max-width: 1071px) 543px, 580px\" \/><\/figure><\/div>\n\n\n\n<p>Enquanto os sistemas de linha partilhada como o <em>Performer<\/em> foram concebidos para ligar pequenos grupos de pessoas, os projectos e instala\u00e7\u00f5es mais complexas exigem sistemas de matriz como o <em>Artist<\/em>. Esta plataforma de comunica\u00e7\u00f5es escal\u00e1vel oferece um grau incompar\u00e1vel de flexibilidade, fiabilidade e controlo: o <em>Artist<\/em> \u00e9 vers\u00e1til, &#8220;falando&#8221; todos os padr\u00f5es de \u00e1udio actuais e \u00e9 capaz de processar e distribuir qualquer tipo de sinal. Com este sistema de intercomunica\u00e7\u00e3o, implementar solu\u00e7\u00f5es sem fios, com r\u00e1dios ou com o <em>Bolero<\/em>, \u00e9 t\u00e3o f\u00e1cil como configurar redes de longa dist\u00e2ncia para produ\u00e7\u00e3o remota. Uma vez que as infraestruturas do <em>Artist<\/em> permitem um elevado grau de descentraliza\u00e7\u00e3o e uma coloca\u00e7\u00e3o flex\u00edvel de bastidores, podem-se reduzir consideravelmente os custos de cablagem e configura\u00e7\u00e3o de qualquer instala\u00e7\u00e3o. As solu\u00e7\u00f5es da <em>Artist<\/em> s\u00e3o solu\u00e7\u00f5es \u00e0 prova de futuro: o sistema \u00e9 escal\u00e1vel de 8&#215;8 a 1024&#215;1024 portas n\u00e3o bloqueadas, permitindo que ele cres\u00e7a com as exig\u00eancias de qualquer projecto ou com a introdu\u00e7\u00e3o de qualquer nova tecnologia e integram-se total e facilmente num qualquer ambiente de trabalho assente em tecnologia IP, que inclua distribui\u00e7\u00e3o e processamento de sinal \u00e1udio ou video e comunica\u00e7\u00e3o de dados.<\/p>\n\n\n\n<p>Fique a conhecer <a rel=\"noreferrer noopener\" href=\"https:\/\/www.riedel.net\/news\/news-detail\/united-studios-of-israel-embraces-riedels-bolero-for-live-production-of-popular-reality-sport-and\/\" target=\"_blank\">um exemplo<\/a> recente da op\u00e7\u00e3o da por redes de <em>Bolero<\/em> no <a rel=\"noreferrer noopener\" href=\"https:\/\/www.hsil.tv\" target=\"_blank\">United Studios of Israel (USI)<\/a>. Conhe\u00e7a as <a rel=\"noreferrer noopener\" href=\"https:\/\/www.riedel.net\/products-solutions\/intercom\/\" target=\"_blank\">solu\u00e7\u00f5es de intercomunica\u00e7\u00e3o<\/a> da RIEDEL <a href=\"http:\/\/avantools.pt\/contacts.html\" target=\"_blank\" rel=\"noreferrer noopener\">e venha falar connosco<\/a> para ficar a conhecer mais ainda sobre estes e outros produtos RIEDEL e quais as solu\u00e7\u00f5es mais apropriadas ao seu caso.<\/p>\n\n\n\n<div class=\"wp-block-image\"><figure class=\"aligncenter size-large\"><img data-recalc-dims=\"1\" loading=\"lazy\" decoding=\"async\" width=\"525\" height=\"155\" src=\"https:\/\/i0.wp.com\/news.avantools.pt\/wp-content\/uploads\/2018\/11\/Riedel_Logo.png?resize=525%2C155&#038;ssl=1\" alt=\"\" class=\"wp-image-1634\" srcset=\"https:\/\/i0.wp.com\/news.avantools.pt\/wp-content\/uploads\/2018\/11\/Riedel_Logo.png?resize=1024%2C302&amp;ssl=1 1024w, https:\/\/i0.wp.com\/news.avantools.pt\/wp-content\/uploads\/2018\/11\/Riedel_Logo.png?resize=300%2C88&amp;ssl=1 300w, https:\/\/i0.wp.com\/news.avantools.pt\/wp-content\/uploads\/2018\/11\/Riedel_Logo.png?resize=768%2C226&amp;ssl=1 768w, https:\/\/i0.wp.com\/news.avantools.pt\/wp-content\/uploads\/2018\/11\/Riedel_Logo.png?w=1280&amp;ssl=1 1280w\" sizes=\"auto, (max-width: 767px) 89vw, (max-width: 1000px) 54vw, (max-width: 1071px) 543px, 580px\" \/><\/figure><\/div>\n\n\n\n<hr class=\"wp-block-separator is-style-wide\"\/>\n\n\n\n<p><\/p>\n","protected":false},"excerpt":{"rendered":"<p>As solu\u00e7\u00f5es de intercomunica\u00e7\u00e3o da RIEDEL s\u00e3o, sem d\u00favida, as mais fi\u00e1veis, flex\u00edveis e rent\u00e1veis que encontrar\u00e1 hoje \u00e0 sua disposi\u00e7\u00e3o. N\u00e3o somos n\u00f3s que o dizemos. S\u00e3o os clientes que por elas optaram e que as continuam a escolher. N\u00e3o fora assim e os mais importantes centros de produ\u00e7\u00e3o mundiais de audiovisuais n\u00e3o continuariam &hellip; <\/p>\n<p class=\"link-more\"><a href=\"https:\/\/news.avantools.pt\/?p=4637\" class=\"more-link\">Continuar a ler <span class=\"screen-reader-text\">&#8220;Intercomunica\u00e7\u00e3o do futuro&#8221;<\/span><\/a><\/p>\n","protected":false},"author":2,"featured_media":4639,"comment_status":"closed","ping_status":"open","sticky":false,"template":"","format":"standard","meta":{"_jetpack_memberships_contains_paid_content":false,"footnotes":"","_links_to":"","_links_to_target":""},"categories":[92,482,444,95,93,94,266,538],"tags":[318,111,84,112],"class_list":["post-4637","post","type-post","status-publish","format-standard","has-post-thumbnail","hentry","category-broadcast","category-eventos","category-intercomunicacao","category-live","category-radio","category-studio","category-televisao","category-venues","tag-artist-digital-matrix-intercom","tag-bolero","tag-intercomunicacao","tag-performer"],"jetpack_featured_media_url":"https:\/\/i0.wp.com\/news.avantools.pt\/wp-content\/uploads\/2021\/10\/Artist-ECP1116-Series-OLED-Panel_Einsatz.png?fit=1140%2C640&ssl=1","jetpack_sharing_enabled":true,"_links":{"self":[{"href":"https:\/\/news.avantools.pt\/index.php?rest_route=\/wp\/v2\/posts\/4637","targetHints":{"allow":["GET"]}}],"collection":[{"href":"https:\/\/news.avantools.pt\/index.php?rest_route=\/wp\/v2\/posts"}],"about":[{"href":"https:\/\/news.avantools.pt\/index.php?rest_route=\/wp\/v2\/types\/post"}],"author":[{"embeddable":true,"href":"https:\/\/news.avantools.pt\/index.php?rest_route=\/wp\/v2\/users\/2"}],"replies":[{"embeddable":true,"href":"https:\/\/news.avantools.pt\/index.php?rest_route=%2Fwp%2Fv2%2Fcomments&post=4637"}],"version-history":[{"count":10,"href":"https:\/\/news.avantools.pt\/index.php?rest_route=\/wp\/v2\/posts\/4637\/revisions"}],"predecessor-version":[{"id":4653,"href":"https:\/\/news.avantools.pt\/index.php?rest_route=\/wp\/v2\/posts\/4637\/revisions\/4653"}],"wp:featuredmedia":[{"embeddable":true,"href":"https:\/\/news.avantools.pt\/index.php?rest_route=\/wp\/v2\/media\/4639"}],"wp:attachment":[{"href":"https:\/\/news.avantools.pt\/index.php?rest_route=%2Fwp%2Fv2%2Fmedia&parent=4637"}],"wp:term":[{"taxonomy":"category","embeddable":true,"href":"https:\/\/news.avantools.pt\/index.php?rest_route=%2Fwp%2Fv2%2Fcategories&post=4637"},{"taxonomy":"post_tag","embeddable":true,"href":"https:\/\/news.avantools.pt\/index.php?rest_route=%2Fwp%2Fv2%2Ftags&post=4637"}],"curies":[{"name":"wp","href":"https:\/\/api.w.org\/{rel}","templated":true}]}}