{"id":4682,"date":"2021-10-23T19:15:04","date_gmt":"2021-10-23T18:15:04","guid":{"rendered":"http:\/\/news.avantools.pt\/?p=4682"},"modified":"2021-10-24T13:31:51","modified_gmt":"2021-10-24T12:31:51","slug":"red-bull-flutag-voa-com-a-riedel","status":"publish","type":"post","link":"https:\/\/news.avantools.pt\/?p=4682","title":{"rendered":"Red Bull Flugtag voa com a RIEDEL"},"content":{"rendered":"\n<p class=\"has-drop-cap\">Solu\u00e7\u00f5es integradas de intercomunica\u00e7\u00e3o, distribui\u00e7\u00e3o de sinal \u00e1udio, v\u00eddeo e dados. Facilidade de configura\u00e7\u00e3o, flexibilidade de opera\u00e7\u00e3o, m\u00e1xima qualidade de sinal. Solu\u00e7\u00f5es funcionais para o presente, abertas \u00e0 actualiza\u00e7\u00e3o futura.  Suscept\u00edveis de serem usadas em situa\u00e7\u00f5es de grande ou pequena dimens\u00e3o. As solu\u00e7\u00f5es <strong>RIEDEL<\/strong> oferecem uma operacionalidade ao mais alto n\u00edvel, garantem total capacidade de configura\u00e7\u00e3o e reconfigura\u00e7\u00e3o e s\u00e3o de uma robustez que lhes confere total fiabilidade, em qualquer situa\u00e7\u00e3o, ajustando-se \u00e0s suas necessidades presentes e futuras. O mais recente exemplo vem da Su\u00ed\u00e7a, o Red Bull Flugtag. <\/p>\n\n\n\n<figure class=\"wp-block-image size-large\"><img data-recalc-dims=\"1\" loading=\"lazy\" decoding=\"async\" width=\"525\" height=\"394\" src=\"https:\/\/i0.wp.com\/news.avantools.pt\/wp-content\/uploads\/2021\/10\/Crealine_2021_7.jpg?resize=525%2C394&#038;ssl=1\" alt=\"\" class=\"wp-image-4694\" srcset=\"https:\/\/i0.wp.com\/news.avantools.pt\/wp-content\/uploads\/2021\/10\/Crealine_2021_7.jpg?resize=1024%2C768&amp;ssl=1 1024w, https:\/\/i0.wp.com\/news.avantools.pt\/wp-content\/uploads\/2021\/10\/Crealine_2021_7.jpg?resize=300%2C225&amp;ssl=1 300w, https:\/\/i0.wp.com\/news.avantools.pt\/wp-content\/uploads\/2021\/10\/Crealine_2021_7.jpg?resize=768%2C576&amp;ssl=1 768w, https:\/\/i0.wp.com\/news.avantools.pt\/wp-content\/uploads\/2021\/10\/Crealine_2021_7.jpg?w=1410&amp;ssl=1 1410w\" sizes=\"auto, (max-width: 767px) 89vw, (max-width: 1000px) 54vw, (max-width: 1071px) 543px, 580px\" \/><\/figure>\n\n\n\n<p>Cresce constantemente o n\u00famero de organiza\u00e7\u00f5es que operam nos dom\u00ednios do broadcast, do live, dos eventos e muitos outros que elevam as suas produ\u00e7\u00f5es para um n\u00edvel superior com o sistema de intercomunica\u00e7\u00e3o <em>Artist<\/em> da <strong>RIEDEL<\/strong>. A solu\u00e7\u00e3o permite a integra\u00e7\u00e3o de um sistema de intercomunica\u00e7\u00e3o sem fios como o <em>Bolero<\/em>, com o sistema de intercomunica\u00e7\u00e3o inteligente <em>SmartPanel<\/em> e pain\u00e9is de controlo de v\u00eddeo, \u00e1udio, dados e comunica\u00e7\u00f5es em tempo real. A vantagem desta solu\u00e7\u00e3o reside na garantia de comunica\u00e7\u00f5es flex\u00edveis e fi\u00e1veis \u200b\u200bdentro dos est\u00fadios, por exemplo, com locais externos, est\u00fadios e instala\u00e7\u00f5es m\u00f3veis. As solu\u00e7\u00f5es <strong>RIEDEL<\/strong> oferecem, desta forma, suporte para fluxos de trabalho de produ\u00e7\u00e3o h\u00edbrida e remota em eventos de natureza desportiva, art\u00edstica, religiosa e outros, ao vivo ou em diferido.<\/p>\n\n\n\n<p>N\u00e3o se trata de um feito de import\u00e2ncia menor. O equipamento <strong>RIEDEL<\/strong> \u00e9 rapidamente configur\u00e1vel e integra-se sem problemas no seu fluxo de trabalho por meio de diferentes interfaces de \u00e1udio, controlo e monitoriza\u00e7\u00e3o. \u00c9 f\u00e1cil equipar uma estrutura conforme necess\u00e1rio para qualquer tipo de produ\u00e7\u00e3o, de qualquer dimens\u00e3o. <\/p>\n\n\n\n<p>Intercomunica\u00e7\u00e3o eficaz e fi\u00e1vel  \u00e9 fundamental para grandes e pequenos projeto, mesmo nas circunst\u00e2ncias mais  agitadas. As op\u00e7\u00f5es de configura\u00e7\u00e3o flex\u00edveis e o desempenho fi\u00e1vel dos sistemas de intercomunica\u00e7\u00e3o <strong>RIEDEL<\/strong>, permitem concentrar totalmente no fornecimento do melhor conte\u00fado poss\u00edvel.<\/p>\n\n\n\n<div class=\"wp-block-image\"><figure class=\"aligncenter size-large\"><img data-recalc-dims=\"1\" loading=\"lazy\" decoding=\"async\" width=\"525\" height=\"700\" src=\"https:\/\/i0.wp.com\/news.avantools.pt\/wp-content\/uploads\/2021\/10\/Crealine_2021_5.jpg?resize=525%2C700&#038;ssl=1\" alt=\"\" class=\"wp-image-4701\" srcset=\"https:\/\/i0.wp.com\/news.avantools.pt\/wp-content\/uploads\/2021\/10\/Crealine_2021_5.jpg?resize=768%2C1024&amp;ssl=1 768w, https:\/\/i0.wp.com\/news.avantools.pt\/wp-content\/uploads\/2021\/10\/Crealine_2021_5.jpg?resize=225%2C300&amp;ssl=1 225w, https:\/\/i0.wp.com\/news.avantools.pt\/wp-content\/uploads\/2021\/10\/Crealine_2021_5.jpg?w=1053&amp;ssl=1 1053w\" sizes=\"auto, (max-width: 767px) 89vw, (max-width: 1000px) 54vw, (max-width: 1071px) 543px, 580px\" \/><\/figure><\/div>\n\n\n\n<p>O modelo <em><a rel=\"noreferrer noopener\" href=\"https:\/\/www.riedel.net\/products-solutions\/intercom\/artist-matrix-intercom\/hardware\/\" target=\"_blank\">Artist<\/a><\/em> da <strong>RIEDEL<\/strong> oferece intercomunica\u00e7\u00e3o fi\u00e1vel \u200b\u200be distribui\u00e7\u00e3o de sinal de \u00e1udio, v\u00eddeo e dados para qualquer aplica\u00e7\u00e3o de controlo, enquanto o model <em><a rel=\"noreferrer noopener\" href=\"https:\/\/www.riedel.net\/products-solutions\/intercom\/bolero-wireless-intercom\/\" target=\"_blank\">Bolero<\/a><\/em> oferece versatilidade incompar\u00e1vel para comunica\u00e7\u00f5es sem fios. A interface de utilizador <a rel=\"noreferrer noopener\" href=\"https:\/\/www.riedel.net\/products-solutions\/intercom\/smartpanels\/1200-series\/\" target=\"_blank\">SmartPanel<\/a> modelo RSP-1216HL inclui v\u00e1rios tipos de controladores coloridos e multitoque, numa 1 RU e possui formas de controlo intuitivas, \u200b\u200bque facilitam uma opera\u00e7\u00e3o sem problemas. Aproveitando as inovadoras teclas de alavanca h\u00edbrida e uma crescente variedade de aplica\u00e7\u00f5es, come\u00e7ando com o painel de controlo e aplica\u00e7\u00f5es de intercomunica\u00e7\u00e3o com multifuncionalidade, a interface facilita a adapta\u00e7\u00e3o aos fluxos de trabalho em constante mudan\u00e7a e requisitos de produ\u00e7\u00e3o. Assegurando a opera\u00e7\u00e3o e preparada para o futuro.<\/p>\n\n\n\n<p>Um recent\u00edssimo exemplo de aplica\u00e7\u00e3o destas solu\u00e7\u00f5es vem-nos da <a rel=\"noreferrer noopener\" href=\"https:\/\/www.crealine.net\" target=\"_blank\">Crealine<\/a>. Tratou-se do <a rel=\"noreferrer noopener\" href=\"https:\/\/www.redbull.com\/ch-de\/events\/red-bull-flugtag-switzerland?rbcid=13601466389&amp;utm_source=Adwords&amp;utm_medium=g&amp;utm_campaign=13601466389&amp;utm_content=528886877173&amp;gclid=CjwKCAjw5c6LBhBdEiwAP9ejG9tyAbGUmO1VxMv9fV_DVUjJ0bedxb3vhqudYbYJGAGxs9jO2bTiahoCY9wQAvD_BwE\" target=\"_blank\">Red Bull Flugtag Lausanne<\/a>. O novo sistema composto por unidades <em>Artist<\/em>, <em>Bolero<\/em> e <em>SmartPanel<\/em> que acaba de ser instalado pela empresa e desempenhou um papel central na produ\u00e7\u00e3o recente do <a rel=\"noreferrer noopener\" href=\"https:\/\/www.redbull.com\/us-en\/tags\/flugtag\" target=\"_blank\">Red Bull Flight Day<\/a> em Lausanne. O equipamento <strong>RIEDEL<\/strong> facilitou as comunica\u00e7\u00f5es entre um est\u00fadio, localizado numa jangada perto da plataforma de lan\u00e7amento, com tr\u00eas comentaristas; a lancha hospedeira; um rep\u00f3rter e a equipe t\u00e9cnica que trabalhava em todo o evento. Esta equipa t\u00e9cnica da Crealine dirigiu a transmiss\u00e3o, ao vivo, a partir das suas instala\u00e7\u00f5es no Ulster, em contacto com as c\u00e2maras m\u00f3veis LTE e em liga\u00e7\u00e3o  com a equipa t\u00e9cnica local. <a rel=\"noreferrer noopener\" href=\"https:\/\/www.riedel.net\/news\/news-detail\/riedels-intercom-and-audio-distribution-systems-are-a-game-changer-for-crealines-live-productions\/\" target=\"_blank\">Leia aqui<\/a> mais sobre esta nova solu\u00e7\u00e3o adoptada pela Crealine.<\/p>\n\n\n\n<p><a rel=\"noreferrer noopener\" href=\"https:\/\/www.riedel.net\/\" target=\"_blank\">Saiba mais<\/a> sobre as solu\u00e7\u00f5es <strong>RIEDEL<\/strong> e venha falara connosco para ficar a saber mais ainda ou para estudar connosco qual a solu\u00e7\u00e3o mais adequada \u00e0s suas necessidades.<\/p>\n\n\n\n<div class=\"wp-block-image\"><figure class=\"aligncenter size-full is-resized\"><img data-recalc-dims=\"1\" loading=\"lazy\" decoding=\"async\" src=\"https:\/\/i0.wp.com\/news.avantools.pt\/wp-content\/uploads\/2018\/11\/Riedel_Logo.png?resize=525%2C155&#038;ssl=1\" alt=\"\" class=\"wp-image-1634\" width=\"525\" height=\"155\" srcset=\"https:\/\/i0.wp.com\/news.avantools.pt\/wp-content\/uploads\/2018\/11\/Riedel_Logo.png?w=1280&amp;ssl=1 1280w, https:\/\/i0.wp.com\/news.avantools.pt\/wp-content\/uploads\/2018\/11\/Riedel_Logo.png?resize=300%2C88&amp;ssl=1 300w, https:\/\/i0.wp.com\/news.avantools.pt\/wp-content\/uploads\/2018\/11\/Riedel_Logo.png?resize=768%2C226&amp;ssl=1 768w, https:\/\/i0.wp.com\/news.avantools.pt\/wp-content\/uploads\/2018\/11\/Riedel_Logo.png?resize=1024%2C302&amp;ssl=1 1024w\" sizes=\"auto, (max-width: 525px) 100vw, 525px\" \/><\/figure><\/div>\n\n\n\n<hr class=\"wp-block-separator is-style-wide\"\/>\n","protected":false},"excerpt":{"rendered":"<p>Solu\u00e7\u00f5es integradas de intercomunica\u00e7\u00e3o, distribui\u00e7\u00e3o de sinal \u00e1udio, v\u00eddeo e dados. Facilidade de configura\u00e7\u00e3o, flexibilidade de opera\u00e7\u00e3o, m\u00e1xima qualidade de sinal. Solu\u00e7\u00f5es funcionais para o presente, abertas \u00e0 actualiza\u00e7\u00e3o futura. Suscept\u00edveis de serem usadas em situa\u00e7\u00f5es de grande ou pequena dimens\u00e3o. As solu\u00e7\u00f5es RIEDEL oferecem uma operacionalidade ao mais alto n\u00edvel, garantem total capacidade de &hellip; <\/p>\n<p class=\"link-more\"><a href=\"https:\/\/news.avantools.pt\/?p=4682\" class=\"more-link\">Continuar a ler <span class=\"screen-reader-text\">&#8220;Red Bull Flugtag voa com a RIEDEL&#8221;<\/span><\/a><\/p>\n","protected":false},"author":2,"featured_media":4694,"comment_status":"closed","ping_status":"open","sticky":false,"template":"","format":"standard","meta":{"_jetpack_memberships_contains_paid_content":false,"footnotes":"","_links_to":"","_links_to_target":""},"categories":[92,482,95,93,266],"tags":[49,111,570,9,569],"class_list":["post-4682","post","type-post","status-publish","format-standard","has-post-thumbnail","hentry","category-broadcast","category-eventos","category-live","category-radio","category-televisao","tag-artist","tag-bolero","tag-red-bull-flutag","tag-riedel","tag-smartpanel1216hl"],"jetpack_featured_media_url":"https:\/\/i0.wp.com\/news.avantools.pt\/wp-content\/uploads\/2021\/10\/Crealine_2021_7.jpg?fit=1410%2C1057&ssl=1","jetpack_sharing_enabled":true,"_links":{"self":[{"href":"https:\/\/news.avantools.pt\/index.php?rest_route=\/wp\/v2\/posts\/4682","targetHints":{"allow":["GET"]}}],"collection":[{"href":"https:\/\/news.avantools.pt\/index.php?rest_route=\/wp\/v2\/posts"}],"about":[{"href":"https:\/\/news.avantools.pt\/index.php?rest_route=\/wp\/v2\/types\/post"}],"author":[{"embeddable":true,"href":"https:\/\/news.avantools.pt\/index.php?rest_route=\/wp\/v2\/users\/2"}],"replies":[{"embeddable":true,"href":"https:\/\/news.avantools.pt\/index.php?rest_route=%2Fwp%2Fv2%2Fcomments&post=4682"}],"version-history":[{"count":30,"href":"https:\/\/news.avantools.pt\/index.php?rest_route=\/wp\/v2\/posts\/4682\/revisions"}],"predecessor-version":[{"id":4717,"href":"https:\/\/news.avantools.pt\/index.php?rest_route=\/wp\/v2\/posts\/4682\/revisions\/4717"}],"wp:featuredmedia":[{"embeddable":true,"href":"https:\/\/news.avantools.pt\/index.php?rest_route=\/wp\/v2\/media\/4694"}],"wp:attachment":[{"href":"https:\/\/news.avantools.pt\/index.php?rest_route=%2Fwp%2Fv2%2Fmedia&parent=4682"}],"wp:term":[{"taxonomy":"category","embeddable":true,"href":"https:\/\/news.avantools.pt\/index.php?rest_route=%2Fwp%2Fv2%2Fcategories&post=4682"},{"taxonomy":"post_tag","embeddable":true,"href":"https:\/\/news.avantools.pt\/index.php?rest_route=%2Fwp%2Fv2%2Ftags&post=4682"}],"curies":[{"name":"wp","href":"https:\/\/api.w.org\/{rel}","templated":true}]}}