{"id":4881,"date":"2021-12-11T15:24:18","date_gmt":"2021-12-11T15:24:18","guid":{"rendered":"http:\/\/news.avantools.pt\/?p=4881"},"modified":"2022-08-29T10:52:06","modified_gmt":"2022-08-29T09:52:06","slug":"phonitor-2-indispensavel-no-estudio-moderno","status":"publish","type":"post","link":"https:\/\/news.avantools.pt\/?p=4881","title":{"rendered":"Phonitor 2: indispens\u00e1vel no est\u00fadio moderno"},"content":{"rendered":"\n<p class=\"has-drop-cap\">O <em>Phonitor 2<\/em> \u00e9 a \u00faltima novidade da <strong>SPL<\/strong>. Trata-se de um moderno amplificador de auscultadores, concebido para engenheiros de som, para mistura e masteriza\u00e7\u00e3o baseado em conceitos tecnol\u00f3gicos de excel\u00eancia, como \u00e9 apan\u00e1gio da marca alem\u00e3. Os altifalantes tamb\u00e9m podem ser ligados ao <em>Phonitor 2<\/em>, o que o transforma num controlador de monitoriza\u00e7\u00e3o de est\u00fadio completo. O <em>Phonitor 2<\/em> segue e linha do \u00eaxito dos modelos <em>Phonitor One<\/em> e <em>Phonitor One d<\/em>. No moderno ambiente de trabalho em \u00e1udio, o Phonitor 2 \u00e9 mais do que outro produto da inovadora marca alem\u00e3. Trata-se de uma ferramenta \u00fanica, recheada de caracter\u00edsticas avan\u00e7adas, imprescind\u00edvel no est\u00fadio moderno, em aplica\u00e7\u00f5es de \u00e1udio puro ou em \u00e1udio para v\u00eddeo.<\/p>\n\n\n\n<div class=\"wp-block-image\"><figure class=\"aligncenter size-large\"><img data-recalc-dims=\"1\" loading=\"lazy\" decoding=\"async\" width=\"525\" height=\"397\" src=\"https:\/\/i0.wp.com\/news.avantools.pt\/wp-content\/uploads\/2021\/12\/Phonitor-2-webTitle-2048x1550-1.jpg?resize=525%2C397&#038;ssl=1\" alt=\"\" class=\"wp-image-4891\" srcset=\"https:\/\/i0.wp.com\/news.avantools.pt\/wp-content\/uploads\/2021\/12\/Phonitor-2-webTitle-2048x1550-1.jpg?resize=1024%2C775&amp;ssl=1 1024w, https:\/\/i0.wp.com\/news.avantools.pt\/wp-content\/uploads\/2021\/12\/Phonitor-2-webTitle-2048x1550-1.jpg?resize=300%2C227&amp;ssl=1 300w, https:\/\/i0.wp.com\/news.avantools.pt\/wp-content\/uploads\/2021\/12\/Phonitor-2-webTitle-2048x1550-1.jpg?resize=768%2C581&amp;ssl=1 768w, https:\/\/i0.wp.com\/news.avantools.pt\/wp-content\/uploads\/2021\/12\/Phonitor-2-webTitle-2048x1550-1.jpg?resize=1536%2C1163&amp;ssl=1 1536w, https:\/\/i0.wp.com\/news.avantools.pt\/wp-content\/uploads\/2021\/12\/Phonitor-2-webTitle-2048x1550-1.jpg?w=2048&amp;ssl=1 2048w\" sizes=\"auto, (max-width: 767px) 89vw, (max-width: 1000px) 54vw, (max-width: 1071px) 543px, 580px\" \/><\/figure><\/div>\n\n\n\n<p>O <em>Phonitor 2<\/em> \u00e9 uma nova proposta da <strong>SPL<\/strong>, na linha dos outros modelos da s\u00e9rie (o <em>Phonitor One<\/em> e o <em>Phonitor One d<\/em>,) de que j\u00e1 lhe demos conta anteriormente, aqui no <em>Feedforward<\/em>.<\/p>\n\n\n\n<p>A alma, a inova\u00e7\u00e3o, a verdadeira revolu\u00e7\u00e3o introduzida na s\u00e9rie Phonitor, reside na tecnologia <em>Phonitor Matrix<\/em>, um sistema gra\u00e7as ao qual \u00e9 poss\u00edvel monitorizar o som por meio de auscultadores, da mesma forma que \u00e9 feita por meio de altifalantes. Para conseguir isso, o efeito <em>superest\u00e9reo<\/em> \u00e9 corrigido, o que faz com que a coloca\u00e7\u00e3o de vozes e instrumentos no placo est\u00e9reo pare\u00e7a ser mais amplamente distribu\u00edda e efeitos como reverbera\u00e7\u00e3o e <em>delays<\/em> sejam potenciados. O funcionamento est\u00e1 esquematizado na ilustra\u00e7\u00e3o seguinte.<\/p>\n\n\n\n<div class=\"wp-block-image\"><figure class=\"aligncenter size-large is-resized\"><img data-recalc-dims=\"1\" loading=\"lazy\" decoding=\"async\" src=\"https:\/\/i0.wp.com\/news.avantools.pt\/wp-content\/uploads\/2021\/12\/Esquema-Matrix.jpg?resize=525%2C171&#038;ssl=1\" alt=\"\" class=\"wp-image-4887\" width=\"525\" height=\"171\" srcset=\"https:\/\/i0.wp.com\/news.avantools.pt\/wp-content\/uploads\/2021\/12\/Esquema-Matrix.jpg?w=823&amp;ssl=1 823w, https:\/\/i0.wp.com\/news.avantools.pt\/wp-content\/uploads\/2021\/12\/Esquema-Matrix.jpg?resize=300%2C98&amp;ssl=1 300w, https:\/\/i0.wp.com\/news.avantools.pt\/wp-content\/uploads\/2021\/12\/Esquema-Matrix.jpg?resize=768%2C250&amp;ssl=1 768w\" sizes=\"auto, (max-width: 525px) 100vw, 525px\" \/><\/figure><\/div>\n\n\n\n<div class=\"wp-block-image\"><figure class=\"aligncenter size-large is-resized\"><img data-recalc-dims=\"1\" loading=\"lazy\" decoding=\"async\" src=\"https:\/\/i0.wp.com\/news.avantools.pt\/wp-content\/uploads\/2021\/12\/Esquema-CORRRECCAO.jpg?resize=525%2C171&#038;ssl=1\" alt=\"\" class=\"wp-image-4888\" width=\"525\" height=\"171\" srcset=\"https:\/\/i0.wp.com\/news.avantools.pt\/wp-content\/uploads\/2021\/12\/Esquema-CORRRECCAO.jpg?w=823&amp;ssl=1 823w, https:\/\/i0.wp.com\/news.avantools.pt\/wp-content\/uploads\/2021\/12\/Esquema-CORRRECCAO.jpg?resize=300%2C98&amp;ssl=1 300w, https:\/\/i0.wp.com\/news.avantools.pt\/wp-content\/uploads\/2021\/12\/Esquema-CORRRECCAO.jpg?resize=768%2C250&amp;ssl=1 768w\" sizes=\"auto, (max-width: 706px) 89vw, (max-width: 767px) 82vw, 740px\" \/><\/figure><\/div>\n\n\n\n<p>O <em>Phonitor 2<\/em> aceita 2 entradas XLR e 1 RCA, possui controlo <em>solo<\/em> L\/R, invers\u00e3o de fase para L e R, sa\u00edda comut\u00e1vel para auscultadores ou altifalantes, <em>mute<\/em> e controlo da fun\u00e7\u00e3o <em>Phonitor Matrix<\/em>, com <em>crossfeed<\/em>, \u00e2ngulo do altifalante e n\u00edvel geral (este pode ser desligado). A sa\u00edda para os altifalantes activos \u00e9 feita em modo sim\u00e9trico, via XLR.  Podem ser ligadas duas fontes est\u00e9reo balanceadas e uma n\u00e3o balanceada ao <em>Phonitor 2<\/em>. Se um leitor de CD ou outro equipamento HiFi estiver ligado \u00e0s entradas RCA, o n\u00edvel deste pode ser aumentado de -10 dBV para 0 dBu usando um <em>DIP switch<\/em>, na parte inferior da unidade. Desta forma, o n\u00edvel das fontes \u00e9 compar\u00e1vel. Uma caracter\u00edstica verdadeiramente \u00fatil para quem trabalha em masteriza\u00e7\u00e3o.<\/p>\n\n\n\n<figure class=\"wp-block-image size-large\"><img data-recalc-dims=\"1\" loading=\"lazy\" decoding=\"async\" width=\"525\" height=\"159\" src=\"https:\/\/i0.wp.com\/news.avantools.pt\/wp-content\/uploads\/2021\/12\/phonitor2_r_Buchsen-2048x621-1.jpg?resize=525%2C159&#038;ssl=1\" alt=\"\" class=\"wp-image-4900\" srcset=\"https:\/\/i0.wp.com\/news.avantools.pt\/wp-content\/uploads\/2021\/12\/phonitor2_r_Buchsen-2048x621-1.jpg?resize=1024%2C311&amp;ssl=1 1024w, https:\/\/i0.wp.com\/news.avantools.pt\/wp-content\/uploads\/2021\/12\/phonitor2_r_Buchsen-2048x621-1.jpg?resize=300%2C91&amp;ssl=1 300w, https:\/\/i0.wp.com\/news.avantools.pt\/wp-content\/uploads\/2021\/12\/phonitor2_r_Buchsen-2048x621-1.jpg?resize=768%2C233&amp;ssl=1 768w, https:\/\/i0.wp.com\/news.avantools.pt\/wp-content\/uploads\/2021\/12\/phonitor2_r_Buchsen-2048x621-1.jpg?resize=1536%2C466&amp;ssl=1 1536w, https:\/\/i0.wp.com\/news.avantools.pt\/wp-content\/uploads\/2021\/12\/phonitor2_r_Buchsen-2048x621-1.jpg?w=2048&amp;ssl=1 2048w\" sizes=\"auto, (max-width: 767px) 89vw, (max-width: 1000px) 54vw, (max-width: 1071px) 543px, 580px\" \/><\/figure>\n\n\n\n<p>O <em>Phonitor 2<\/em> possui vu\u00edmetros mec\u00e2nicos. que podem ser calibrados atrav\u00e9s do controlo VU Cal. Pela sua pr\u00f3pria natureza, a audi\u00e7\u00e3o pode ser direcionada mais para a esquerda ou mais para a direita. Isso \u00e9 particularmente evidente com a utiliza\u00e7\u00e3o de auscultadores. Por isso, o <em>Phonitor 2<\/em> possui um controlo de lateralidade de alta resolu\u00e7\u00e3o. Com ele, o centro pode ser ajustado com grande rigor.<\/p>\n\n\n\n<div class=\"wp-block-image\"><figure class=\"aligncenter size-large is-resized\"><img data-recalc-dims=\"1\" decoding=\"async\" src=\"https:\/\/i0.wp.com\/news.avantools.pt\/wp-content\/uploads\/2021\/12\/PH_xe_innen2_1200-1.jpg?resize=525%2C394&#038;ssl=1\" alt=\"\" class=\"wp-image-4892\" width=\"525\" height=\"394\" srcset=\"https:\/\/i0.wp.com\/news.avantools.pt\/wp-content\/uploads\/2021\/12\/PH_xe_innen2_1200-1.jpg?resize=1024%2C768&amp;ssl=1 1024w, https:\/\/i0.wp.com\/news.avantools.pt\/wp-content\/uploads\/2021\/12\/PH_xe_innen2_1200-1.jpg?resize=300%2C225&amp;ssl=1 300w, https:\/\/i0.wp.com\/news.avantools.pt\/wp-content\/uploads\/2021\/12\/PH_xe_innen2_1200-1.jpg?resize=768%2C576&amp;ssl=1 768w, https:\/\/i0.wp.com\/news.avantools.pt\/wp-content\/uploads\/2021\/12\/PH_xe_innen2_1200-1.jpg?w=1200&amp;ssl=1 1200w\" sizes=\"(max-width: 767px) 89vw, (max-width: 1000px) 54vw, (max-width: 1071px) 543px, 580px\" \/><figcaption><em>Tecnologia 120V, tamb\u00e9m no novo Phonitor 2<\/em><\/figcaption><\/figure><\/div>\n\n\n\n<p>Fique a saber ainda que o novo <em>Phonitor 2<\/em> usa a tecnologia <em>120V<\/em>, um exclusivo da <strong>SPL<\/strong>, presente noutros equipamentos da marca, cujas caracter\u00edsticas poder\u00e1 ficar a conhecer melhor <a rel=\"noreferrer noopener\" href=\"https:\/\/youtu.be\/Dy5SQN2gRHo\" target=\"_blank\">aqui<\/a>.<\/p>\n\n\n\n<p>Apresent\u00e1mos-lhe um brev\u00edssimo sum\u00e1rio das caracter\u00edsticas do novo <em>Phonitor 2<\/em>. Veja o que profissionais de topo dizem sobre o Phonitor 2 <a rel=\"noreferrer noopener\" href=\"https:\/\/youtu.be\/SFV0tzDJflA\" target=\"_blank\">neste<\/a> e <a href=\"https:\/\/youtu.be\/7FFjo4FzMIA\" target=\"_blank\" rel=\"noreferrer noopener\">neste<\/a><a rel=\"noreferrer noopener\" href=\"https:\/\/youtu.be\/SFV0tzDJflA\" target=\"_blank\"> <\/a> v\u00eddeo Para saber mais <a rel=\"noreferrer noopener\" href=\"https:\/\/spl.audio\/en\/spl-produkt\/phonitor-2-2\/?v=35357b9c8fe4\" target=\"_blank\">consulte esta p\u00e1gina<\/a> ou venha <a rel=\"noreferrer noopener\" href=\"http:\/\/avantools.pt\/cpntacts.html\" target=\"_blank\">falar connosco<\/a>, para ficar a conhecer ainda melhor este revolucion\u00e1rio modelo ou para uma demonstra\u00e7\u00e3o. Veja <a rel=\"noreferrer noopener\" href=\"https:\/\/spl.audio\/en\/?v=35357b9c8fe4\" target=\"_blank\">aqui<\/a> tamb\u00e9m os outros produtos da <strong>SPL<\/strong> ao seu dispor.<\/p>\n\n\n\n<div class=\"wp-block-image\"><figure class=\"aligncenter size-large\"><img data-recalc-dims=\"1\" loading=\"lazy\" decoding=\"async\" width=\"150\" height=\"106\" src=\"https:\/\/i0.wp.com\/news.avantools.pt\/wp-content\/uploads\/2020\/01\/SPLogo_150.jpg?resize=150%2C106&#038;ssl=1\" alt=\"\" class=\"wp-image-2831\"\/><\/figure><\/div>\n\n\n\n<hr class=\"wp-block-separator is-style-wide\"\/>\n","protected":false},"excerpt":{"rendered":"<p>O Phonitor 2 \u00e9 a \u00faltima novidade da SPL. Trata-se de um moderno amplificador de auscultadores, concebido para engenheiros de som, para mistura e masteriza\u00e7\u00e3o baseado em conceitos tecnol\u00f3gicos de excel\u00eancia, como \u00e9 apan\u00e1gio da marca alem\u00e3. Os altifalantes tamb\u00e9m podem ser ligados ao Phonitor 2, o que o transforma num controlador de monitoriza\u00e7\u00e3o de &hellip; <\/p>\n<p class=\"link-more\"><a href=\"https:\/\/news.avantools.pt\/?p=4881\" class=\"more-link\">Continuar a ler <span class=\"screen-reader-text\">&#8220;Phonitor 2: indispens\u00e1vel no est\u00fadio moderno&#8221;<\/span><\/a><\/p>\n","protected":false},"author":2,"featured_media":4897,"comment_status":"closed","ping_status":"open","sticky":false,"template":"","format":"standard","meta":{"_jetpack_memberships_contains_paid_content":false,"footnotes":"","_links_to":"","_links_to_target":""},"categories":[92,464,94,266,96],"tags":[577,32],"class_list":["post-4881","post","type-post","status-publish","format-standard","has-post-thumbnail","hentry","category-broadcast","category-pos-prod","category-studio","category-televisao","category-video","tag-phonitor-2","tag-spl"],"jetpack_featured_media_url":"https:\/\/i0.wp.com\/news.avantools.pt\/wp-content\/uploads\/2021\/12\/p2_silber_makro1-2048x1366-1.jpg?fit=2048%2C1366&ssl=1","jetpack_sharing_enabled":true,"_links":{"self":[{"href":"https:\/\/news.avantools.pt\/index.php?rest_route=\/wp\/v2\/posts\/4881","targetHints":{"allow":["GET"]}}],"collection":[{"href":"https:\/\/news.avantools.pt\/index.php?rest_route=\/wp\/v2\/posts"}],"about":[{"href":"https:\/\/news.avantools.pt\/index.php?rest_route=\/wp\/v2\/types\/post"}],"author":[{"embeddable":true,"href":"https:\/\/news.avantools.pt\/index.php?rest_route=\/wp\/v2\/users\/2"}],"replies":[{"embeddable":true,"href":"https:\/\/news.avantools.pt\/index.php?rest_route=%2Fwp%2Fv2%2Fcomments&post=4881"}],"version-history":[{"count":32,"href":"https:\/\/news.avantools.pt\/index.php?rest_route=\/wp\/v2\/posts\/4881\/revisions"}],"predecessor-version":[{"id":6744,"href":"https:\/\/news.avantools.pt\/index.php?rest_route=\/wp\/v2\/posts\/4881\/revisions\/6744"}],"wp:featuredmedia":[{"embeddable":true,"href":"https:\/\/news.avantools.pt\/index.php?rest_route=\/wp\/v2\/media\/4897"}],"wp:attachment":[{"href":"https:\/\/news.avantools.pt\/index.php?rest_route=%2Fwp%2Fv2%2Fmedia&parent=4881"}],"wp:term":[{"taxonomy":"category","embeddable":true,"href":"https:\/\/news.avantools.pt\/index.php?rest_route=%2Fwp%2Fv2%2Fcategories&post=4881"},{"taxonomy":"post_tag","embeddable":true,"href":"https:\/\/news.avantools.pt\/index.php?rest_route=%2Fwp%2Fv2%2Ftags&post=4881"}],"curies":[{"name":"wp","href":"https:\/\/api.w.org\/{rel}","templated":true}]}}