{"id":4917,"date":"2021-12-13T17:53:45","date_gmt":"2021-12-13T17:53:45","guid":{"rendered":"http:\/\/news.avantools.pt\/?p=4917"},"modified":"2021-12-13T18:02:43","modified_gmt":"2021-12-13T18:02:43","slug":"campanha-upgrades-avid","status":"publish","type":"post","link":"https:\/\/news.avantools.pt\/?p=4917","title":{"rendered":"Campanha upgrades AVID"},"content":{"rendered":"\n<div class=\"wp-block-image\"><figure class=\"aligncenter size-large is-resized\"><img data-recalc-dims=\"1\" loading=\"lazy\" decoding=\"async\" src=\"https:\/\/i0.wp.com\/news.avantools.pt\/wp-content\/uploads\/2021\/12\/AvidCampanha.jpg?resize=525%2C268&#038;ssl=1\" alt=\"\" class=\"wp-image-4918\" width=\"525\" height=\"268\" srcset=\"https:\/\/i0.wp.com\/news.avantools.pt\/wp-content\/uploads\/2021\/12\/AvidCampanha.jpg?w=480&amp;ssl=1 480w, https:\/\/i0.wp.com\/news.avantools.pt\/wp-content\/uploads\/2021\/12\/AvidCampanha.jpg?resize=300%2C153&amp;ssl=1 300w\" sizes=\"auto, (max-width: 525px) 100vw, 525px\" \/><\/figure><\/div>\n\n\n\n<p>A <strong>AVID<\/strong> anunciou que at\u00e9 31 de Dezembro estar\u00e3o dispon\u00edveis os Upgrades\/Reinstatements para quem tenha <em>Plano Expirado<\/em>. <\/p>\n\n\n\n<p>Esta oportunidade permite o <em>upgrade<\/em> e actualiza\u00e7\u00e3o da Licen\u00e7a Perp\u00e9tua desde o Protools 11, 12, 20xx, e renova o Plano de Actualiza\u00e7\u00f5es por mais um ano, com acesso \u00e0s vers\u00f5es em vigor dos respectivos softwares.<br>Para quem tivesse uma Licen\u00e7a Perp\u00e9tua com plano caducado, a solu\u00e7\u00e3o proposta pela <strong>AVID<\/strong> entre 2019 e hoje era apenas substituir os planos das Licen\u00e7as Perp\u00e9tuas por Subscri\u00e7\u00f5es ou manter os planos activos. Agora, a <strong>AVID<\/strong> volta a disponibilizar os <em>Reinstatements<\/em> <strong>at\u00e9 ao final do m\u00eas<\/strong>. <\/p>\n\n\n\n<p>Planos abrangidos:<\/p>\n\n\n\n<ul class=\"wp-block-list\"><li>Pro Tools 1-Year Upgrade with Software Updates + Support Plan&nbsp; &#8211; &nbsp;<\/li><li>Pro Tools | Ultimate 1-Year &nbsp;Upgrade with Software Updates + Support Plan &nbsp;<\/li><li>Sibelius | Ultimate &nbsp;1-Year Upgrade with Software Updates + Support Plan&nbsp;<\/li><li>Sibelius 1-Year Upgrade with Software Updates + Support Plan &nbsp;<\/li><\/ul>\n\n\n\n<p>Apresse-se, portanto e <a rel=\"noreferrer noopener\" href=\"http:\/\/avantools.pt\/contacts.html\" target=\"_blank\">contacte-nos<\/a>.&nbsp;&nbsp;<\/p>\n\n\n\n<div class=\"wp-block-image\"><figure class=\"aligncenter size-medium\"><img data-recalc-dims=\"1\" loading=\"lazy\" decoding=\"async\" width=\"300\" height=\"91\" src=\"https:\/\/i0.wp.com\/news.avantools.pt\/wp-content\/uploads\/2014\/03\/Avid_Technology_Inc._-_Logo.png?resize=300%2C91&#038;ssl=1\" alt=\"\" class=\"wp-image-375\" srcset=\"https:\/\/i0.wp.com\/news.avantools.pt\/wp-content\/uploads\/2014\/03\/Avid_Technology_Inc._-_Logo.png?resize=300%2C91&amp;ssl=1 300w, https:\/\/i0.wp.com\/news.avantools.pt\/wp-content\/uploads\/2014\/03\/Avid_Technology_Inc._-_Logo.png?resize=768%2C232&amp;ssl=1 768w, https:\/\/i0.wp.com\/news.avantools.pt\/wp-content\/uploads\/2014\/03\/Avid_Technology_Inc._-_Logo.png?resize=1024%2C310&amp;ssl=1 1024w, https:\/\/i0.wp.com\/news.avantools.pt\/wp-content\/uploads\/2014\/03\/Avid_Technology_Inc._-_Logo.png?w=2000&amp;ssl=1 2000w, https:\/\/i0.wp.com\/news.avantools.pt\/wp-content\/uploads\/2014\/03\/Avid_Technology_Inc._-_Logo.png?w=1575&amp;ssl=1 1575w\" sizes=\"auto, (max-width: 300px) 100vw, 300px\" \/><\/figure><\/div>\n\n\n\n<hr class=\"wp-block-separator is-style-wide\"\/>\n","protected":false},"excerpt":{"rendered":"<p>A AVID anunciou que at\u00e9 31 de Dezembro estar\u00e3o dispon\u00edveis os Upgrades\/Reinstatements para quem tenha Plano Expirado. Esta oportunidade permite o upgrade e actualiza\u00e7\u00e3o da Licen\u00e7a Perp\u00e9tua desde o Protools 11, 12, 20xx, e renova o Plano de Actualiza\u00e7\u00f5es por mais um ano, com acesso \u00e0s vers\u00f5es em vigor dos respectivos softwares.Para quem tivesse uma &hellip; <\/p>\n<p class=\"link-more\"><a href=\"https:\/\/news.avantools.pt\/?p=4917\" class=\"more-link\">Continuar a ler <span class=\"screen-reader-text\">&#8220;Campanha upgrades AVID&#8221;<\/span><\/a><\/p>\n","protected":false},"author":2,"featured_media":0,"comment_status":"closed","ping_status":"open","sticky":false,"template":"","format":"standard","meta":{"_jetpack_memberships_contains_paid_content":false,"footnotes":"","_links_to":"","_links_to_target":""},"categories":[226,94],"tags":[4,5,578],"class_list":["post-4917","post","type-post","status-publish","format-standard","hentry","category-campanhas","category-studio","tag-avid","tag-protools","tag-sibelius"],"jetpack_featured_media_url":"","jetpack_sharing_enabled":true,"_links":{"self":[{"href":"https:\/\/news.avantools.pt\/index.php?rest_route=\/wp\/v2\/posts\/4917","targetHints":{"allow":["GET"]}}],"collection":[{"href":"https:\/\/news.avantools.pt\/index.php?rest_route=\/wp\/v2\/posts"}],"about":[{"href":"https:\/\/news.avantools.pt\/index.php?rest_route=\/wp\/v2\/types\/post"}],"author":[{"embeddable":true,"href":"https:\/\/news.avantools.pt\/index.php?rest_route=\/wp\/v2\/users\/2"}],"replies":[{"embeddable":true,"href":"https:\/\/news.avantools.pt\/index.php?rest_route=%2Fwp%2Fv2%2Fcomments&post=4917"}],"version-history":[{"count":2,"href":"https:\/\/news.avantools.pt\/index.php?rest_route=\/wp\/v2\/posts\/4917\/revisions"}],"predecessor-version":[{"id":4920,"href":"https:\/\/news.avantools.pt\/index.php?rest_route=\/wp\/v2\/posts\/4917\/revisions\/4920"}],"wp:attachment":[{"href":"https:\/\/news.avantools.pt\/index.php?rest_route=%2Fwp%2Fv2%2Fmedia&parent=4917"}],"wp:term":[{"taxonomy":"category","embeddable":true,"href":"https:\/\/news.avantools.pt\/index.php?rest_route=%2Fwp%2Fv2%2Fcategories&post=4917"},{"taxonomy":"post_tag","embeddable":true,"href":"https:\/\/news.avantools.pt\/index.php?rest_route=%2Fwp%2Fv2%2Ftags&post=4917"}],"curies":[{"name":"wp","href":"https:\/\/api.w.org\/{rel}","templated":true}]}}