{"id":5706,"date":"2022-04-17T00:00:00","date_gmt":"2022-04-16T23:00:00","guid":{"rendered":"http:\/\/news.avantools.pt\/?p=5706"},"modified":"2022-05-06T15:23:29","modified_gmt":"2022-05-06T14:23:29","slug":"controlo-de-escuta-em-estudio","status":"publish","type":"post","link":"https:\/\/news.avantools.pt\/?p=5706","title":{"rendered":"Controlo de escuta em est\u00fadio (1)"},"content":{"rendered":"\n<p class=\"has-drop-cap\">Uma quest\u00e3o central em qualquer est\u00fadio \u00e9 o controlo da escuta. Os dias em que s\u00f3 era necess\u00e1rio controlar uma escuta est\u00e9reo de 2 canais ou at\u00e9 mesmo formatos <em>surround<\/em> 5.1 ou 7.1, acabaram. A variedade existente hoje de formatos de \u00e1udio, a diversidade de modelos de projec\u00e7\u00e3o sonora e a configura\u00e7\u00e3o dos respectivos sistemas de escuta, determinam a necessidade de selec\u00e7\u00e3o de fontes especializadas e da utiliza\u00e7\u00e3o de equipamentos de controlo de n\u00edvel, multicanal, que sirvam este prop\u00f3sito. Muitos est\u00fadios operam ainda, e assim continuar\u00e3o, por algum tempo, a operar nos formatos cl\u00e1ssicos, mas este panorama est\u00e1 a mudar rapidamente. O <em>Feedforward<\/em> inicia hoje uma s\u00e9rie em que se falar\u00e1 das alternantivas que lhe propomos para controlar todos estes diferentes formatos e as respectivas configura\u00e7\u00f5es do <em>hardware<\/em>. Fique atento \u00e0s propostas que temos para si. Come\u00e7amos com as solu\u00e7\u00f5es da <strong>Studio Technologies<\/strong>.<\/p>\n\n\n\n<div class=\"wp-block-image\"><figure class=\"aligncenter size-large\"><img data-recalc-dims=\"1\" loading=\"lazy\" decoding=\"async\" width=\"525\" height=\"137\" src=\"https:\/\/i0.wp.com\/news.avantools.pt\/wp-content\/uploads\/2022\/04\/m792m793_2000.jpg?resize=525%2C137&#038;ssl=1\" alt=\"\" class=\"wp-image-5720\" srcset=\"https:\/\/i0.wp.com\/news.avantools.pt\/wp-content\/uploads\/2022\/04\/m792m793_2000.jpg?resize=1024%2C268&amp;ssl=1 1024w, https:\/\/i0.wp.com\/news.avantools.pt\/wp-content\/uploads\/2022\/04\/m792m793_2000.jpg?resize=300%2C78&amp;ssl=1 300w, https:\/\/i0.wp.com\/news.avantools.pt\/wp-content\/uploads\/2022\/04\/m792m793_2000.jpg?resize=768%2C201&amp;ssl=1 768w, https:\/\/i0.wp.com\/news.avantools.pt\/wp-content\/uploads\/2022\/04\/m792m793_2000.jpg?resize=1536%2C402&amp;ssl=1 1536w, https:\/\/i0.wp.com\/news.avantools.pt\/wp-content\/uploads\/2022\/04\/m792m793_2000.jpg?w=2000&amp;ssl=1 2000w\" sizes=\"auto, (max-width: 767px) 89vw, (max-width: 1000px) 54vw, (max-width: 1071px) 543px, 580px\" \/><figcaption><em>Modelo 792 Central Controller e Modelo 793 Control Console<\/em><\/figcaption><\/figure><\/div>\n\n\n\n<p><strong>Qual \u00e9 o sistema de gest\u00e3o de escuta mais adequado \u00e0s suas necessidades? <\/strong><\/p>\n\n\n\n<p>Um sistema de gest\u00e3o da escuta de um est\u00fadio permite-lhe o controlo do(s) seu(s) sistemas de escuta e do seu som. Investir num sistema adequado \u00e9 uma necessdade absolutamente essencial para um est\u00fadio. Estes tipo de equipamentos permite-lhe ajustar o volume de cada monitor de est\u00fadio de forma independente, distribuir, por exemplo, duas vers\u00f5es da mesma mistura por dois sistemas de monitores independentes, ajustar o n\u00edvel de sa\u00edda de auscultadores, o n\u00edvel dos <em>subwoofers<\/em> ou controlar o n\u00edvel do <em>talkback<\/em> entre o engenheiro de som e o m\u00fasico. Estas s\u00e3o fun\u00e7\u00f5es b\u00e1sicas de um sistema de gest\u00e3o de escuta. <\/p>\n\n\n\n<p>A diversidade de sistemas de projec\u00e7\u00e3o sonora existente hoje \u00e9 significativa. Do cl\u00e1ssico est\u00e9reo, de dois canais, ao <em>surround<\/em> 5.1, 7.1, 10.2, etc., que acomoda formatos como o Ambisonics, THX Surround EX, Dolby digital ES, DTS-ES, o recente Atmos e tantos outros. As aplica\u00e7\u00f5es s\u00e3o imensas: da m\u00fasica, ao video, cinema, jogos, <em>broadcast<\/em>, etc..<\/p>\n\n\n\n<p>A <strong>Studio Technologies<\/strong> produz uma gama muito diversificada de solu\u00e7\u00f5es adequadas a cada uma destas fun\u00e7\u00f5es. As diferentes propostas assentam num conjunto que compreende uma unidade central e numa consola de controlo com diferentes capacidades. <\/p>\n\n\n\n<div class=\"wp-block-image\"><figure class=\"aligncenter size-large is-resized\"><img data-recalc-dims=\"1\" loading=\"lazy\" decoding=\"async\" src=\"https:\/\/i0.wp.com\/news.avantools.pt\/wp-content\/uploads\/2022\/04\/m77_f_800.jpg?resize=478%2C436&#038;ssl=1\" alt=\"\" class=\"wp-image-5721\" width=\"478\" height=\"436\" srcset=\"https:\/\/i0.wp.com\/news.avantools.pt\/wp-content\/uploads\/2022\/04\/m77_f_800.jpg?w=800&amp;ssl=1 800w, https:\/\/i0.wp.com\/news.avantools.pt\/wp-content\/uploads\/2022\/04\/m77_f_800.jpg?resize=300%2C273&amp;ssl=1 300w, https:\/\/i0.wp.com\/news.avantools.pt\/wp-content\/uploads\/2022\/04\/m77_f_800.jpg?resize=768%2C700&amp;ssl=1 768w\" sizes=\"auto, (max-width: 478px) 100vw, 478px\" \/><\/figure><\/div>\n\n\n\n<p><strong>As solu\u00e7\u00f5es Studio Technologies<\/strong><\/p>\n\n\n\n<p>Os diferentes controladores centrais diferem na sua capacidade de aceitar entradas e sa\u00eddas anal\u00f3gicas ou digitais (est\u00e9reo, 5.1 ou 7.1) ou ambas. Encontra  modelos que oferecem apenas a op\u00e7\u00e3o anal\u00f3gica, apenas digital, ou ambas, tamb\u00e9m no formato est\u00e9reo, 5.1 ou 7.1. O modelo de topo 792 oferece um m\u00e1ximo de 16 canais, com configura\u00e7\u00e3o alargada e interface Dante, para est\u00fadios assentes em tecnologia AoIP. <\/p>\n\n\n\n<div class=\"wp-block-image\"><figure class=\"aligncenter size-large is-resized\"><img data-recalc-dims=\"1\" loading=\"lazy\" decoding=\"async\" src=\"https:\/\/i0.wp.com\/news.avantools.pt\/wp-content\/uploads\/2022\/04\/m71_fb_1200.jpg?resize=396%2C184&#038;ssl=1\" alt=\"\" class=\"wp-image-5725\" width=\"396\" height=\"184\" srcset=\"https:\/\/i0.wp.com\/news.avantools.pt\/wp-content\/uploads\/2022\/04\/m71_fb_1200.jpg?resize=1024%2C476&amp;ssl=1 1024w, https:\/\/i0.wp.com\/news.avantools.pt\/wp-content\/uploads\/2022\/04\/m71_fb_1200.jpg?resize=300%2C140&amp;ssl=1 300w, https:\/\/i0.wp.com\/news.avantools.pt\/wp-content\/uploads\/2022\/04\/m71_fb_1200.jpg?resize=768%2C357&amp;ssl=1 768w, https:\/\/i0.wp.com\/news.avantools.pt\/wp-content\/uploads\/2022\/04\/m71_fb_1200.jpg?w=1200&amp;ssl=1 1200w\" sizes=\"auto, (max-width: 396px) 100vw, 396px\" \/><\/figure><\/div>\n\n\n\n<p>As consolas de controlo v\u00e3o desde a mais simples modelo 71, passando pelas mais complexas destinadas ao modelos de controladores centrais com op\u00e7\u00e3o anal\u00f3gica e digital (modelo 77 e 790), at\u00e9 ao modelo 793, destinado ao controlador central 792, acima referido.<\/p>\n\n\n\n<div class=\"wp-block-image\"><figure class=\"aligncenter size-large\"><img data-recalc-dims=\"1\" loading=\"lazy\" decoding=\"async\" width=\"525\" height=\"64\" src=\"https:\/\/i0.wp.com\/news.avantools.pt\/wp-content\/uploads\/2022\/04\/m792_f_2000.jpg?resize=525%2C64&#038;ssl=1\" alt=\"\" class=\"wp-image-5726\" srcset=\"https:\/\/i0.wp.com\/news.avantools.pt\/wp-content\/uploads\/2022\/04\/m792_f_2000.jpg?resize=1024%2C124&amp;ssl=1 1024w, https:\/\/i0.wp.com\/news.avantools.pt\/wp-content\/uploads\/2022\/04\/m792_f_2000.jpg?resize=300%2C36&amp;ssl=1 300w, https:\/\/i0.wp.com\/news.avantools.pt\/wp-content\/uploads\/2022\/04\/m792_f_2000.jpg?resize=768%2C93&amp;ssl=1 768w, https:\/\/i0.wp.com\/news.avantools.pt\/wp-content\/uploads\/2022\/04\/m792_f_2000.jpg?resize=1536%2C187&amp;ssl=1 1536w, https:\/\/i0.wp.com\/news.avantools.pt\/wp-content\/uploads\/2022\/04\/m792_f_2000.jpg?w=2000&amp;ssl=1 2000w\" sizes=\"auto, (max-width: 767px) 89vw, (max-width: 1000px) 54vw, (max-width: 1071px) 543px, 580px\" \/><\/figure><\/div>\n\n\n\n<div class=\"wp-block-image\"><figure class=\"aligncenter size-large is-resized\"><img data-recalc-dims=\"1\" loading=\"lazy\" decoding=\"async\" src=\"https:\/\/i0.wp.com\/news.avantools.pt\/wp-content\/uploads\/2022\/04\/m793_t_1200.jpg?resize=466%2C350&#038;ssl=1\" alt=\"\" class=\"wp-image-5722\" width=\"466\" height=\"350\" srcset=\"https:\/\/i0.wp.com\/news.avantools.pt\/wp-content\/uploads\/2022\/04\/m793_t_1200.jpg?resize=1024%2C770&amp;ssl=1 1024w, https:\/\/i0.wp.com\/news.avantools.pt\/wp-content\/uploads\/2022\/04\/m793_t_1200.jpg?resize=300%2C226&amp;ssl=1 300w, https:\/\/i0.wp.com\/news.avantools.pt\/wp-content\/uploads\/2022\/04\/m793_t_1200.jpg?resize=768%2C577&amp;ssl=1 768w, https:\/\/i0.wp.com\/news.avantools.pt\/wp-content\/uploads\/2022\/04\/m793_t_1200.jpg?w=1200&amp;ssl=1 1200w\" sizes=\"auto, (max-width: 466px) 100vw, 466px\" \/><\/figure><\/div>\n\n\n\n<p>Poder\u00e1 ver as diferen\u00e7as entre todos estes modelos <a rel=\"noreferrer noopener\" href=\"https:\/\/studio-tech.com\/product-type\/studiocomm-loudspeaker-monitor-control\/\" target=\"_blank\">aqui<\/a>, <a rel=\"noreferrer noopener\" href=\"https:\/\/studio-tech.com\/studiocomm-loudspeaker-monitor-control-systems-feature-by-feature-comparison-chart\/\" target=\"_blank\">Aqui<\/a> poder\u00e1 consultar uma tabela de compara\u00e7\u00e3o entre as caracter\u00edsticas de todos os modelos oferecidos pela <strong>Studio Technologies<\/strong>. Mas se quiser ficar a saber ainda mais ou se necessitar de aconselhamento sobre qual o modelo mais adequado \u00e0s suas necessidades espec\u00edficas, <a rel=\"noreferrer noopener\" href=\"http:\/\/avantools.pt\/contacts.html\" target=\"_blank\">contacte-nos<\/a>, por favor.<\/p>\n\n\n\n<div class=\"wp-block-image\"><figure class=\"aligncenter size-large is-resized\"><img data-recalc-dims=\"1\" loading=\"lazy\" decoding=\"async\" src=\"https:\/\/i0.wp.com\/news.avantools.pt\/wp-content\/uploads\/2018\/10\/STI-Logo-Green.png?resize=413%2C110&#038;ssl=1\" alt=\"\" class=\"wp-image-1611\" width=\"413\" height=\"110\" srcset=\"https:\/\/i0.wp.com\/news.avantools.pt\/wp-content\/uploads\/2018\/10\/STI-Logo-Green.png?w=1000&amp;ssl=1 1000w, https:\/\/i0.wp.com\/news.avantools.pt\/wp-content\/uploads\/2018\/10\/STI-Logo-Green.png?resize=300%2C80&amp;ssl=1 300w, https:\/\/i0.wp.com\/news.avantools.pt\/wp-content\/uploads\/2018\/10\/STI-Logo-Green.png?resize=768%2C204&amp;ssl=1 768w\" sizes=\"auto, (max-width: 413px) 100vw, 413px\" \/><\/figure><\/div>\n\n\n\n<hr class=\"wp-block-separator is-style-wide\"\/>\n","protected":false},"excerpt":{"rendered":"<p>Uma quest\u00e3o central em qualquer est\u00fadio \u00e9 o controlo da escuta. Os dias em que s\u00f3 era necess\u00e1rio controlar uma escuta est\u00e9reo de 2 canais ou at\u00e9 mesmo formatos surround 5.1 ou 7.1, acabaram. A variedade existente hoje de formatos de \u00e1udio, a diversidade de modelos de projec\u00e7\u00e3o sonora e a configura\u00e7\u00e3o dos respectivos sistemas &hellip; <\/p>\n<p class=\"link-more\"><a href=\"https:\/\/news.avantools.pt\/?p=5706\" class=\"more-link\">Continuar a ler <span class=\"screen-reader-text\">&#8220;Controlo de escuta em est\u00fadio (1)&#8221;<\/span><\/a><\/p>\n","protected":false},"author":2,"featured_media":5720,"comment_status":"closed","ping_status":"open","sticky":false,"template":"","format":"standard","meta":{"_jetpack_memberships_contains_paid_content":false,"footnotes":"","_links_to":"","_links_to_target":""},"categories":[92,464,483,93,94,96],"tags":[608,119],"class_list":["post-5706","post","type-post","status-publish","format-standard","has-post-thumbnail","hentry","category-broadcast","category-pos-prod","category-producao","category-radio","category-studio","category-video","tag-studio-monitor-control","tag-studio-technologies"],"jetpack_featured_media_url":"https:\/\/i0.wp.com\/news.avantools.pt\/wp-content\/uploads\/2022\/04\/m792m793_2000.jpg?fit=2000%2C523&ssl=1","jetpack_sharing_enabled":true,"_links":{"self":[{"href":"https:\/\/news.avantools.pt\/index.php?rest_route=\/wp\/v2\/posts\/5706","targetHints":{"allow":["GET"]}}],"collection":[{"href":"https:\/\/news.avantools.pt\/index.php?rest_route=\/wp\/v2\/posts"}],"about":[{"href":"https:\/\/news.avantools.pt\/index.php?rest_route=\/wp\/v2\/types\/post"}],"author":[{"embeddable":true,"href":"https:\/\/news.avantools.pt\/index.php?rest_route=\/wp\/v2\/users\/2"}],"replies":[{"embeddable":true,"href":"https:\/\/news.avantools.pt\/index.php?rest_route=%2Fwp%2Fv2%2Fcomments&post=5706"}],"version-history":[{"count":42,"href":"https:\/\/news.avantools.pt\/index.php?rest_route=\/wp\/v2\/posts\/5706\/revisions"}],"predecessor-version":[{"id":5865,"href":"https:\/\/news.avantools.pt\/index.php?rest_route=\/wp\/v2\/posts\/5706\/revisions\/5865"}],"wp:featuredmedia":[{"embeddable":true,"href":"https:\/\/news.avantools.pt\/index.php?rest_route=\/wp\/v2\/media\/5720"}],"wp:attachment":[{"href":"https:\/\/news.avantools.pt\/index.php?rest_route=%2Fwp%2Fv2%2Fmedia&parent=5706"}],"wp:term":[{"taxonomy":"category","embeddable":true,"href":"https:\/\/news.avantools.pt\/index.php?rest_route=%2Fwp%2Fv2%2Fcategories&post=5706"},{"taxonomy":"post_tag","embeddable":true,"href":"https:\/\/news.avantools.pt\/index.php?rest_route=%2Fwp%2Fv2%2Ftags&post=5706"}],"curies":[{"name":"wp","href":"https:\/\/api.w.org\/{rel}","templated":true}]}}