{"id":5808,"date":"2022-04-29T19:46:40","date_gmt":"2022-04-29T18:46:40","guid":{"rendered":"http:\/\/news.avantools.pt\/?p=5808"},"modified":"2023-01-27T21:08:44","modified_gmt":"2023-01-27T21:08:44","slug":"controlo-de-escuta-em-estudio-3","status":"publish","type":"post","link":"https:\/\/news.avantools.pt\/?p=5808","title":{"rendered":"Controlo de escuta em est\u00fadio (3)"},"content":{"rendered":"\n<p class=\"has-drop-cap\">Uma quest\u00e3o central em qualquer est\u00fadio \u00e9 o controlo da escuta. A variedade existente hoje de formatos de \u00e1udio, a diversidade de modelos de projec\u00e7\u00e3o sonora e a configura\u00e7\u00e3o dos respectivos sistemas de escuta, determinam a necessidade de selec\u00e7\u00e3o de fontes especializadas e da utiliza\u00e7\u00e3o de equipamentos de controlo de n\u00edvel, multicanal, que sirvam este prop\u00f3sito. O formato est\u00e9reo prevalece. O <em>Feedforward<\/em> continua esta s\u00e9rie dedicada a contoladores de escuta em est\u00fadio, uma s\u00e9rie em que falamos das alternativas que lhe propomos para controlar a escuta do seu est\u00fadio. Daqui poder\u00e1 concluir qual a op\u00e7\u00e3o mais apropriada \u00e0s suas necessidades e or\u00e7amento. Hoje trazemos-lhe um novo e s\u00f3lido modelo, que acaba de ser disponibilizado pela <strong>SPL<\/strong>. Um modelo de escuta cl\u00e1ssico de est\u00fadio, recheado de novas fun\u00e7\u00f5es e qualidades que o v\u00e3o surpreender. <\/p>\n\n\n\n<figure class=\"wp-block-image size-large\"><img data-recalc-dims=\"1\" loading=\"lazy\" decoding=\"async\" width=\"525\" height=\"295\" src=\"https:\/\/i0.wp.com\/news.avantools.pt\/wp-content\/uploads\/2022\/04\/SPL_MTC-Mk2_Front_transparent.png?resize=525%2C295&#038;ssl=1\" alt=\"\" class=\"wp-image-5836\" srcset=\"https:\/\/i0.wp.com\/news.avantools.pt\/wp-content\/uploads\/2022\/04\/SPL_MTC-Mk2_Front_transparent.png?resize=1024%2C576&amp;ssl=1 1024w, https:\/\/i0.wp.com\/news.avantools.pt\/wp-content\/uploads\/2022\/04\/SPL_MTC-Mk2_Front_transparent.png?resize=300%2C169&amp;ssl=1 300w, https:\/\/i0.wp.com\/news.avantools.pt\/wp-content\/uploads\/2022\/04\/SPL_MTC-Mk2_Front_transparent.png?resize=768%2C432&amp;ssl=1 768w, https:\/\/i0.wp.com\/news.avantools.pt\/wp-content\/uploads\/2022\/04\/SPL_MTC-Mk2_Front_transparent.png?resize=1536%2C864&amp;ssl=1 1536w, https:\/\/i0.wp.com\/news.avantools.pt\/wp-content\/uploads\/2022\/04\/SPL_MTC-Mk2_Front_transparent.png?resize=2048%2C1152&amp;ssl=1 2048w\" sizes=\"auto, (max-width: 767px) 89vw, (max-width: 1000px) 54vw, (max-width: 1071px) 543px, 580px\" \/><\/figure>\n\n\n\n<p><strong>Novos caminhos da escuta em est\u00fadio<\/strong><\/p>\n\n\n\n<p>Sucessor do popular modelo <a rel=\"noreferrer noopener\" href=\"https:\/\/spl.audio\/en\/spl-produkt\/mtc\/\" target=\"_blank\">MTC<\/a> (entretanto, descontinuado) a SPL prop\u00f5e-nos agora o novo <em>MTC MkII<\/em> como solu\u00e7\u00e3o para o controlo da escuta em est\u00fadio. Um modelo de estrutura estereof\u00f3nica, recheado de novas, extremamente \u00fateis e excitantes possibilidades. <\/p>\n\n\n\n<p>O <em>MTC MkII<\/em> permite escolher entre quatro fontes de entrada est\u00e9reo (uma das quais pode ser atribu\u00edda para actuar como um <em>cue mix<\/em> dedicado) e tr\u00eas pares de altifalantes, com uma sa\u00edda \u00fanica fornecendo um sinal somado para alimentar um <em>subwoofer<\/em> ou altifalante mono. Outro par de sa\u00eddas permite que o <em>cue mix<\/em> seja passado para outro equipamento, um amplificador de auscultadores, por exemplo, enquanto uma sa\u00edda <em>talkback<\/em> permite que o sinal de um microfone interno seja ligado a um sistema de altifalantes na sala de capta\u00e7\u00e3o, ou a um interface A\/D que permitem mais op\u00e7\u00f5es de liga\u00e7\u00e3o. O <em>talkback<\/em> pode ser activado por meio de um bot\u00e3o no painel frontal ou de um pedal TS\/TRS a uma entrada no painel traseiro. Outra sa\u00edda est\u00e9reo permite liga\u00e7\u00f5es a outras fontes como analisadores externos, que reflectem o n\u00edvel presente nas sa\u00eddas dos altifalantes.<\/p>\n\n\n\n<p><strong>Fun\u00e7\u00f5es \u00fanicas<\/strong><\/p>\n\n\n\n<div class=\"wp-block-image\"><figure class=\"alignleft size-large is-resized\"><img data-recalc-dims=\"1\" loading=\"lazy\" decoding=\"async\" src=\"https:\/\/i0.wp.com\/news.avantools.pt\/wp-content\/uploads\/2022\/04\/full-control.jpg?resize=183%2C207&#038;ssl=1\" alt=\"\" class=\"wp-image-5841\" width=\"183\" height=\"207\" srcset=\"https:\/\/i0.wp.com\/news.avantools.pt\/wp-content\/uploads\/2022\/04\/full-control.jpg?w=605&amp;ssl=1 605w, https:\/\/i0.wp.com\/news.avantools.pt\/wp-content\/uploads\/2022\/04\/full-control.jpg?resize=265%2C300&amp;ssl=1 265w\" sizes=\"auto, (max-width: 183px) 100vw, 183px\" \/><\/figure><\/div>\n\n\n\n<p>O grande bot\u00e3o de alum\u00ednio no centro do painel frontal permite o controlo geral de n\u00edvel, com uma s\u00e9rie de interruptores ao longo da faixa superior, que se destinam a controlar todas as fun\u00e7\u00f5es de comuta\u00e7\u00e3o e monitoriza\u00e7\u00e3o. <\/p>\n\n\n\n<p>O <em>MTC MkII<\/em> possui dois amplificadores de auscultadores integrados, cada um com seu pr\u00f3prio controle de volume, com o segundo tendo a op\u00e7\u00e3o de ser configurado como uma mistura de teste para os m\u00fasicos, fornecido atrav\u00e9s da entrada de sinaliza\u00e7\u00e3o. Ambas as sa\u00eddas de auscultadores incluem o <em>Phonitor Matrix<\/em> da <strong>SPL<\/strong>, uma vers\u00e3o simplificada dos recursos encontrados nos amplificadores de auscultadores <em>Phonitor<\/em>, de que anteriormente lhe fal\u00e1mos aqui no <em>Feedforward<\/em>. O <em>MTC Mk2<\/em> oferece som de auscutadores duplamente! O est\u00e1gio de sa\u00edda dos amplificadores de auscultadores \u00e9 projetado como um amplificador push-pull no modo Classe AB. Os transistores bipolares compartilham a amplifica\u00e7\u00e3o das meias ondas positiva e negativa, o que produz um ganho maior e uma tens\u00e3o de sa\u00edda mais alta do que na opera\u00e7\u00e3o Classe A, onde apenas um transistor amplifica as duas meias ondas. <\/p>\n\n\n\n<div class=\"wp-block-image\"><figure class=\"alignright size-large is-resized\"><img data-recalc-dims=\"1\" loading=\"lazy\" decoding=\"async\" src=\"https:\/\/i0.wp.com\/news.avantools.pt\/wp-content\/uploads\/2022\/04\/phonitor_visual_grafik.png?resize=303%2C203&#038;ssl=1\" alt=\"\" class=\"wp-image-5842\" width=\"303\" height=\"203\" srcset=\"https:\/\/i0.wp.com\/news.avantools.pt\/wp-content\/uploads\/2022\/04\/phonitor_visual_grafik.png?resize=1024%2C686&amp;ssl=1 1024w, https:\/\/i0.wp.com\/news.avantools.pt\/wp-content\/uploads\/2022\/04\/phonitor_visual_grafik.png?resize=300%2C201&amp;ssl=1 300w, https:\/\/i0.wp.com\/news.avantools.pt\/wp-content\/uploads\/2022\/04\/phonitor_visual_grafik.png?resize=768%2C514&amp;ssl=1 768w, https:\/\/i0.wp.com\/news.avantools.pt\/wp-content\/uploads\/2022\/04\/phonitor_visual_grafik.png?w=1060&amp;ssl=1 1060w\" sizes=\"auto, (max-width: 303px) 100vw, 303px\" \/><\/figure><\/div>\n\n\n\n<p>Os transistores do est\u00e1gio de sa\u00edda s\u00e3o acoplados termicamente e, portanto, funcionam de forma particularmente coerente, o que contribui para uma imagem de som consistente e est\u00e1vel. A fonte de alimenta\u00e7\u00e3o possui um <em>buffer<\/em> de baixa resist\u00eancia de fonte, garantindo reservas de corrente suficientes, mesmo a alimentar auscultadores de baixa imped\u00e2ncia. <\/p>\n\n\n\n<p><strong>Mais fun\u00e7\u00f5es<\/strong><\/p>\n\n\n\n<p>Um interruptor <em>Dim<\/em> atenua a sa\u00edda activa em 10dB, um interruptor <em>Mute<\/em> de altifalante permite que os utilizadores desliguem rapidamente todas as sa\u00eddas de altifalante e um segundo <em>Mute<\/em> controla as sa\u00eddas dos auscultadores. Em termos de fun\u00e7\u00f5es de escuta, existem op\u00e7\u00f5es para <em>LR Swap<\/em>, <em>Polarity<\/em> e <em>Mono<\/em>. Al\u00e9m disso, estas duas fun\u00e7\u00f5es podem ser combinadas para fornecer sinal M\/S. Uma caracter\u00edstica \u00fanica neste g\u00e9nero de equipamentos. Usando o <em>Mono<\/em> e o interruptor de invers\u00e3o de fase em conjunto, \u00e9 poss\u00edvel ouvir apenas o sinal M ou S. Quando em <em>Modo Mono<\/em> e quando a invers\u00e3o de fase est\u00e1 activa, apenas o sinal S \u00e9 reproduzido. Se a invers\u00e3o de fase estiver desactivada, \u00e9 reproduzido o sinal <em>Mono<\/em>, correspondente ao sinal M. A escuta separada dos sinais M e S tornou-se um pr\u00e1tica comum em casos de mistura e masteriza\u00e7\u00e3o.<\/p>\n\n\n\n<figure class=\"wp-block-image size-large\"><img data-recalc-dims=\"1\" loading=\"lazy\" decoding=\"async\" width=\"525\" height=\"295\" src=\"https:\/\/i0.wp.com\/news.avantools.pt\/wp-content\/uploads\/2022\/04\/SPL_MTC-Mk2_Back_transparent.png?resize=525%2C295&#038;ssl=1\" alt=\"\" class=\"wp-image-5837\" srcset=\"https:\/\/i0.wp.com\/news.avantools.pt\/wp-content\/uploads\/2022\/04\/SPL_MTC-Mk2_Back_transparent.png?resize=1024%2C576&amp;ssl=1 1024w, https:\/\/i0.wp.com\/news.avantools.pt\/wp-content\/uploads\/2022\/04\/SPL_MTC-Mk2_Back_transparent.png?resize=300%2C169&amp;ssl=1 300w, https:\/\/i0.wp.com\/news.avantools.pt\/wp-content\/uploads\/2022\/04\/SPL_MTC-Mk2_Back_transparent.png?resize=768%2C432&amp;ssl=1 768w, https:\/\/i0.wp.com\/news.avantools.pt\/wp-content\/uploads\/2022\/04\/SPL_MTC-Mk2_Back_transparent.png?resize=1536%2C864&amp;ssl=1 1536w, https:\/\/i0.wp.com\/news.avantools.pt\/wp-content\/uploads\/2022\/04\/SPL_MTC-Mk2_Back_transparent.png?resize=2048%2C1152&amp;ssl=1 2048w\" sizes=\"auto, (max-width: 767px) 89vw, (max-width: 1000px) 54vw, (max-width: 1071px) 543px, 580px\" \/><figcaption><em>Painel traseiro do MTC MkII<\/em><\/figcaption><\/figure>\n\n\n\n<p>O novo <em>MTC MkII<\/em> \u00e9 um exemplo particularmente significativo da engenharia alem\u00e3, bem concebido, inovador, s\u00f3lido e fi\u00e1vel, um produto com a garantia <strong>SP<\/strong>L. <\/p>\n\n\n\n<p>Procur\u00e1mos-lhe trazer-lhe aqui uma breve olhar sobre o novo <em>MTC MkII<\/em>. Se quiser saber mais sobre este modelo veja <a rel=\"noreferrer noopener\" href=\"https:\/\/spl.audio\/en\/spl-produkt\/mtc-mk2\/\" target=\"_blank\">aqui<\/a>. Para saber mais sobre o <em>Phonitor<\/em> e os seus fundamentos veja <a rel=\"noreferrer noopener\" href=\"https:\/\/news.avantools.pt\/?p=4881\" target=\"_blank\">aqui<\/a>. Mas fique a saber mais ainda, <a rel=\"noreferrer noopener\" href=\"http:\/\/avantools.pt\/contacts.html\" target=\"_blank\">consultando-nos<\/a>. Colaboraremos consigo na procura da solu\u00e7\u00e3o que mais se adquea \u00e0s suas necessidades.<\/p>\n\n\n\n<div class=\"wp-block-image\"><figure class=\"aligncenter size-large\"><img data-recalc-dims=\"1\" loading=\"lazy\" decoding=\"async\" width=\"150\" height=\"106\" src=\"https:\/\/i0.wp.com\/news.avantools.pt\/wp-content\/uploads\/2020\/01\/SPLogo_150.jpg?resize=150%2C106&#038;ssl=1\" alt=\"\" class=\"wp-image-2831\"\/><\/figure><\/div>\n\n\n\n<hr class=\"wp-block-separator is-style-wide\"\/>\n","protected":false},"excerpt":{"rendered":"<p>Uma quest\u00e3o central em qualquer est\u00fadio \u00e9 o controlo da escuta. A variedade existente hoje de formatos de \u00e1udio, a diversidade de modelos de projec\u00e7\u00e3o sonora e a configura\u00e7\u00e3o dos respectivos sistemas de escuta, determinam a necessidade de selec\u00e7\u00e3o de fontes especializadas e da utiliza\u00e7\u00e3o de equipamentos de controlo de n\u00edvel, multicanal, que sirvam este &hellip; <\/p>\n<p class=\"link-more\"><a href=\"https:\/\/news.avantools.pt\/?p=5808\" class=\"more-link\">Continuar a ler <span class=\"screen-reader-text\">&#8220;Controlo de escuta em est\u00fadio (3)&#8221;<\/span><\/a><\/p>\n","protected":false},"author":2,"featured_media":5840,"comment_status":"closed","ping_status":"open","sticky":false,"template":"","format":"standard","meta":{"_jetpack_memberships_contains_paid_content":false,"footnotes":"","_links_to":"","_links_to_target":""},"categories":[92,464,483,94,266,96],"tags":[610,32],"class_list":["post-5808","post","type-post","status-publish","format-standard","has-post-thumbnail","hentry","category-broadcast","category-pos-prod","category-producao","category-studio","category-televisao","category-video","tag-mtcmkii","tag-spl"],"jetpack_featured_media_url":"https:\/\/i0.wp.com\/news.avantools.pt\/wp-content\/uploads\/2022\/04\/SPL_MTC-Mk2_Angled_blue-1024x576-1.png?fit=1024%2C576&ssl=1","jetpack_sharing_enabled":true,"_links":{"self":[{"href":"https:\/\/news.avantools.pt\/index.php?rest_route=\/wp\/v2\/posts\/5808","targetHints":{"allow":["GET"]}}],"collection":[{"href":"https:\/\/news.avantools.pt\/index.php?rest_route=\/wp\/v2\/posts"}],"about":[{"href":"https:\/\/news.avantools.pt\/index.php?rest_route=\/wp\/v2\/types\/post"}],"author":[{"embeddable":true,"href":"https:\/\/news.avantools.pt\/index.php?rest_route=\/wp\/v2\/users\/2"}],"replies":[{"embeddable":true,"href":"https:\/\/news.avantools.pt\/index.php?rest_route=%2Fwp%2Fv2%2Fcomments&post=5808"}],"version-history":[{"count":39,"href":"https:\/\/news.avantools.pt\/index.php?rest_route=\/wp\/v2\/posts\/5808\/revisions"}],"predecessor-version":[{"id":7525,"href":"https:\/\/news.avantools.pt\/index.php?rest_route=\/wp\/v2\/posts\/5808\/revisions\/7525"}],"wp:featuredmedia":[{"embeddable":true,"href":"https:\/\/news.avantools.pt\/index.php?rest_route=\/wp\/v2\/media\/5840"}],"wp:attachment":[{"href":"https:\/\/news.avantools.pt\/index.php?rest_route=%2Fwp%2Fv2%2Fmedia&parent=5808"}],"wp:term":[{"taxonomy":"category","embeddable":true,"href":"https:\/\/news.avantools.pt\/index.php?rest_route=%2Fwp%2Fv2%2Fcategories&post=5808"},{"taxonomy":"post_tag","embeddable":true,"href":"https:\/\/news.avantools.pt\/index.php?rest_route=%2Fwp%2Fv2%2Ftags&post=5808"}],"curies":[{"name":"wp","href":"https:\/\/api.w.org\/{rel}","templated":true}]}}