{"id":6061,"date":"2022-05-27T21:37:13","date_gmt":"2022-05-27T20:37:13","guid":{"rendered":"http:\/\/news.avantools.pt\/?p=6061"},"modified":"2022-05-30T12:12:11","modified_gmt":"2022-05-30T11:12:11","slug":"funcionalidade-com-estilo","status":"publish","type":"post","link":"https:\/\/news.avantools.pt\/?p=6061","title":{"rendered":"Funcionalidade com estilo"},"content":{"rendered":"\n<p class=\"has-drop-cap\">Funcionalidade, sim, total. Com estilo, sim, com muito estilo. O sistema <strong>m!ka<\/strong> da <strong>YELLOWTEC<\/strong> foi projectado tendo em vista uma integra\u00e7\u00e3o perfeita dos seus elementos. Este sistema de montagem para microfones e monitores oferece uma combina\u00e7\u00e3o elegante e poderosa de componentes. A sua configura\u00e7\u00e3o \u00e9 f\u00e1cil e permite acomodar, da maneira mais flex\u00edvel, as caracter\u00edsticas \u00fanicas do seu est\u00fadio. As possibilidades s\u00e3o numerosas, a efici\u00eancia \u00e9 m\u00e1xima, a personalidade dos produtos da linha <strong>m!ka<\/strong> da <strong>YELLOWTEC<\/strong> \u00e9 not\u00e1vel.<\/p>\n\n\n\n<figure class=\"wp-block-image size-large\"><img data-recalc-dims=\"1\" loading=\"lazy\" decoding=\"async\" width=\"525\" height=\"219\" src=\"https:\/\/i0.wp.com\/news.avantools.pt\/wp-content\/uploads\/2022\/05\/Screenshot-2022-05-27-at-21-12-35-Yellowtec-mka.png?resize=525%2C219&#038;ssl=1\" alt=\"\" class=\"wp-image-6092\" srcset=\"https:\/\/i0.wp.com\/news.avantools.pt\/wp-content\/uploads\/2022\/05\/Screenshot-2022-05-27-at-21-12-35-Yellowtec-mka.png?resize=1024%2C427&amp;ssl=1 1024w, https:\/\/i0.wp.com\/news.avantools.pt\/wp-content\/uploads\/2022\/05\/Screenshot-2022-05-27-at-21-12-35-Yellowtec-mka.png?resize=300%2C125&amp;ssl=1 300w, https:\/\/i0.wp.com\/news.avantools.pt\/wp-content\/uploads\/2022\/05\/Screenshot-2022-05-27-at-21-12-35-Yellowtec-mka.png?resize=768%2C321&amp;ssl=1 768w, https:\/\/i0.wp.com\/news.avantools.pt\/wp-content\/uploads\/2022\/05\/Screenshot-2022-05-27-at-21-12-35-Yellowtec-mka.png?w=1440&amp;ssl=1 1440w\" sizes=\"auto, (max-width: 767px) 89vw, (max-width: 1000px) 54vw, (max-width: 1071px) 543px, 580px\" \/><\/figure>\n\n\n\n<p>O sistema de montagem para microfones e monitores <strong>m!ka<\/strong> da <strong>YELLOWTEC<\/strong> permite-lhe obter espa\u00e7os de trabalho arrumados e bem organizados, mantendo sua \u00e1rea de trabalho limpa, ocultando a maioria dos cabos e reduzindo o n\u00famero de pontos de montagem. Menos confus\u00e3o com o equipamento, mais espa\u00e7o para as suas ideias. O sistema <strong>m!ka<\/strong> oferece muito mais op\u00e7\u00f5es do que outros sistemas, facilmente combin\u00e1veis, do modo e aonde for necess\u00e1rio. Nada mais flex\u00edvel, nada mais robusto. O mais flex\u00edvel e mais robusto do mercado. Tamb\u00e9m o que revela o mais cuidado design.<\/p>\n\n\n\n<p>O sistema <strong>m!ka<\/strong> acomoda microfones, monitores de computador, <em>tablets<\/em> ou um simples bloco de notas. \u00c9 facilmente ajust\u00e1vel atrav\u00e9s do seu m\u00e9todo de fixa\u00e7\u00e3o e orienta\u00e7\u00e3o. Se a configura\u00e7\u00e3o do seu est\u00fadio ou cabine mudar, o seu sistema <strong>m!ka<\/strong> ajustar-se-\u00e1 facilmente. Em qualquer nova situa\u00e7\u00e3o \u00e9 sempre poss\u00edvel desfrutar das qualidades deste sistema. Est\u00e3o dispon\u00edveis numerosas op\u00e7\u00f5es de montagem. O sistema <strong>m!ka<\/strong> adapta-se a qualquer superf\u00edcie de montagem e as diversas op\u00e7\u00f5es de postes adicionais oferecem-lhe umquantidade significativa de possibilidades, configur\u00e1veis \u00e0 medida das suas necessidades ou expans\u00e3o futura. <\/p>\n\n\n\n<div class=\"wp-block-image\"><figure class=\"aligncenter size-large\"><img data-recalc-dims=\"1\" loading=\"lazy\" decoding=\"async\" width=\"525\" height=\"297\" src=\"https:\/\/i0.wp.com\/news.avantools.pt\/wp-content\/uploads\/2022\/05\/Screenshot-2022-05-27-at-21-22-28-Yellowtec-mka-Sets.png?resize=525%2C297&#038;ssl=1\" alt=\"\" class=\"wp-image-6096\" srcset=\"https:\/\/i0.wp.com\/news.avantools.pt\/wp-content\/uploads\/2022\/05\/Screenshot-2022-05-27-at-21-22-28-Yellowtec-mka-Sets.png?w=720&amp;ssl=1 720w, https:\/\/i0.wp.com\/news.avantools.pt\/wp-content\/uploads\/2022\/05\/Screenshot-2022-05-27-at-21-22-28-Yellowtec-mka-Sets.png?resize=300%2C170&amp;ssl=1 300w\" sizes=\"auto, (max-width: 525px) 100vw, 525px\" \/><\/figure><\/div>\n\n\n\n<p>O sistema <strong>m!ka<\/strong> suporta microfones, monitores de computador, em todas as configura\u00e7\u00f5es poss\u00edveis, <em>tablets<\/em> e at\u00e9 c\u00e2maras, uma op\u00e7\u00e3o de extrema utilidade, agora que a video-r\u00e1dio \u00e9 uma realidade em expans\u00e3o. Numa r\u00e1dio cada vez mais vis\u00edvel, o sistema <strong>m!ka<\/strong> oferece a flexibilidade e a robustez, mas tamb\u00e9m uma imagem de grande imapcto. <\/p>\n\n\n\n<p>No caso do uso para microfones, o <strong>m!ka<\/strong> usa uma rosca padr\u00e3o de 5\/8&#8243;, com liga\u00e7\u00e3o do cabo de microfone internamente, atrav\u00e9s do bra\u00e7o. Os bra\u00e7os de microfone <strong>m!ka<\/strong> s\u00e3o pr\u00e9-ajustados de modo a acomodarem a maioria dos modelos de microfone. Sempre que necess\u00e1rio, \u00e9 poss\u00edvel equilibrar o bra\u00e7o ajustando a mola interna. Mesmo com microfones pesados \u200b, os bra\u00e7os do sistema <strong>m!ka<\/strong> podem ser perfeitamente contrabalan\u00e7ados, sem problemas. Os bra\u00e7os <strong>m!ka<\/strong> ajudam a usar com efici\u00eancia o espa\u00e7o limitado e proporcionam uma vis\u00e3o desimpedida. No caso dos monitores, com o <strong>m!ka<\/strong> \u00e9 f\u00e1cil colocar v\u00e1rios pr\u00f3ximos ou um em cima do outro e poder\u00e1 juntar fun\u00e7\u00f5es adicionais combinando-os com acess\u00f3rios <strong>m!ka<\/strong> para colocar textos ou dispositivos m\u00f3veis, por exemplo, ou, como referido, <em>webcams<\/em>.<\/p>\n\n\n\n<figure class=\"wp-block-image size-large\"><img data-recalc-dims=\"1\" loading=\"lazy\" decoding=\"async\" width=\"525\" height=\"271\" src=\"https:\/\/i0.wp.com\/news.avantools.pt\/wp-content\/uploads\/2022\/05\/Screenshot-2022-05-27-at-21-24-20-Yellowtec-mka.png?resize=525%2C271&#038;ssl=1\" alt=\"\" class=\"wp-image-6097\" srcset=\"https:\/\/i0.wp.com\/news.avantools.pt\/wp-content\/uploads\/2022\/05\/Screenshot-2022-05-27-at-21-24-20-Yellowtec-mka.png?resize=1024%2C528&amp;ssl=1 1024w, https:\/\/i0.wp.com\/news.avantools.pt\/wp-content\/uploads\/2022\/05\/Screenshot-2022-05-27-at-21-24-20-Yellowtec-mka.png?resize=300%2C155&amp;ssl=1 300w, https:\/\/i0.wp.com\/news.avantools.pt\/wp-content\/uploads\/2022\/05\/Screenshot-2022-05-27-at-21-24-20-Yellowtec-mka.png?resize=768%2C396&amp;ssl=1 768w, https:\/\/i0.wp.com\/news.avantools.pt\/wp-content\/uploads\/2022\/05\/Screenshot-2022-05-27-at-21-24-20-Yellowtec-mka.png?w=1440&amp;ssl=1 1440w\" sizes=\"auto, (max-width: 767px) 89vw, (max-width: 1000px) 54vw, (max-width: 1071px) 543px, 580px\" \/><\/figure>\n\n\n\n<p>A par da sua perfeita funcionalidde e enorme robustez, o design dos produtos da linha <strong>m!ka<\/strong> \u00e9, manifestamente, um dos seus pontos fortes. Visualmente, \u00e9 imposs\u00edvel passar despercebida a marca deixada por esta linha de produtos. Os elementos do sistema podem ser fornecidos em duas vers\u00f5es, ambas com ou sem luz (<em>on air\/off air<\/em>). \u00c9 poss\u00edvel escolher o acabamento que mais se ajusta \u00e0 imagem do seu est\u00fadio, preto mate ou met\u00e1lico anodizado. Qualquer que seja essa escolha, a linha de produtos do sistema de montagem <strong>m!ka<\/strong> acrescentar\u00e1 um toque de classe e profissionalismo, t\u00e3o importante num momento em que a visibilidade \u00e9 essencial. O <strong>m!ka<\/strong> \u00e9 tamb\u00e9m, sem d\u00favida, o mais belo sistema de montagem de microfones e monitores, dispon\u00edvel no mercado.<\/p>\n\n\n\n<div class=\"wp-block-image\"><figure class=\"aligncenter size-large\"><img data-recalc-dims=\"1\" loading=\"lazy\" decoding=\"async\" width=\"487\" height=\"428\" src=\"https:\/\/i0.wp.com\/news.avantools.pt\/wp-content\/uploads\/2022\/05\/mika-monitor-mounting-system-S.png?resize=487%2C428&#038;ssl=1\" alt=\"\" class=\"wp-image-6095\" srcset=\"https:\/\/i0.wp.com\/news.avantools.pt\/wp-content\/uploads\/2022\/05\/mika-monitor-mounting-system-S.png?w=487&amp;ssl=1 487w, https:\/\/i0.wp.com\/news.avantools.pt\/wp-content\/uploads\/2022\/05\/mika-monitor-mounting-system-S.png?resize=300%2C264&amp;ssl=1 300w\" sizes=\"auto, (max-width: 487px) 100vw, 487px\" \/><\/figure><\/div>\n\n\n\n<p>O <strong>m!ka<\/strong> est\u00e1 agora tamb\u00e9m dispon\u00edvel em conjuntos pr\u00e9-configurados, para um ainda maior conforto na escolha.  <\/p>\n\n\n\n<p>Veja <a rel=\"noreferrer noopener\" href=\"https:\/\/www.yellowtec.com\/mika.html\" target=\"_blank\">aqui<\/a> tudo sobre o sistema <strong>m!ka<\/strong>, incluindo numerosos v\u00eddeos com informa\u00e7\u00e3o importante sobre os produtos desta linha e as diferentes op\u00e7\u00f5es de montagem. Aproveite e <a rel=\"noreferrer noopener\" href=\"https:\/\/www.yellowtec.com\/\" target=\"_blank\">conhe\u00e7a<\/a> tamb\u00e9m os outros produtos da linha <strong>YELLOWTEC<\/strong>. <a rel=\"noreferrer noopener\" href=\"http:\/\/avantools.pt\/contacts.html\" target=\"_blank\">Contacte-nos<\/a> para mais informa\u00e7\u00f5es ou para encontramos a solu\u00e7\u00e3o m!ika mais adequada para si.<\/p>\n","protected":false},"excerpt":{"rendered":"<p>Funcionalidade, sim, total. Com estilo, sim, com muito estilo. O sistema m!ka da YELLOWTEC foi projectado tendo em vista uma integra\u00e7\u00e3o perfeita dos seus elementos. Este sistema de montagem para microfones e monitores oferece uma combina\u00e7\u00e3o elegante e poderosa de componentes. A sua configura\u00e7\u00e3o \u00e9 f\u00e1cil e permite acomodar, da maneira mais flex\u00edvel, as caracter\u00edsticas &hellip; <\/p>\n<p class=\"link-more\"><a href=\"https:\/\/news.avantools.pt\/?p=6061\" class=\"more-link\">Continuar a ler <span class=\"screen-reader-text\">&#8220;Funcionalidade com estilo&#8221;<\/span><\/a><\/p>\n","protected":false},"author":2,"featured_media":6092,"comment_status":"closed","ping_status":"open","sticky":false,"template":"","format":"standard","meta":{"_jetpack_memberships_contains_paid_content":false,"footnotes":"","_links_to":"","_links_to_target":""},"categories":[92,93],"tags":[62,59],"class_list":["post-6061","post","type-post","status-publish","format-standard","has-post-thumbnail","hentry","category-broadcast","category-radio","tag-mka","tag-yellowtec"],"jetpack_featured_media_url":"https:\/\/i0.wp.com\/news.avantools.pt\/wp-content\/uploads\/2022\/05\/Screenshot-2022-05-27-at-21-12-35-Yellowtec-mka.png?fit=1440%2C601&ssl=1","jetpack_sharing_enabled":true,"_links":{"self":[{"href":"https:\/\/news.avantools.pt\/index.php?rest_route=\/wp\/v2\/posts\/6061","targetHints":{"allow":["GET"]}}],"collection":[{"href":"https:\/\/news.avantools.pt\/index.php?rest_route=\/wp\/v2\/posts"}],"about":[{"href":"https:\/\/news.avantools.pt\/index.php?rest_route=\/wp\/v2\/types\/post"}],"author":[{"embeddable":true,"href":"https:\/\/news.avantools.pt\/index.php?rest_route=\/wp\/v2\/users\/2"}],"replies":[{"embeddable":true,"href":"https:\/\/news.avantools.pt\/index.php?rest_route=%2Fwp%2Fv2%2Fcomments&post=6061"}],"version-history":[{"count":45,"href":"https:\/\/news.avantools.pt\/index.php?rest_route=\/wp\/v2\/posts\/6061\/revisions"}],"predecessor-version":[{"id":6119,"href":"https:\/\/news.avantools.pt\/index.php?rest_route=\/wp\/v2\/posts\/6061\/revisions\/6119"}],"wp:featuredmedia":[{"embeddable":true,"href":"https:\/\/news.avantools.pt\/index.php?rest_route=\/wp\/v2\/media\/6092"}],"wp:attachment":[{"href":"https:\/\/news.avantools.pt\/index.php?rest_route=%2Fwp%2Fv2%2Fmedia&parent=6061"}],"wp:term":[{"taxonomy":"category","embeddable":true,"href":"https:\/\/news.avantools.pt\/index.php?rest_route=%2Fwp%2Fv2%2Fcategories&post=6061"},{"taxonomy":"post_tag","embeddable":true,"href":"https:\/\/news.avantools.pt\/index.php?rest_route=%2Fwp%2Fv2%2Ftags&post=6061"}],"curies":[{"name":"wp","href":"https:\/\/api.w.org\/{rel}","templated":true}]}}