{"id":6223,"date":"2022-06-10T12:30:51","date_gmt":"2022-06-10T11:30:51","guid":{"rendered":"http:\/\/news.avantools.pt\/?p=6223"},"modified":"2022-06-10T15:47:05","modified_gmt":"2022-06-10T14:47:05","slug":"bolero-na-comedie-francaise","status":"publish","type":"post","link":"https:\/\/news.avantools.pt\/?p=6223","title":{"rendered":"Bolero na Com\u00e9die Fran\u00e7aise"},"content":{"rendered":"\n<p class=\"has-drop-cap\">No espa\u00e7o onde funciona a mais velha companhia de teatro do mundo, a Com\u00e9die Fran\u00e7aise, funcionava tamb\u00e9m um velho sistema de intercomunica\u00e7\u00e3o, UHF, sem fios. Perante a necessidade de atender a novos desafios e perante a actividade impar\u00e1vel da companhia, o velho sistema de intercomunica\u00e7\u00e3o tinha de ser substitu\u00eddo. As especifica\u00e7\u00f5es para o novo sistema eram simples: fornecer \u00e0 hist\u00f3rica companhia de teatro uma configura\u00e7\u00e3o r\u00e1pida e flex\u00edvel, que assegurasse uma opera\u00e7\u00e3o fi\u00e1vel e uma qualidade de \u00e1udio impec\u00e1vel. A escolha para garantir estes crit\u00e9rios n\u00e3o podia ser outra: o <em>Bolero<\/em> da <strong>RIEDEL<\/strong>.<\/p>\n\n\n\n<div class=\"wp-block-image\"><figure class=\"aligncenter size-large\"><img data-recalc-dims=\"1\" loading=\"lazy\" decoding=\"async\" width=\"525\" height=\"394\" src=\"https:\/\/i0.wp.com\/news.avantools.pt\/wp-content\/uploads\/2022\/06\/csm_Riedel-Comedie_Francaise_3_2c0cb73c17.jpg?resize=525%2C394&#038;ssl=1\" alt=\"\" class=\"wp-image-6236\" srcset=\"https:\/\/i0.wp.com\/news.avantools.pt\/wp-content\/uploads\/2022\/06\/csm_Riedel-Comedie_Francaise_3_2c0cb73c17.jpg?resize=1024%2C768&amp;ssl=1 1024w, https:\/\/i0.wp.com\/news.avantools.pt\/wp-content\/uploads\/2022\/06\/csm_Riedel-Comedie_Francaise_3_2c0cb73c17.jpg?resize=300%2C225&amp;ssl=1 300w, https:\/\/i0.wp.com\/news.avantools.pt\/wp-content\/uploads\/2022\/06\/csm_Riedel-Comedie_Francaise_3_2c0cb73c17.jpg?resize=768%2C576&amp;ssl=1 768w, https:\/\/i0.wp.com\/news.avantools.pt\/wp-content\/uploads\/2022\/06\/csm_Riedel-Comedie_Francaise_3_2c0cb73c17.jpg?resize=1536%2C1152&amp;ssl=1 1536w, https:\/\/i0.wp.com\/news.avantools.pt\/wp-content\/uploads\/2022\/06\/csm_Riedel-Comedie_Francaise_3_2c0cb73c17.jpg?w=1920&amp;ssl=1 1920w\" sizes=\"auto, (max-width: 767px) 89vw, (max-width: 1000px) 54vw, (max-width: 1071px) 543px, 580px\" \/><\/figure><\/div>\n\n\n\n<p>Os n\u00fameros s\u00e3o impressionantes. As exig\u00eancias de funcionamento s\u00e3o extremas. Todos os dias, na sua Salle Richelieu, com 860 lugares, a <a rel=\"noreferrer noopener\" href=\"https:\/\/www.comedie-francaise.fr\/\" target=\"_blank\">Com\u00e9die-Fran\u00e7aise<\/a> \u2013 a hist\u00f3rica institui\u00e7\u00e3o cultural francesa, tamb\u00e9m conhecida como <em>La Maison de Moli\u00e8re<\/em> \u2013 realiza at\u00e9 tr\u00eas mudan\u00e7as de cen\u00e1rio, para ensaios e para o espect\u00e1culo da noite. Isto obriga a um funcionamento do seu sistema de intercomunica\u00e7\u00e3o durante 8 a 10 horas por dia. Perante este tipo de press\u00e3o, robustez e fiabilidade do equipamento s\u00e3o cruciais. Al\u00e9m disso, com uma rota\u00e7\u00e3o de 160 t\u00e9cnicos, a companhia exige mudan\u00e7a de configura\u00e7\u00f5es sem esfor\u00e7o, entre os utilizadores. Por outro lado, a <em>Salle Richelieu<\/em> tem mais de 230 anos. Tal como sucede em muitos outros edif\u00edcios desta natureza, espalhados pelo mundo e tamb\u00e9m, naturalmente, em Portugal, qualquer nova tecnologia exige uma instala\u00e7\u00e3o que n\u00e3o altere ou danifique o patrim\u00f3nio arquitect\u00f3nico, frequentemente classificado.<\/p>\n\n\n\n<figure class=\"wp-block-image size-large\"><img data-recalc-dims=\"1\" loading=\"lazy\" decoding=\"async\" width=\"525\" height=\"394\" src=\"https:\/\/i0.wp.com\/news.avantools.pt\/wp-content\/uploads\/2022\/06\/csm_Riedel-Comedie_Francaise_4_eb44cead19.jpg?resize=525%2C394&#038;ssl=1\" alt=\"\" class=\"wp-image-6237\" srcset=\"https:\/\/i0.wp.com\/news.avantools.pt\/wp-content\/uploads\/2022\/06\/csm_Riedel-Comedie_Francaise_4_eb44cead19.jpg?resize=1024%2C768&amp;ssl=1 1024w, https:\/\/i0.wp.com\/news.avantools.pt\/wp-content\/uploads\/2022\/06\/csm_Riedel-Comedie_Francaise_4_eb44cead19.jpg?resize=300%2C225&amp;ssl=1 300w, https:\/\/i0.wp.com\/news.avantools.pt\/wp-content\/uploads\/2022\/06\/csm_Riedel-Comedie_Francaise_4_eb44cead19.jpg?resize=768%2C576&amp;ssl=1 768w, https:\/\/i0.wp.com\/news.avantools.pt\/wp-content\/uploads\/2022\/06\/csm_Riedel-Comedie_Francaise_4_eb44cead19.jpg?resize=1536%2C1152&amp;ssl=1 1536w, https:\/\/i0.wp.com\/news.avantools.pt\/wp-content\/uploads\/2022\/06\/csm_Riedel-Comedie_Francaise_4_eb44cead19.jpg?w=1920&amp;ssl=1 1920w\" sizes=\"auto, (max-width: 767px) 89vw, (max-width: 1000px) 54vw, (max-width: 1071px) 543px, 580px\" \/><\/figure>\n\n\n\n<p>Perante este panorama, e perante a necessidade de substituir o obsoleto sistema de intercomunica\u00e7\u00e3o UHF, sem fios, tornava-se imperioso definir novas especifica\u00e7\u00f5es, que satisfizessem as novas exig\u00eancias. Por tudo isto, a <em>Com\u00e9die Fran\u00e7aise<\/em> escolheu o sistema <em>Bolero<\/em> da <strong>RIEDEL<\/strong>, que fornece \u00e0 hist\u00f3rica companhia de teatro uma configura\u00e7\u00e3o r\u00e1pida e flex\u00edvel, garantindo uma opera\u00e7\u00e3o fi\u00e1vel e um sinal \u00e1udio de primeira qualidade. O <em>Bolero Standalone Application<\/em> &#8211; uma actualiza\u00e7\u00e3o poss\u00edvel por licen\u00e7a para o sistema &#8211; oferece simplicidade, <em>plug-and-play<\/em>, diz-se. Permite, por exemplo, que at\u00e9 100 antenas e unidades de cinto sejam facilmente configuradas por meio de um <em>browser<\/em>, sem a necessidade de uma matriz de intercomunica\u00e7\u00e3o. Actualmente, a Com\u00e9die Fran\u00e7aise utiliza 30 unidades de cinto sem fio <em>Bolero<\/em> e cinco antenas est\u00e3o implantadas por toda a <em>Salle Richelieu<\/em>, para uma cobertura completa.<\/p>\n\n\n\n<p>Com caracter\u00edsticas \u00fanicas, tecnologia avan\u00e7ada, configura\u00e7\u00f5es de instala\u00e7\u00e3o diversificadas, capazes de se adaptarem \u00e0s mais complexas situa\u00e7\u00f5es e com a proverbial robustez, fiabilidade e flexibilidade, o <em><a rel=\"noreferrer noopener\" href=\"https:\/\/www.riedel.net\/products-solutions\/intercom\/bolero-wireless-intercom\/\" target=\"_blank\">Bolero<\/a><\/em> da <strong>RIEDEL<\/strong> \u00e9, sem margem para d\u00favida, o sistema de intercomunica\u00e7\u00e3o mais poderoso, fi\u00e1vel e avan\u00e7ado do mercado.<\/p>\n\n\n\n<figure class=\"wp-block-image size-large\"><img data-recalc-dims=\"1\" loading=\"lazy\" decoding=\"async\" width=\"525\" height=\"388\" src=\"https:\/\/i0.wp.com\/news.avantools.pt\/wp-content\/uploads\/2020\/11\/Bolero.jpg?resize=525%2C388&#038;ssl=1\" alt=\"\" class=\"wp-image-3616\" srcset=\"https:\/\/i0.wp.com\/news.avantools.pt\/wp-content\/uploads\/2020\/11\/Bolero.jpg?w=910&amp;ssl=1 910w, https:\/\/i0.wp.com\/news.avantools.pt\/wp-content\/uploads\/2020\/11\/Bolero.jpg?resize=300%2C222&amp;ssl=1 300w, https:\/\/i0.wp.com\/news.avantools.pt\/wp-content\/uploads\/2020\/11\/Bolero.jpg?resize=768%2C567&amp;ssl=1 768w\" sizes=\"auto, (max-width: 767px) 89vw, (max-width: 1000px) 54vw, (max-width: 1071px) 543px, 580px\" \/><\/figure>\n\n\n\n<p>Segundo Patrick Moch, Director T\u00e9cnico Adjunto da <em>Com\u00e9die Fran\u00e7aise<\/em>, o sistema <em>Bolero<\/em> da <strong>RIEDEL<\/strong> foi a escolha perfeita. \u201cN\u00e3o s\u00f3 o sistema provou ser extremamente fi\u00e1vel, como, por se tratar de uma solu\u00e7\u00e3o descentralizada, instal\u00e1-lo no nosso edif\u00edcio hist\u00f3rico foi muito f\u00e1cil. Tudo o que tivemos que fazer foi colocar as antenas onde precis\u00e1vamos para uma cobertura completa, sem necessidade de matriz. E com a capacidade de ligar at\u00e9 10 unidades de cinto a cada antena, conseguimos reduzir o n\u00famero de antenas necess\u00e1rias em mais da metade, quando comparado com outras solu\u00e7\u00f5es. Al\u00e9m disso, os nossos t\u00e9cnicos adoram a possibilidade de construir  perfis de configura\u00e7\u00e3o personaliz\u00e1veis, que simplificam a troca de configura\u00e7\u00f5es entre diferentes utilizadores.\u201d<\/p>\n\n\n\n<figure class=\"wp-block-image size-large\"><img data-recalc-dims=\"1\" loading=\"lazy\" decoding=\"async\" width=\"525\" height=\"350\" src=\"https:\/\/i0.wp.com\/news.avantools.pt\/wp-content\/uploads\/2022\/06\/4091efbf34f6464fcd2212e79c309c65.jpg?resize=525%2C350&#038;ssl=1\" alt=\"\" class=\"wp-image-6258\" srcset=\"https:\/\/i0.wp.com\/news.avantools.pt\/wp-content\/uploads\/2022\/06\/4091efbf34f6464fcd2212e79c309c65.jpg?resize=1024%2C683&amp;ssl=1 1024w, https:\/\/i0.wp.com\/news.avantools.pt\/wp-content\/uploads\/2022\/06\/4091efbf34f6464fcd2212e79c309c65.jpg?resize=300%2C200&amp;ssl=1 300w, https:\/\/i0.wp.com\/news.avantools.pt\/wp-content\/uploads\/2022\/06\/4091efbf34f6464fcd2212e79c309c65.jpg?resize=768%2C512&amp;ssl=1 768w, https:\/\/i0.wp.com\/news.avantools.pt\/wp-content\/uploads\/2022\/06\/4091efbf34f6464fcd2212e79c309c65.jpg?resize=1536%2C1024&amp;ssl=1 1536w, https:\/\/i0.wp.com\/news.avantools.pt\/wp-content\/uploads\/2022\/06\/4091efbf34f6464fcd2212e79c309c65.jpg?w=1920&amp;ssl=1 1920w\" sizes=\"auto, (max-width: 767px) 89vw, (max-width: 1000px) 54vw, (max-width: 1071px) 543px, 580px\" \/><\/figure>\n\n\n\n<p>No futuro, o car\u00e1cter modular do sistema permitir\u00e1 que a companhia adicione mais unidades de cinto, uma matriz <em><a rel=\"noreferrer noopener\" href=\"https:\/\/www.riedel.net\/products-solutions\/intercom\/artist-matrix-intercom\/hardware\/\" target=\"_blank\">Artist<\/a><\/em> ou <em><a rel=\"noreferrer noopener\" href=\"https:\/\/www.riedel.net\/products-solutions\/intercom\/smartpanels\/1200-series\/\" target=\"_blank\">SmartPanels<\/a><\/em>, quano se verificar a sua necessidade e \u00e0 medida que as condi\u00e7\u00f5es de funcionamento evoluirem, o que protege o investimento na solu\u00e7\u00e3o <em>Bolero<\/em> do desafio do futuro.<\/p>\n\n\n\n<p>Saiba mais sobre o projecto da <em>Com\u00e9die Fran\u00e7aise<\/em> <a rel=\"noreferrer noopener\" href=\"https:\/\/www.riedel.net\/news\/news-detail\/riedel-bolero-intercom-system-provides-the-comedie-francaise-with-robust-reliable-solution-for-dai\/\" target=\"_blank\">aqui<\/a>. Saiba mais sobre o <a rel=\"noreferrer noopener\" href=\"https:\/\/www.riedel.net\/products-solutions\/intercom\/bolero-wireless-intercom\/\" target=\"_blank\">Bolero<\/a> e <a rel=\"noreferrer noopener\" href=\"https:\/\/www.riedel.net\/products-solutions\/intercom\/\" target=\"_blank\">outras solu\u00e7\u00f5es<\/a> <strong>RIEDEL<\/strong> de intercomunica\u00e7\u00e3o. <a rel=\"noreferrer noopener\" href=\"http:\/\/avantools.pt\/contacts.html\" target=\"_blank\">Venha falar connosco<\/a> para mais informa\u00e7\u00f5es sobre este equipamento e sobre a forma como poderemos satisfazer as suas necessidades de intercomunica\u00e7\u00e3o.<\/p>\n\n\n\n<p><\/p>\n\n\n\n<div class=\"wp-block-image\"><figure class=\"aligncenter size-large is-resized\"><img data-recalc-dims=\"1\" loading=\"lazy\" decoding=\"async\" src=\"https:\/\/i0.wp.com\/news.avantools.pt\/wp-content\/uploads\/2018\/11\/Riedel_Logo.png?resize=525%2C154&#038;ssl=1\" alt=\"\" class=\"wp-image-1634\" width=\"525\" height=\"154\" srcset=\"https:\/\/i0.wp.com\/news.avantools.pt\/wp-content\/uploads\/2018\/11\/Riedel_Logo.png?resize=1024%2C302&amp;ssl=1 1024w, https:\/\/i0.wp.com\/news.avantools.pt\/wp-content\/uploads\/2018\/11\/Riedel_Logo.png?resize=300%2C88&amp;ssl=1 300w, https:\/\/i0.wp.com\/news.avantools.pt\/wp-content\/uploads\/2018\/11\/Riedel_Logo.png?resize=768%2C226&amp;ssl=1 768w, https:\/\/i0.wp.com\/news.avantools.pt\/wp-content\/uploads\/2018\/11\/Riedel_Logo.png?w=1280&amp;ssl=1 1280w\" sizes=\"auto, (max-width: 525px) 100vw, 525px\" \/><\/figure><\/div>\n\n\n\n<hr class=\"wp-block-separator is-style-wide\"\/>\n","protected":false},"excerpt":{"rendered":"<p>No espa\u00e7o onde funciona a mais velha companhia de teatro do mundo, a Com\u00e9die Fran\u00e7aise, funcionava tamb\u00e9m um velho sistema de intercomunica\u00e7\u00e3o, UHF, sem fios. Perante a necessidade de atender a novos desafios e perante a actividade impar\u00e1vel da companhia, o velho sistema de intercomunica\u00e7\u00e3o tinha de ser substitu\u00eddo. As especifica\u00e7\u00f5es para o novo sistema &hellip; <\/p>\n<p class=\"link-more\"><a href=\"https:\/\/news.avantools.pt\/?p=6223\" class=\"more-link\">Continuar a ler <span class=\"screen-reader-text\">&#8220;Bolero na Com\u00e9die Fran\u00e7aise&#8221;<\/span><\/a><\/p>\n","protected":false},"author":2,"featured_media":6240,"comment_status":"closed","ping_status":"open","sticky":false,"template":"","format":"standard","meta":{"_jetpack_memberships_contains_paid_content":false,"footnotes":"","_links_to":"","_links_to_target":""},"categories":[95,538],"tags":[445,111,619,9,475],"class_list":["post-6223","post","type-post","status-publish","format-standard","has-post-thumbnail","hentry","category-live","category-venues","tag-artist-1024","tag-bolero","tag-comedie-francaise","tag-riedel","tag-smartpanel-1200"],"jetpack_featured_media_url":"https:\/\/i0.wp.com\/news.avantools.pt\/wp-content\/uploads\/2022\/06\/csm_Riedel-Comedie_Francaise_1_32fdda5b37.jpg?fit=1920%2C1440&ssl=1","jetpack_sharing_enabled":true,"_links":{"self":[{"href":"https:\/\/news.avantools.pt\/index.php?rest_route=\/wp\/v2\/posts\/6223","targetHints":{"allow":["GET"]}}],"collection":[{"href":"https:\/\/news.avantools.pt\/index.php?rest_route=\/wp\/v2\/posts"}],"about":[{"href":"https:\/\/news.avantools.pt\/index.php?rest_route=\/wp\/v2\/types\/post"}],"author":[{"embeddable":true,"href":"https:\/\/news.avantools.pt\/index.php?rest_route=\/wp\/v2\/users\/2"}],"replies":[{"embeddable":true,"href":"https:\/\/news.avantools.pt\/index.php?rest_route=%2Fwp%2Fv2%2Fcomments&post=6223"}],"version-history":[{"count":41,"href":"https:\/\/news.avantools.pt\/index.php?rest_route=\/wp\/v2\/posts\/6223\/revisions"}],"predecessor-version":[{"id":6275,"href":"https:\/\/news.avantools.pt\/index.php?rest_route=\/wp\/v2\/posts\/6223\/revisions\/6275"}],"wp:featuredmedia":[{"embeddable":true,"href":"https:\/\/news.avantools.pt\/index.php?rest_route=\/wp\/v2\/media\/6240"}],"wp:attachment":[{"href":"https:\/\/news.avantools.pt\/index.php?rest_route=%2Fwp%2Fv2%2Fmedia&parent=6223"}],"wp:term":[{"taxonomy":"category","embeddable":true,"href":"https:\/\/news.avantools.pt\/index.php?rest_route=%2Fwp%2Fv2%2Fcategories&post=6223"},{"taxonomy":"post_tag","embeddable":true,"href":"https:\/\/news.avantools.pt\/index.php?rest_route=%2Fwp%2Fv2%2Ftags&post=6223"}],"curies":[{"name":"wp","href":"https:\/\/api.w.org\/{rel}","templated":true}]}}