{"id":651,"date":"2018-04-01T00:26:36","date_gmt":"2018-03-31T23:26:36","guid":{"rendered":"http:\/\/news.avantools.pt\/?p=651"},"modified":"2018-06-15T18:12:08","modified_gmt":"2018-06-15T17:12:08","slug":"eurovision-song-contest-2018","status":"publish","type":"post","link":"https:\/\/news.avantools.pt\/?p=651","title":{"rendered":"Eurovision Song Contest 2018"},"content":{"rendered":"<p>A <b><strong>RIEDEL<\/strong><\/b> tem tudo pronto para viajar para Lisboa. \u00c9 o <b><strong>Eurovision Song Contest 2018<\/strong><\/b>. A festa prepara-se para Maio.<\/p>\n<p>Vamos l\u00e1 estar.<\/p>\n<p>&nbsp;<\/p>\n<p style=\"text-align: center;\"><img data-recalc-dims=\"1\" loading=\"lazy\" decoding=\"async\" class=\"aligncenter wp-image-1343 size-large\" src=\"https:\/\/i0.wp.com\/news.avantools.pt\/wp-content\/uploads\/2018\/05\/Riedel_Eurovision.jpg?resize=525%2C338&#038;ssl=1\" alt=\"\" width=\"525\" height=\"338\" srcset=\"https:\/\/i0.wp.com\/news.avantools.pt\/wp-content\/uploads\/2018\/05\/Riedel_Eurovision.jpg?resize=1024%2C660&amp;ssl=1 1024w, https:\/\/i0.wp.com\/news.avantools.pt\/wp-content\/uploads\/2018\/05\/Riedel_Eurovision.jpg?resize=300%2C194&amp;ssl=1 300w, https:\/\/i0.wp.com\/news.avantools.pt\/wp-content\/uploads\/2018\/05\/Riedel_Eurovision.jpg?resize=768%2C495&amp;ssl=1 768w, https:\/\/i0.wp.com\/news.avantools.pt\/wp-content\/uploads\/2018\/05\/Riedel_Eurovision.jpg?w=2000&amp;ssl=1 2000w, https:\/\/i0.wp.com\/news.avantools.pt\/wp-content\/uploads\/2018\/05\/Riedel_Eurovision.jpg?w=1575&amp;ssl=1 1575w\" sizes=\"auto, (max-width: 525px) 100vw, 525px\" \/><\/p>\n<p>&nbsp;<\/p>\n<p>A <strong><a title=\"riedel\" href=\"https:\/\/www.riedel.net\/\" target=\"_blank\" rel=\"noopener\">RIEDEL<\/a><\/strong> cuida dos \u00faltimos pormenores da opera\u00e7\u00e3o <a title=\"Eurovision Festival 2018\" href=\"https:\/\/eurovision.tv\/\" target=\"_blank\" rel=\"noopener\"><em>Eurovision Song Contest 2018<\/em><\/a>. O equipamento est\u00e1 a ser verificado e acondicionado, antes de ser expedido para Lisboa.<\/p>\n<p>Portugal \u00e9, como se sabe, o anfitri\u00e3o da edi\u00e7\u00e3o deste ano e a RTP assegura a coordena\u00e7\u00e3o das opera\u00e7\u00f5es.<\/p>\n<p>Vamos acompanhar este grande acontecimento, certamente rico em detalhes t\u00e9cnicos e log\u00edsticos, e sobre tudo isto ir-vos-emos aqui dando conta.<\/p>\n<p style=\"text-align: right;\"><img data-recalc-dims=\"1\" loading=\"lazy\" decoding=\"async\" class=\"alignnone size-medium wp-image-1263\" src=\"https:\/\/i0.wp.com\/news.avantools.pt\/wp-content\/uploads\/2018\/04\/riedel_4zu3_transparent.png?resize=300%2C169&#038;ssl=1\" alt=\"\" width=\"300\" height=\"169\" \/><\/p>\n<hr \/>\n","protected":false},"excerpt":{"rendered":"<p>A RIEDEL tem tudo pronto para viajar para Lisboa. \u00c9 o Eurovision Song Contest 2018. A festa prepara-se para Maio. Vamos l\u00e1 estar. &nbsp; &nbsp; A RIEDEL cuida dos \u00faltimos pormenores da opera\u00e7\u00e3o Eurovision Song Contest 2018. O equipamento est\u00e1 a ser verificado e acondicionado, antes de ser expedido para Lisboa. Portugal \u00e9, como se &hellip; <\/p>\n<p class=\"link-more\"><a href=\"https:\/\/news.avantools.pt\/?p=651\" class=\"more-link\">Continuar a ler <span class=\"screen-reader-text\">&#8220;Eurovision Song Contest 2018&#8221;<\/span><\/a><\/p>\n","protected":false},"author":2,"featured_media":0,"comment_status":"open","ping_status":"open","sticky":false,"template":"","format":"standard","meta":{"_jetpack_memberships_contains_paid_content":false,"footnotes":"","_links_to":"","_links_to_target":""},"categories":[92],"tags":[109,9,110],"class_list":["post-651","post","type-post","status-publish","format-standard","hentry","category-broadcast","tag-european-song-contest-2018","tag-riedel","tag-rtp"],"jetpack_featured_media_url":"","jetpack_sharing_enabled":true,"_links":{"self":[{"href":"https:\/\/news.avantools.pt\/index.php?rest_route=\/wp\/v2\/posts\/651","targetHints":{"allow":["GET"]}}],"collection":[{"href":"https:\/\/news.avantools.pt\/index.php?rest_route=\/wp\/v2\/posts"}],"about":[{"href":"https:\/\/news.avantools.pt\/index.php?rest_route=\/wp\/v2\/types\/post"}],"author":[{"embeddable":true,"href":"https:\/\/news.avantools.pt\/index.php?rest_route=\/wp\/v2\/users\/2"}],"replies":[{"embeddable":true,"href":"https:\/\/news.avantools.pt\/index.php?rest_route=%2Fwp%2Fv2%2Fcomments&post=651"}],"version-history":[{"count":8,"href":"https:\/\/news.avantools.pt\/index.php?rest_route=\/wp\/v2\/posts\/651\/revisions"}],"predecessor-version":[{"id":1406,"href":"https:\/\/news.avantools.pt\/index.php?rest_route=\/wp\/v2\/posts\/651\/revisions\/1406"}],"wp:attachment":[{"href":"https:\/\/news.avantools.pt\/index.php?rest_route=%2Fwp%2Fv2%2Fmedia&parent=651"}],"wp:term":[{"taxonomy":"category","embeddable":true,"href":"https:\/\/news.avantools.pt\/index.php?rest_route=%2Fwp%2Fv2%2Fcategories&post=651"},{"taxonomy":"post_tag","embeddable":true,"href":"https:\/\/news.avantools.pt\/index.php?rest_route=%2Fwp%2Fv2%2Ftags&post=651"}],"curies":[{"name":"wp","href":"https:\/\/api.w.org\/{rel}","templated":true}]}}