{"id":6641,"date":"2022-08-05T23:33:49","date_gmt":"2022-08-05T22:33:49","guid":{"rendered":"http:\/\/news.avantools.pt\/?p=6641"},"modified":"2023-10-14T01:48:46","modified_gmt":"2023-10-14T00:48:46","slug":"aviom-a-referencia","status":"publish","type":"post","link":"https:\/\/news.avantools.pt\/?p=6641","title":{"rendered":"A640 da AVIOM"},"content":{"rendered":"\n<p class=\"has-drop-cap\">A <strong>AVIOM<\/strong> \u00e9 uma empresa que se dedica \u00e0 concep\u00e7\u00e3o e produ\u00e7\u00e3o de uma linha particular de produtos para o profissional do \u00e1udio: misturadores pessoais de moni\u00e7\u00e3o. Uma refer\u00eancia absoluta, o padr\u00e3o pelo qual este tipo de equipamentos \u00e9 definido. Os misturadores pessoais da <strong>AVIOM<\/strong> s\u00e3o vistos e ouvidos nos lugares mais not\u00e1veis do mundo, onde os profissionais, artistas, t\u00e9cnicos, produtores, necessitam de equipamentos constru\u00eddos segundo os  padr\u00f5es mais exigentes, mais transparentes e mais f\u00e1ceis de operar. Onde quer que seja necess\u00e1rio disp\u00f4r de uma moni\u00e7\u00e3o de qualidade de topo, robusta, fi\u00e1vel, f\u00e1cil de operar, em salas de espet\u00e1culo, em est\u00fadios, em palcos ao ar livre, ou noutro qualquer espa\u00e7o, seja de que dimens\u00e3o for, a solu\u00e7\u00e3o de refer\u00eancia para a escuta individual \u00e9 <strong>AVIOM<\/strong>.<\/p>\n\n\n<div class=\"wp-block-image\">\n<figure class=\"aligncenter size-large\"><img data-recalc-dims=\"1\" loading=\"lazy\" decoding=\"async\" width=\"525\" height=\"377\" src=\"https:\/\/i0.wp.com\/news.avantools.pt\/wp-content\/uploads\/2022\/08\/A640_4164.jpg?resize=525%2C377&#038;ssl=1\" alt=\"\" class=\"wp-image-6646\" srcset=\"https:\/\/i0.wp.com\/news.avantools.pt\/wp-content\/uploads\/2022\/08\/A640_4164.jpg?resize=1024%2C735&amp;ssl=1 1024w, https:\/\/i0.wp.com\/news.avantools.pt\/wp-content\/uploads\/2022\/08\/A640_4164.jpg?resize=300%2C215&amp;ssl=1 300w, https:\/\/i0.wp.com\/news.avantools.pt\/wp-content\/uploads\/2022\/08\/A640_4164.jpg?resize=768%2C551&amp;ssl=1 768w, https:\/\/i0.wp.com\/news.avantools.pt\/wp-content\/uploads\/2022\/08\/A640_4164.jpg?resize=1536%2C1102&amp;ssl=1 1536w, https:\/\/i0.wp.com\/news.avantools.pt\/wp-content\/uploads\/2022\/08\/A640_4164.jpg?w=1852&amp;ssl=1 1852w\" sizes=\"auto, (max-width: 767px) 89vw, (max-width: 1000px) 54vw, (max-width: 1071px) 543px, 580px\" \/><\/figure>\n<\/div>\n\n\n<p class=\"has-medium-font-size\"><strong>AVIOM, as origens<\/strong><\/p>\n\n\n\n<p>Conhecida por revolucionar o conceito de mistura pessoal de moni\u00e7\u00e3o, com seu sistema <em>Pro16\u00ae<\/em>, a <strong>AVIOM<\/strong> \u00e9 uma empresa fundada em 2002, por uma equipa de profissionais de engenharia, design e desenvolvimento de produto, com muitos anos de experi\u00eancia nas \u00e1reas dos instrumentos musicais e do \u00e1udio profissional. A miss\u00e3o a que se propuseram foi a de criar produtos inovadores, baseados em tecnologia que atendesse \u00e0s necessidades do mundo real dos profissionais de \u00e1udio e dos m\u00fasicos que trabalham nos mais diversos ambientes. <\/p>\n\n\n\n<p>Os produtos da <strong>AVIOM<\/strong> s\u00e3o usados \u200b\u200bnuma variedade de aplica\u00e7\u00f5es, em miss\u00f5es cr\u00edticas, que exigem alto n\u00edvel de  desempenho, em instala\u00e7\u00f5es port\u00e1teis e fixas. Os mercados de <strong>AVIOM<\/strong> incluem refor\u00e7o de som ao vivo, <em>broadcast<\/em>, est\u00fadios de grava\u00e7\u00e3o, casas de culto, teatros, escolas, navios de cruzeiro e instala\u00e7\u00f5es de p\u00f3s-produ\u00e7\u00e3o. Est\u00e3o espalhados por todo o mundo.<\/p>\n\n\n\n<p>Todos os produtos <strong>AVIOM<\/strong> s\u00e3o alimentados pela A-Net\u00ae, a inovadora tecnologia de transporte de sinal \u00e1udio digital de alta velocidade, projectada propositadamente para as aplica\u00e7\u00f5es exclusivas de mistura pessoal para moni\u00e7\u00e3o. O protocolo A-Net diferencia os produtos <strong>AVIOM<\/strong> de outras marcas e permite uma combina\u00e7\u00e3o de desempenho, de  alta qualidade, de fiabilidade, de robustez e de facilidade de uso, que n\u00e3o \u00e9 poss\u00edvel com outros protocolos. Aqui reside o segredo da raz\u00e3o do sucesso da <strong>AVIOM<\/strong>.<\/p>\n\n\n\n<p class=\"has-medium-font-size\"><strong>O produto certo para cada necessidade espec\u00edfica<\/strong><\/p>\n\n\n\n<p>A <strong>AVIOM<\/strong> oferece uma linha completa de produtos de rede de \u00e1udio para v\u00e1rias aplica\u00e7\u00f5es de mistura pessoal para moni\u00e7\u00e3o. <\/p>\n\n\n\n<p>O <em>A640 Personal Mixer <\/em>\u00e9 a nova refer\u00eancia de topo da <strong>AVIOM<\/strong>. Traz-nos um n\u00edvel incompar\u00e1vel de controlo, de desempenho e de fidelidade \u00e0 mistura pessoal, que \u00e9 o s\u00edmbolo da marca desde as suas origens. Com mais canais de mistura, recursos poderosos e um interface de utilizador intuitivo e simplificado, o <em>A640<\/em> ajuda os m\u00fasicos a ouvir e a ouvirem-se melhor. Agora, com este <em>A640<\/em>, isso \u00e9 mais do que nunca o que se obt\u00e9m deste novo produto. O <em>A640<\/em> \u00e9 compat\u00edvel com todos os sistemas existentes usando rede Dante, placas de mesa digital ou entradas anal\u00f3gicas e pode ser usado, simultaneamente, com os misturadores pessoais A360, A320, para al\u00e9m do A-16II.<\/p>\n\n\n\n<figure class=\"wp-block-image size-large\"><img data-recalc-dims=\"1\" loading=\"lazy\" decoding=\"async\" width=\"525\" height=\"383\" src=\"https:\/\/i0.wp.com\/news.avantools.pt\/wp-content\/uploads\/2022\/08\/A640_4126.jpg?resize=525%2C383&#038;ssl=1\" alt=\"\" class=\"wp-image-6648\" srcset=\"https:\/\/i0.wp.com\/news.avantools.pt\/wp-content\/uploads\/2022\/08\/A640_4126-scaled.jpg?resize=1024%2C748&amp;ssl=1 1024w, https:\/\/i0.wp.com\/news.avantools.pt\/wp-content\/uploads\/2022\/08\/A640_4126-scaled.jpg?resize=300%2C219&amp;ssl=1 300w, https:\/\/i0.wp.com\/news.avantools.pt\/wp-content\/uploads\/2022\/08\/A640_4126-scaled.jpg?resize=768%2C561&amp;ssl=1 768w, https:\/\/i0.wp.com\/news.avantools.pt\/wp-content\/uploads\/2022\/08\/A640_4126-scaled.jpg?resize=1536%2C1122&amp;ssl=1 1536w, https:\/\/i0.wp.com\/news.avantools.pt\/wp-content\/uploads\/2022\/08\/A640_4126-scaled.jpg?resize=2048%2C1495&amp;ssl=1 2048w\" sizes=\"auto, (max-width: 767px) 89vw, (max-width: 1000px) 54vw, (max-width: 1071px) 543px, 580px\" \/><\/figure>\n\n\n\n<p>O <em>A320 Personal Mixer<\/em>, por seu turno, oferece aos m\u00fasicos que tocam e gravam uma ferramenta um controlo simples e intuitivo sobre as suas misturas de moni\u00e7\u00e3o. O A320 oferece aos m\u00fasicos a capacidade de obter misturas claras de cada vez que tocam. Ideal para uso com monitores tipo <em>in-ear<\/em>, o A320 oferece aos m\u00fasicos um controlo poderoso sobre a sua mistura, ao mesmo tempo que preserva a simplicidade necess\u00e1ria para uso durante a performance, propriamente dita. O A320 \u00e9 compat\u00edvel com todos os sistemas de mistura pessoal <strong>AVION<\/strong> existentes ou descontinuados e pode ser usado simultaneamente com os misturadores pessoais A640, A360 e A-16II.<\/p>\n\n\n\n<figure class=\"wp-block-image size-large\"><img data-recalc-dims=\"1\" loading=\"lazy\" decoding=\"async\" width=\"525\" height=\"316\" src=\"https:\/\/i0.wp.com\/news.avantools.pt\/wp-content\/uploads\/2022\/08\/A320_highres_front.jpg?resize=525%2C316&#038;ssl=1\" alt=\"\" class=\"wp-image-6647\" srcset=\"https:\/\/i0.wp.com\/news.avantools.pt\/wp-content\/uploads\/2022\/08\/A320_highres_front.jpg?resize=1024%2C616&amp;ssl=1 1024w, https:\/\/i0.wp.com\/news.avantools.pt\/wp-content\/uploads\/2022\/08\/A320_highres_front.jpg?resize=300%2C181&amp;ssl=1 300w, https:\/\/i0.wp.com\/news.avantools.pt\/wp-content\/uploads\/2022\/08\/A320_highres_front.jpg?resize=768%2C462&amp;ssl=1 768w, https:\/\/i0.wp.com\/news.avantools.pt\/wp-content\/uploads\/2022\/08\/A320_highres_front.jpg?resize=1536%2C925&amp;ssl=1 1536w, https:\/\/i0.wp.com\/news.avantools.pt\/wp-content\/uploads\/2022\/08\/A320_highres_front.jpg?w=2000&amp;ssl=1 2000w\" sizes=\"auto, (max-width: 767px) 89vw, (max-width: 1000px) 54vw, (max-width: 1071px) 543px, 580px\" \/><\/figure>\n\n\n\n<p>Destaque ainda para o sistema <em>BOOM<\/em>, projectado para melhorar drasticamente a experi\u00eancia de mistura pessoal, adicionando informa\u00e7\u00e3o t\u00e1ctil de baixa frequ\u00eancia, processada de maneira optimizada, seja qual for o monitor de ouvido usado. Projectado pelos especialistas em monitores pessoais, o sistema <em>BOOM<\/em> \u00e9 f\u00e1cil de usar e fornece uma extens\u00e3o natural de baixa frequ\u00eancia ao ambiente de moni\u00e7\u00e3o, seja qual for. <\/p>\n\n\n\n<figure class=\"wp-block-image size-large\"><img data-recalc-dims=\"1\" loading=\"lazy\" decoding=\"async\" width=\"525\" height=\"206\" src=\"https:\/\/i0.wp.com\/news.avantools.pt\/wp-content\/uploads\/2022\/08\/Boom-1-Front_050_v2_interface2000px.png?resize=525%2C206&#038;ssl=1\" alt=\"\" class=\"wp-image-6663\" srcset=\"https:\/\/i0.wp.com\/news.avantools.pt\/wp-content\/uploads\/2022\/08\/Boom-1-Front_050_v2_interface2000px.png?resize=1024%2C402&amp;ssl=1 1024w, https:\/\/i0.wp.com\/news.avantools.pt\/wp-content\/uploads\/2022\/08\/Boom-1-Front_050_v2_interface2000px.png?resize=300%2C118&amp;ssl=1 300w, https:\/\/i0.wp.com\/news.avantools.pt\/wp-content\/uploads\/2022\/08\/Boom-1-Front_050_v2_interface2000px.png?resize=768%2C301&amp;ssl=1 768w, https:\/\/i0.wp.com\/news.avantools.pt\/wp-content\/uploads\/2022\/08\/Boom-1-Front_050_v2_interface2000px.png?resize=1536%2C603&amp;ssl=1 1536w, https:\/\/i0.wp.com\/news.avantools.pt\/wp-content\/uploads\/2022\/08\/Boom-1-Front_050_v2_interface2000px.png?w=2000&amp;ssl=1 2000w\" sizes=\"auto, (max-width: 767px) 89vw, (max-width: 1000px) 54vw, (max-width: 1071px) 543px, 580px\" \/><\/figure>\n\n\n\n<p>Os produtos BOOM System s\u00e3o compat\u00edveis com todos os sistemas de mistura pessoal <strong>AVIOM<\/strong> e podem ser facilmente ligados a qualquer dispositivo de \u00e1udio que possa fornecer sa\u00eddas para auscultador ou de n\u00edvel de linha. Al\u00e9m da unidade principal, o processador de transdutor t\u00e1ctil BOOM-1, h\u00e1 um transdutor t\u00e1ctil do sistema BOOM para cada membro da banda.<\/p>\n\n\n\n<p>Podem ainda ser fornecidos sistemas completos, j\u00e1 configurados para algumas das mesas de mistura mais comuns ou para funcionarem no ambiente de uma rede Dante.<\/p>\n\n\n\n<figure class=\"wp-block-image size-large\"><img data-recalc-dims=\"1\" loading=\"lazy\" decoding=\"async\" width=\"525\" height=\"168\" src=\"https:\/\/i0.wp.com\/news.avantools.pt\/wp-content\/uploads\/2022\/08\/Mix320-A_85_800_front.jpg?resize=525%2C168&#038;ssl=1\" alt=\"\" class=\"wp-image-6649\" srcset=\"https:\/\/i0.wp.com\/news.avantools.pt\/wp-content\/uploads\/2022\/08\/Mix320-A_85_800_front.jpg?w=800&amp;ssl=1 800w, https:\/\/i0.wp.com\/news.avantools.pt\/wp-content\/uploads\/2022\/08\/Mix320-A_85_800_front.jpg?resize=300%2C96&amp;ssl=1 300w, https:\/\/i0.wp.com\/news.avantools.pt\/wp-content\/uploads\/2022\/08\/Mix320-A_85_800_front.jpg?resize=768%2C246&amp;ssl=1 768w\" sizes=\"auto, (max-width: 767px) 89vw, (max-width: 1000px) 54vw, (max-width: 1071px) 543px, 580px\" \/><\/figure>\n\n\n\n<p class=\"has-medium-font-size\"><strong>Uma presen\u00e7a que marca<\/strong><\/p>\n\n\n\n<p>A imagem dos produtos <strong>AVIOM<\/strong> vista nos maiores palcos, est\u00fadios e nos maiores eventos \u00e9, sem margem para d\u00favida, aqui que se pode chmar a <em>imagem de marca<\/em>. Prova de que a <strong>AVIOM<\/strong> \u00e9 a refer\u00eancia, quando falamos de sistemas de mistura para moni\u00e7\u00e3o pessoal. Nenhum outro se lhe aproxima.<\/p>\n\n\n\n<p>Se quer ficar a saber mais sobre a <strong>AVIOM<\/strong>, sobre estas e outras das suas propostas, <a rel=\"noreferrer noopener\" href=\"https:\/\/www.aviom.com\/index.php\" target=\"_blank\">veja aqui<\/a>. Se quiser saber mais ainda e se quiser que o ajudemos a construir o sistema que se adapta melhor \u00e0s suas necessidades, <a rel=\"noreferrer noopener\" href=\"http:\/\/avantools.pt\/contacts.html\" target=\"_blank\">contacte-nos<\/a>.<\/p>\n\n\n<div class=\"wp-block-image\">\n<figure class=\"aligncenter size-large\"><img data-recalc-dims=\"1\" loading=\"lazy\" decoding=\"async\" width=\"300\" height=\"95\" src=\"https:\/\/i0.wp.com\/news.avantools.pt\/wp-content\/uploads\/2022\/08\/aviom-logo-D458073D80-seeklogo.com_.png?resize=300%2C95&#038;ssl=1\" alt=\"\" class=\"wp-image-6645\"\/><\/figure>\n<\/div>\n\n\n<hr class=\"wp-block-separator has-css-opacity is-style-wide\"\/>\n","protected":false},"excerpt":{"rendered":"<p>A AVIOM \u00e9 uma empresa que se dedica \u00e0 concep\u00e7\u00e3o e produ\u00e7\u00e3o de uma linha particular de produtos para o profissional do \u00e1udio: misturadores pessoais de moni\u00e7\u00e3o. Uma refer\u00eancia absoluta, o padr\u00e3o pelo qual este tipo de equipamentos \u00e9 definido. Os misturadores pessoais da AVIOM s\u00e3o vistos e ouvidos nos lugares mais not\u00e1veis do mundo, &hellip; <\/p>\n<p class=\"link-more\"><a href=\"https:\/\/news.avantools.pt\/?p=6641\" class=\"more-link\">Continuar a ler <span class=\"screen-reader-text\">&#8220;A640 da AVIOM&#8221;<\/span><\/a><\/p>\n","protected":false},"author":2,"featured_media":6646,"comment_status":"closed","ping_status":"open","sticky":false,"template":"","format":"standard","meta":{"_jetpack_memberships_contains_paid_content":false,"footnotes":"","_links_to":"","_links_to_target":""},"categories":[92,482,95,464,483,93,94,266,538],"tags":[63,630,53,632],"class_list":["post-6641","post","type-post","status-publish","format-standard","has-post-thumbnail","hentry","category-broadcast","category-eventos","category-live","category-pos-prod","category-producao","category-radio","category-studio","category-televisao","category-venues","tag-a320","tag-a640","tag-aviom","tag-boss"],"jetpack_featured_media_url":"https:\/\/i0.wp.com\/news.avantools.pt\/wp-content\/uploads\/2022\/08\/A640_4164.jpg?fit=1852%2C1329&ssl=1","jetpack_sharing_enabled":true,"_links":{"self":[{"href":"https:\/\/news.avantools.pt\/index.php?rest_route=\/wp\/v2\/posts\/6641","targetHints":{"allow":["GET"]}}],"collection":[{"href":"https:\/\/news.avantools.pt\/index.php?rest_route=\/wp\/v2\/posts"}],"about":[{"href":"https:\/\/news.avantools.pt\/index.php?rest_route=\/wp\/v2\/types\/post"}],"author":[{"embeddable":true,"href":"https:\/\/news.avantools.pt\/index.php?rest_route=\/wp\/v2\/users\/2"}],"replies":[{"embeddable":true,"href":"https:\/\/news.avantools.pt\/index.php?rest_route=%2Fwp%2Fv2%2Fcomments&post=6641"}],"version-history":[{"count":24,"href":"https:\/\/news.avantools.pt\/index.php?rest_route=\/wp\/v2\/posts\/6641\/revisions"}],"predecessor-version":[{"id":8925,"href":"https:\/\/news.avantools.pt\/index.php?rest_route=\/wp\/v2\/posts\/6641\/revisions\/8925"}],"wp:featuredmedia":[{"embeddable":true,"href":"https:\/\/news.avantools.pt\/index.php?rest_route=\/wp\/v2\/media\/6646"}],"wp:attachment":[{"href":"https:\/\/news.avantools.pt\/index.php?rest_route=%2Fwp%2Fv2%2Fmedia&parent=6641"}],"wp:term":[{"taxonomy":"category","embeddable":true,"href":"https:\/\/news.avantools.pt\/index.php?rest_route=%2Fwp%2Fv2%2Fcategories&post=6641"},{"taxonomy":"post_tag","embeddable":true,"href":"https:\/\/news.avantools.pt\/index.php?rest_route=%2Fwp%2Fv2%2Ftags&post=6641"}],"curies":[{"name":"wp","href":"https:\/\/api.w.org\/{rel}","templated":true}]}}