{"id":7267,"date":"2022-12-03T00:52:43","date_gmt":"2022-12-03T00:52:43","guid":{"rendered":"http:\/\/news.avantools.pt\/?p=7267"},"modified":"2022-12-03T01:13:23","modified_gmt":"2022-12-03T01:13:23","slug":"o-que-ha-de-novo-na-avid","status":"publish","type":"post","link":"https:\/\/news.avantools.pt\/?p=7267","title":{"rendered":"O que h\u00e1 de novo na AVID"},"content":{"rendered":"\n<p class=\"has-drop-cap\">Anunciamos novidades da <strong>AVID<\/strong>. Para come\u00e7ar, um novo interface carregado de fun\u00e7\u00f5es, o <em>Pro Tools | Carbon<\/em>. E tem tamb\u00e9m uma vers\u00e3o gr\u00e1tis do novo Protools, o <em>Protools Intro<\/em>, pronto a usar, uma ferramenta totalmente profissional, oferta da <strong>AVID<\/strong>. S\u00e3o algumas prendas a sugerir j\u00e1 o Natal. Siga-nos.<\/p>\n\n\n\n<div class=\"wp-block-image\"><figure class=\"aligncenter size-large\"><img data-recalc-dims=\"1\" loading=\"lazy\" decoding=\"async\" width=\"525\" height=\"143\" src=\"https:\/\/i0.wp.com\/news.avantools.pt\/wp-content\/uploads\/2022\/12\/front-and-back-close-up-images-of-pro-tools-carbon.jpg?resize=525%2C143&#038;ssl=1\" alt=\"\" class=\"wp-image-7268\" srcset=\"https:\/\/i0.wp.com\/news.avantools.pt\/wp-content\/uploads\/2022\/12\/front-and-back-close-up-images-of-pro-tools-carbon.jpg?resize=1024%2C278&amp;ssl=1 1024w, https:\/\/i0.wp.com\/news.avantools.pt\/wp-content\/uploads\/2022\/12\/front-and-back-close-up-images-of-pro-tools-carbon.jpg?resize=300%2C81&amp;ssl=1 300w, https:\/\/i0.wp.com\/news.avantools.pt\/wp-content\/uploads\/2022\/12\/front-and-back-close-up-images-of-pro-tools-carbon.jpg?resize=768%2C208&amp;ssl=1 768w, https:\/\/i0.wp.com\/news.avantools.pt\/wp-content\/uploads\/2022\/12\/front-and-back-close-up-images-of-pro-tools-carbon.jpg?resize=1536%2C417&amp;ssl=1 1536w, https:\/\/i0.wp.com\/news.avantools.pt\/wp-content\/uploads\/2022\/12\/front-and-back-close-up-images-of-pro-tools-carbon.jpg?resize=2048%2C556&amp;ssl=1 2048w\" sizes=\"auto, (max-width: 767px) 89vw, (max-width: 1000px) 54vw, (max-width: 1071px) 543px, 580px\" \/><\/figure><\/div>\n\n\n\n<p>Este final de ano promete. A <strong>AVID<\/strong> anunciou o <em>Carbon<\/em>, um interface constru\u00eddo para captar todo o brilho da su m\u00fasica. Com qualidade de som superior e software inteligente integrado, o <em>Pro Tools | Carbon<\/em> remove quaisquer barreiras \u00e0 criatividade, para que seja poss\u00edvel extrair o melhor do seu desempenho e captur\u00e1-lo da forma mais brilhante. Seja usando um \u00fanico interface ou um sistema Carbon Expanded com <em>Pro Tools | Carbon Pre<\/em>. Com o <em>Pro Tools | Carbon<\/em> e o <em>Pro Tools | Carbon Pre<\/em> estar\u00e1 perto do universo do sistema de topo Pro Tools | Sistema HDX e pode ser usado em qualquer lugar onde seja poss\u00edvel gravar. Nesta \u00e9poca de prendas, a <strong>AVID<\/strong> anuncia que o <em>Pro Tools | Carbon<\/em> vem agora com uma licen\u00e7a perp\u00e9tua.<\/p>\n\n\n\n<div class=\"wp-block-image\"><figure class=\"aligncenter size-large\"><img data-recalc-dims=\"1\" loading=\"lazy\" decoding=\"async\" width=\"525\" height=\"137\" src=\"https:\/\/i0.wp.com\/news.avantools.pt\/wp-content\/uploads\/2022\/12\/07-virtual-assistant-1920x500-1.jpg?resize=525%2C137&#038;ssl=1\" alt=\"\" class=\"wp-image-7272\" srcset=\"https:\/\/i0.wp.com\/news.avantools.pt\/wp-content\/uploads\/2022\/12\/07-virtual-assistant-1920x500-1.jpg?resize=1024%2C267&amp;ssl=1 1024w, https:\/\/i0.wp.com\/news.avantools.pt\/wp-content\/uploads\/2022\/12\/07-virtual-assistant-1920x500-1.jpg?resize=300%2C78&amp;ssl=1 300w, https:\/\/i0.wp.com\/news.avantools.pt\/wp-content\/uploads\/2022\/12\/07-virtual-assistant-1920x500-1.jpg?resize=768%2C200&amp;ssl=1 768w, https:\/\/i0.wp.com\/news.avantools.pt\/wp-content\/uploads\/2022\/12\/07-virtual-assistant-1920x500-1.jpg?resize=1536%2C400&amp;ssl=1 1536w, https:\/\/i0.wp.com\/news.avantools.pt\/wp-content\/uploads\/2022\/12\/07-virtual-assistant-1920x500-1.jpg?w=1920&amp;ssl=1 1920w\" sizes=\"auto, (max-width: 767px) 89vw, (max-width: 1000px) 54vw, (max-width: 1071px) 543px, 580px\" \/><\/figure><\/div>\n\n\n\n<p>Com acelera\u00e7\u00e3o HDX DSP na base de toda a arquitectura do sistema e integra\u00e7\u00e3o profunda com Pro Tools, o Carbon permite a grava\u00e7\u00e3o, edi\u00e7\u00e3o e mistura com uma \u00fanica aplica\u00e7\u00e3o, sem ter de alternar entre softwares. <\/p>\n\n\n\n<p>O <em>Pro Tools | Carbon<\/em> vem carregado com uma gama completa de plug-ins AAX &#8211; desde emula\u00e7\u00f5es anal\u00f3gicas dimensionais quentes, at\u00e9 processadores de ponta, do tipo que define a produ\u00e7\u00e3o musical moderna. Al\u00e9m dos mais de 120 plug-ins que acompanham o Pro Tools Ultimate Perpetual, o Carbon inclui uma colec\u00e7\u00e3o <em>premium<\/em> para que lhe seja poss\u00edvel come\u00e7ar o seu trabalho cdispondo das maiores marcas do mercado.<\/p>\n\n\n\n<p>Saiba mais sobre o <em>Pro Tools | Carbon<\/em> <a rel=\"noreferrer noopener\" href=\"https:\/\/www.avid.com\/products\/pro-tools-carbon\" target=\"_blank\">aqui<\/a>.<\/p>\n\n\n\n<div class=\"wp-block-image\"><figure class=\"aligncenter size-large\"><img data-recalc-dims=\"1\" loading=\"lazy\" decoding=\"async\" width=\"525\" height=\"272\" src=\"https:\/\/i0.wp.com\/news.avantools.pt\/wp-content\/uploads\/2022\/12\/pluigins-intro.png?resize=525%2C272&#038;ssl=1\" alt=\"\" class=\"wp-image-7269\" srcset=\"https:\/\/i0.wp.com\/news.avantools.pt\/wp-content\/uploads\/2022\/12\/pluigins-intro.png?resize=1024%2C530&amp;ssl=1 1024w, https:\/\/i0.wp.com\/news.avantools.pt\/wp-content\/uploads\/2022\/12\/pluigins-intro.png?resize=300%2C155&amp;ssl=1 300w, https:\/\/i0.wp.com\/news.avantools.pt\/wp-content\/uploads\/2022\/12\/pluigins-intro.png?resize=768%2C397&amp;ssl=1 768w, https:\/\/i0.wp.com\/news.avantools.pt\/wp-content\/uploads\/2022\/12\/pluigins-intro.png?w=1181&amp;ssl=1 1181w\" sizes=\"auto, (max-width: 767px) 89vw, (max-width: 1000px) 54vw, (max-width: 1071px) 543px, 580px\" \/><\/figure><\/div>\n\n\n\n<p>Entretanto, est\u00e1 desde agora dispon\u00edvel uma vers\u00e3o gr\u00e1tis do novo Protools, o <em>Intro<\/em>. Com ele fazer m\u00fasica com as mesmas ferramentas vencedoras do GRAMMY\u00ae que seus artistas e produtores favoritos usam. O <em>Pro Tools Intro<\/em> \u00e9 uma DAW gratuita que oferece as ferramentas essenciais de \u00e1udio e MIDI, necess\u00e1rias para a produ\u00e7\u00e3o musical, al\u00e9m de 36 efeitos e plug-ins de instrumentos para criar qualquer tipo de m\u00fasica. <a rel=\"noreferrer noopener\" href=\"https:\/\/www.avid.com\/pro-tools\/intro\" target=\"_blank\">Veja aqui<\/a> o que ganha com o <em>Pro Tools Intro<\/em> e fa\u00e7a o download do seu software.<\/p>\n\n\n\n<p><a rel=\"noreferrer noopener\" href=\"http:\/\/avantools.pt\/contacts.html\" target=\"_blank\">Contacte-nos<\/a> para mais detalhes sobre estas novidades.<\/p>\n\n\n\n<div class=\"wp-block-image\"><figure class=\"aligncenter size-large is-resized\"><img data-recalc-dims=\"1\" loading=\"lazy\" decoding=\"async\" src=\"https:\/\/i0.wp.com\/news.avantools.pt\/wp-content\/uploads\/2014\/03\/Avid_Technology_Inc._-_Logo.png?resize=525%2C159&#038;ssl=1\" alt=\"\" class=\"wp-image-375\" width=\"525\" height=\"159\" srcset=\"https:\/\/i0.wp.com\/news.avantools.pt\/wp-content\/uploads\/2014\/03\/Avid_Technology_Inc._-_Logo.png?resize=1024%2C310&amp;ssl=1 1024w, https:\/\/i0.wp.com\/news.avantools.pt\/wp-content\/uploads\/2014\/03\/Avid_Technology_Inc._-_Logo.png?resize=300%2C91&amp;ssl=1 300w, https:\/\/i0.wp.com\/news.avantools.pt\/wp-content\/uploads\/2014\/03\/Avid_Technology_Inc._-_Logo.png?resize=768%2C232&amp;ssl=1 768w, https:\/\/i0.wp.com\/news.avantools.pt\/wp-content\/uploads\/2014\/03\/Avid_Technology_Inc._-_Logo.png?w=2000&amp;ssl=1 2000w, https:\/\/i0.wp.com\/news.avantools.pt\/wp-content\/uploads\/2014\/03\/Avid_Technology_Inc._-_Logo.png?w=1575&amp;ssl=1 1575w\" sizes=\"auto, (max-width: 525px) 100vw, 525px\" \/><\/figure><\/div>\n\n\n\n<hr class=\"wp-block-separator is-style-wide\"\/>\n","protected":false},"excerpt":{"rendered":"<p>Anunciamos novidades da AVID. Para come\u00e7ar, um novo interface carregado de fun\u00e7\u00f5es, o Pro Tools | Carbon. E tem tamb\u00e9m uma vers\u00e3o gr\u00e1tis do novo Protools, o Protools Intro, pronto a usar, uma ferramenta totalmente profissional, oferta da AVID. S\u00e3o algumas prendas a sugerir j\u00e1 o Natal. Siga-nos. Este final de ano promete. A AVID &hellip; <\/p>\n<p class=\"link-more\"><a href=\"https:\/\/news.avantools.pt\/?p=7267\" class=\"more-link\">Continuar a ler <span class=\"screen-reader-text\">&#8220;O que h\u00e1 de novo na AVID&#8221;<\/span><\/a><\/p>\n","protected":false},"author":2,"featured_media":7271,"comment_status":"closed","ping_status":"open","sticky":false,"template":"","format":"standard","meta":{"_jetpack_memberships_contains_paid_content":false,"footnotes":"","_links_to":"","_links_to_target":""},"categories":[464,483,94,96],"tags":[4,529,658],"class_list":["post-7267","post","type-post","status-publish","format-standard","has-post-thumbnail","hentry","category-pos-prod","category-producao","category-studio","category-video","tag-avid","tag-carbon","tag-intro"],"jetpack_featured_media_url":"https:\/\/i0.wp.com\/news.avantools.pt\/wp-content\/uploads\/2022\/12\/carbon-image.png?fit=1351%2C674&ssl=1","jetpack_sharing_enabled":true,"_links":{"self":[{"href":"https:\/\/news.avantools.pt\/index.php?rest_route=\/wp\/v2\/posts\/7267","targetHints":{"allow":["GET"]}}],"collection":[{"href":"https:\/\/news.avantools.pt\/index.php?rest_route=\/wp\/v2\/posts"}],"about":[{"href":"https:\/\/news.avantools.pt\/index.php?rest_route=\/wp\/v2\/types\/post"}],"author":[{"embeddable":true,"href":"https:\/\/news.avantools.pt\/index.php?rest_route=\/wp\/v2\/users\/2"}],"replies":[{"embeddable":true,"href":"https:\/\/news.avantools.pt\/index.php?rest_route=%2Fwp%2Fv2%2Fcomments&post=7267"}],"version-history":[{"count":5,"href":"https:\/\/news.avantools.pt\/index.php?rest_route=\/wp\/v2\/posts\/7267\/revisions"}],"predecessor-version":[{"id":7277,"href":"https:\/\/news.avantools.pt\/index.php?rest_route=\/wp\/v2\/posts\/7267\/revisions\/7277"}],"wp:featuredmedia":[{"embeddable":true,"href":"https:\/\/news.avantools.pt\/index.php?rest_route=\/wp\/v2\/media\/7271"}],"wp:attachment":[{"href":"https:\/\/news.avantools.pt\/index.php?rest_route=%2Fwp%2Fv2%2Fmedia&parent=7267"}],"wp:term":[{"taxonomy":"category","embeddable":true,"href":"https:\/\/news.avantools.pt\/index.php?rest_route=%2Fwp%2Fv2%2Fcategories&post=7267"},{"taxonomy":"post_tag","embeddable":true,"href":"https:\/\/news.avantools.pt\/index.php?rest_route=%2Fwp%2Fv2%2Ftags&post=7267"}],"curies":[{"name":"wp","href":"https:\/\/api.w.org\/{rel}","templated":true}]}}