{"id":7309,"date":"2022-12-16T22:11:43","date_gmt":"2022-12-16T22:11:43","guid":{"rendered":"http:\/\/news.avantools.pt\/?p=7309"},"modified":"2022-12-17T00:29:51","modified_gmt":"2022-12-17T00:29:51","slug":"solucao-lawo-para-o-puccini-festival","status":"publish","type":"post","link":"https:\/\/news.avantools.pt\/?p=7309","title":{"rendered":"Solu\u00e7\u00e3o LAWO para o Festival Puccini"},"content":{"rendered":"\n<p class=\"has-drop-cap\">Todos os anos, os amantes de \u00f3pera dirigem-se \u00e0 bela Torre del Lago, na prov\u00edncia de Lucca, na Toscana, localizada entre o Mar Tirreno e o Lago Massaciuccoli, para assitir ao Festival Puccini. Realizado no Gran Teatro all&#8217;Aperto Giacomo Puccini, o festival atrai, de cada vez, cerca de 40 000 participantes. Um espa\u00e7o especial que merece condi\u00e7\u00f5es de audi\u00e7\u00e3o sem compromissos. O festival, outrora inteiramente ac\u00fastico, usa agora uma solu\u00e7\u00e3o original\u00edssima de amplifica\u00e7\u00e3o e distribui\u00e7\u00e3o do sinal sonoro, baseada numa solu\u00e7\u00e3o <strong>LAWO<\/strong>.<\/p>\n\n\n\n<div class=\"wp-block-image\"><figure class=\"aligncenter size-large\"><img data-recalc-dims=\"1\" loading=\"lazy\" decoding=\"async\" width=\"525\" height=\"347\" src=\"https:\/\/i0.wp.com\/news.avantools.pt\/wp-content\/uploads\/2022\/12\/Torre_del_Lago_auditorium_stage_lake.jpg?resize=525%2C347&#038;ssl=1\" alt=\"\" class=\"wp-image-7314\" srcset=\"https:\/\/i0.wp.com\/news.avantools.pt\/wp-content\/uploads\/2022\/12\/Torre_del_Lago_auditorium_stage_lake.jpg?resize=1024%2C677&amp;ssl=1 1024w, https:\/\/i0.wp.com\/news.avantools.pt\/wp-content\/uploads\/2022\/12\/Torre_del_Lago_auditorium_stage_lake.jpg?resize=300%2C198&amp;ssl=1 300w, https:\/\/i0.wp.com\/news.avantools.pt\/wp-content\/uploads\/2022\/12\/Torre_del_Lago_auditorium_stage_lake.jpg?resize=768%2C508&amp;ssl=1 768w, https:\/\/i0.wp.com\/news.avantools.pt\/wp-content\/uploads\/2022\/12\/Torre_del_Lago_auditorium_stage_lake.jpg?w=1280&amp;ssl=1 1280w\" sizes=\"auto, (max-width: 767px) 89vw, (max-width: 1000px) 54vw, (max-width: 1071px) 543px, 580px\" \/><\/figure><\/div>\n\n\n\n<p>O <a rel=\"noreferrer noopener\" href=\"https:\/\/www.puccinifestival.it\/en\/\" target=\"_blank\">Festival Puccini<\/a> \u00e9 uma das paragens inevit\u00e1veis para os amantes da arte da \u00f3pera. O pr\u00f3prio maestro Giacomo Puccini, que veio a Torre del Lago para compor e descansar, queria que as suas \u00f3peras fossem ali representadas. O seu sonho tornou-se realidade em 1930, quando os seus amigos encenaram, pela primeira vez, uma \u00f3pera sua ao ar livre de Puccini, a famosa \u201cLa Boh\u00e8me\u201d. <\/p>\n\n\n\n<p>A pandemia obrigou a alguma altera\u00e7\u00f5es no formato do Festival Puccini. Tradicionalmente produzido sem amplifica\u00e7\u00e3o, os requisitos de distanciamento significavam que a for\u00e7a da orquestra deveria ser reduzida. Isto, por sua vez, fez com que os restantes m\u00fasicos n\u00e3o conseguissem encher o audit\u00f3rio, sob o ponto de vista da pot\u00eancia sonra produzida, pelo que, pela primeira vez, foi contemplado o refor\u00e7o sonoro. O Diretor Art\u00edstico do Festival, Maestro Giorgio Battistelli, recorreu ent\u00e3o \u00e0 <a rel=\"noreferrer noopener\" href=\"https:\/\/www.dbsoundscape.com\/global\/en\/\" target=\"_blank\">BH audio<\/a>, a renomada empresa italiana de \u00e1udio, que h\u00e1 d\u00e9cadas se especializou em festivais que decorrem tanto em salas como ao ar livre, de m\u00fasica cl\u00e1ssica, jazz e world music. Acontece que Massimo Carli, engenheiro-chefe da BH audio, desenvolveu um conceito que  encaixa como uma luva nas necessidades do Festival Puccini : uma combina\u00e7\u00e3o comprovada da mesa de mistura mc\u00b236 da <strong>LAWO<\/strong> e da tecnologia <a href=\"https:\/\/www.dbsoundscape.com\/global\/en\/\" target=\"_blank\" rel=\"noreferrer noopener\">d&amp;b Soundscape<\/a>. O resultado foi um sucesso retumbante e, desde ent\u00e3o, a orquestra tem-se apresentado com \u00f3timas cr\u00edticas, tendo a BH Audio como seu fornecedor de servi\u00e7os de \u00e1udio e a solu\u00e7\u00e3o <strong>LAWO<\/strong> como centro de opera\u00e7\u00f5es e o software e hardware d&amp;b na distribui\u00e7\u00e3o e processamento do sinal no espa\u00e7o.<\/p>\n\n\n\n<div class=\"wp-block-image\"><figure class=\"aligncenter size-large\"><img data-recalc-dims=\"1\" loading=\"lazy\" decoding=\"async\" width=\"525\" height=\"217\" src=\"https:\/\/i0.wp.com\/news.avantools.pt\/wp-content\/uploads\/2022\/12\/LAWO_mc36mkII_32F_VL_1_.jpg?resize=525%2C217&#038;ssl=1\" alt=\"\" class=\"wp-image-7320\" srcset=\"https:\/\/i0.wp.com\/news.avantools.pt\/wp-content\/uploads\/2022\/12\/LAWO_mc36mkII_32F_VL_1_.jpg?resize=1024%2C423&amp;ssl=1 1024w, https:\/\/i0.wp.com\/news.avantools.pt\/wp-content\/uploads\/2022\/12\/LAWO_mc36mkII_32F_VL_1_.jpg?resize=300%2C124&amp;ssl=1 300w, https:\/\/i0.wp.com\/news.avantools.pt\/wp-content\/uploads\/2022\/12\/LAWO_mc36mkII_32F_VL_1_.jpg?resize=768%2C317&amp;ssl=1 768w, https:\/\/i0.wp.com\/news.avantools.pt\/wp-content\/uploads\/2022\/12\/LAWO_mc36mkII_32F_VL_1_.jpg?resize=1536%2C634&amp;ssl=1 1536w, https:\/\/i0.wp.com\/news.avantools.pt\/wp-content\/uploads\/2022\/12\/LAWO_mc36mkII_32F_VL_1_.jpg?w=1576&amp;ssl=1 1576w\" sizes=\"auto, (max-width: 767px) 89vw, (max-width: 1000px) 54vw, (max-width: 1071px) 543px, 580px\" \/><figcaption><span class=\"has-inline-color has-cyan-bluish-gray-color\">mc\u00b236 MKII<\/span><\/figcaption><\/figure><\/div>\n\n\n\n<p>O palco ao ar livre e o audit\u00f3rio de Torre del Lago n\u00e3o contemplam altifalantes suspensos, facto que levou Carli a usar 98 altifalantes, colocados atr\u00e1s do p\u00fablico, a partir de 62 sa\u00eddas do sistema Soundscape. Essa combina\u00e7\u00e3o de altifalantes com a mesa mc\u00b236 <strong>LAWO<\/strong> e os processadores d&amp;b DS100, oferece uma experi\u00eancia de som natural agrad\u00e1vel para todo o p\u00fablico, seja qual for o lugar em que se sentem. A mc\u00b236 MKII com a sua tecnologia A__UHD Core d\u00e1 acesso a 256 canais de processamento, dispon\u00edveis em 48 e 96 kHz, e pode gerir uma capacidade de I\/O de at\u00e9 864 canais.<\/p>\n\n\n\n<p><a rel=\"noreferrer noopener\" href=\"https:\/\/lawo.com\/bh-audio-does-puccini-honor-with-lawo-mc%c2%b236-all-in-one-console\/\" target=\"_blank\">Saiba mais<\/a> sobre esta solu\u00e7\u00e3o do Festival Puccini. Saiba mais <a rel=\"noreferrer noopener\" href=\"https:\/\/www.prosoundweb.com\/bh-audio-delivers-outdoor-opera-amplification-at-the-puccini-festival-in-italy-with-lawo\/\" target=\"_blank\">ainda<\/a> e <a rel=\"noreferrer noopener\" href=\"https:\/\/tmbroadcast.com\/index.php\/bh-audio-puccini-lawo-db\/\" target=\"_blank\">aqui<\/a>. <a rel=\"noreferrer noopener\" href=\"https:\/\/lawo.com\/products\/mc%c2%b236\/\" target=\"_blank\">Saiba mais<\/a> sobre a mc\u00b236 MKII. Venha falar connosco para <a href=\"http:\/\/avantools.pt\/contacts.html\" data-type=\"URL\" data-id=\"http:\/\/avantools.pt\/contacts.html\">ficar a saber mais ainda<\/a> sobre estas e outras solu\u00e7\u00f5es <strong>LAWO<\/strong>.<\/p>\n\n\n\n<div class=\"wp-block-image\"><figure class=\"aligncenter size-large is-resized\"><img data-recalc-dims=\"1\" loading=\"lazy\" decoding=\"async\" src=\"https:\/\/i0.wp.com\/news.avantools.pt\/wp-content\/uploads\/2019\/09\/Lawo_Logo.gif?resize=273%2C273&#038;ssl=1\" alt=\"\" class=\"wp-image-2447\" width=\"273\" height=\"273\"\/><\/figure><\/div>\n\n\n\n<hr class=\"wp-block-separator is-style-wide\"\/>\n","protected":false},"excerpt":{"rendered":"<p>Todos os anos, os amantes de \u00f3pera dirigem-se \u00e0 bela Torre del Lago, na prov\u00edncia de Lucca, na Toscana, localizada entre o Mar Tirreno e o Lago Massaciuccoli, para assitir ao Festival Puccini. Realizado no Gran Teatro all&#8217;Aperto Giacomo Puccini, o festival atrai, de cada vez, cerca de 40 000 participantes. Um espa\u00e7o especial que &hellip; <\/p>\n<p class=\"link-more\"><a href=\"https:\/\/news.avantools.pt\/?p=7309\" class=\"more-link\">Continuar a ler <span class=\"screen-reader-text\">&#8220;Solu\u00e7\u00e3o LAWO para o Festival Puccini&#8221;<\/span><\/a><\/p>\n","protected":false},"author":2,"featured_media":7315,"comment_status":"closed","ping_status":"open","sticky":false,"template":"","format":"standard","meta":{"_jetpack_memberships_contains_paid_content":false,"footnotes":"","_links_to":"","_links_to_target":""},"categories":[92,95],"tags":[2,531,659],"class_list":["post-7309","post","type-post","status-publish","format-standard","has-post-thumbnail","hentry","category-broadcast","category-live","tag-lawo","tag-mc36-mkii","tag-puccini-festival"],"jetpack_featured_media_url":"https:\/\/i0.wp.com\/news.avantools.pt\/wp-content\/uploads\/2022\/12\/LAWO_mc2-36-mkII_16faders.jpg?fit=1920%2C1093&ssl=1","jetpack_sharing_enabled":true,"_links":{"self":[{"href":"https:\/\/news.avantools.pt\/index.php?rest_route=\/wp\/v2\/posts\/7309","targetHints":{"allow":["GET"]}}],"collection":[{"href":"https:\/\/news.avantools.pt\/index.php?rest_route=\/wp\/v2\/posts"}],"about":[{"href":"https:\/\/news.avantools.pt\/index.php?rest_route=\/wp\/v2\/types\/post"}],"author":[{"embeddable":true,"href":"https:\/\/news.avantools.pt\/index.php?rest_route=\/wp\/v2\/users\/2"}],"replies":[{"embeddable":true,"href":"https:\/\/news.avantools.pt\/index.php?rest_route=%2Fwp%2Fv2%2Fcomments&post=7309"}],"version-history":[{"count":16,"href":"https:\/\/news.avantools.pt\/index.php?rest_route=\/wp\/v2\/posts\/7309\/revisions"}],"predecessor-version":[{"id":7329,"href":"https:\/\/news.avantools.pt\/index.php?rest_route=\/wp\/v2\/posts\/7309\/revisions\/7329"}],"wp:featuredmedia":[{"embeddable":true,"href":"https:\/\/news.avantools.pt\/index.php?rest_route=\/wp\/v2\/media\/7315"}],"wp:attachment":[{"href":"https:\/\/news.avantools.pt\/index.php?rest_route=%2Fwp%2Fv2%2Fmedia&parent=7309"}],"wp:term":[{"taxonomy":"category","embeddable":true,"href":"https:\/\/news.avantools.pt\/index.php?rest_route=%2Fwp%2Fv2%2Fcategories&post=7309"},{"taxonomy":"post_tag","embeddable":true,"href":"https:\/\/news.avantools.pt\/index.php?rest_route=%2Fwp%2Fv2%2Ftags&post=7309"}],"curies":[{"name":"wp","href":"https:\/\/api.w.org\/{rel}","templated":true}]}}