{"id":7340,"date":"2022-12-30T15:25:05","date_gmt":"2022-12-30T15:25:05","guid":{"rendered":"http:\/\/news.avantools.pt\/?p=7340"},"modified":"2022-12-31T18:40:10","modified_gmt":"2022-12-31T18:40:10","slug":"s4-mistura-de-topo-para-estudios-pequenos","status":"publish","type":"post","link":"https:\/\/news.avantools.pt\/?p=7340","title":{"rendered":"S4, mistura de topo para est\u00fadios pequenos"},"content":{"rendered":"\n<p class=\"has-drop-cap\">Uma mesa compacta para profissionais preocupados com o or\u00e7amento e espa\u00e7o dispon\u00edvel em instala\u00e7\u00f5es mais pequenas, ideal para produ\u00e7\u00e3o e p\u00f3s-produ\u00e7\u00e3o de m\u00fasica, para produ\u00e7\u00e3o AV e ensino. A S4 da <strong>AVID<\/strong> aumenta a efic\u00e1cia da opera\u00e7\u00e3o de mistura, permitindo os mesmos fluxos de trabalho de outras mesas mais caras e volumosas. Uma unidade semimodular, mais simplificada que a sua prima, a galardoada S6, fornece controlo inteligente e a um n\u00edvel muito profundo da DAW. Na cria\u00e7\u00e3o m\u00fasical, na projec\u00e7\u00e3o de som, na mistura de \u00e1udio imersivo ou no ensino da produ\u00e7\u00e3o e opera\u00e7\u00e3o de \u00e1udio, a S4 da <strong>AVID<\/strong> \u00e9 a ferramenta perfeita para qualquer projecto.<\/p>\n\n\n\n<figure class=\"wp-block-image size-large\"><img data-recalc-dims=\"1\" loading=\"lazy\" decoding=\"async\" width=\"525\" height=\"350\" src=\"https:\/\/i0.wp.com\/news.avantools.pt\/wp-content\/uploads\/2022\/12\/Product-Image-Avid-S4-5ft-3CSMs-Joystick-Paddle-Control-Displays-Angle.jpg?resize=525%2C350&#038;ssl=1\" alt=\"\" class=\"wp-image-7342\" srcset=\"https:\/\/i0.wp.com\/news.avantools.pt\/wp-content\/uploads\/2022\/12\/Product-Image-Avid-S4-5ft-3CSMs-Joystick-Paddle-Control-Displays-Angle-scaled.jpg?resize=1024%2C683&amp;ssl=1 1024w, https:\/\/i0.wp.com\/news.avantools.pt\/wp-content\/uploads\/2022\/12\/Product-Image-Avid-S4-5ft-3CSMs-Joystick-Paddle-Control-Displays-Angle-scaled.jpg?resize=300%2C200&amp;ssl=1 300w, https:\/\/i0.wp.com\/news.avantools.pt\/wp-content\/uploads\/2022\/12\/Product-Image-Avid-S4-5ft-3CSMs-Joystick-Paddle-Control-Displays-Angle-scaled.jpg?resize=768%2C512&amp;ssl=1 768w, https:\/\/i0.wp.com\/news.avantools.pt\/wp-content\/uploads\/2022\/12\/Product-Image-Avid-S4-5ft-3CSMs-Joystick-Paddle-Control-Displays-Angle-scaled.jpg?resize=1536%2C1024&amp;ssl=1 1536w, https:\/\/i0.wp.com\/news.avantools.pt\/wp-content\/uploads\/2022\/12\/Product-Image-Avid-S4-5ft-3CSMs-Joystick-Paddle-Control-Displays-Angle-scaled.jpg?resize=2048%2C1365&amp;ssl=1 2048w\" sizes=\"auto, (max-width: 767px) 89vw, (max-width: 1000px) 54vw, (max-width: 1071px) 543px, 580px\" \/><\/figure>\n\n\n\n<p>Um conjunto de capacidades \u00fanico que vai do controlo profundo da DAW \u00e0 intergra\u00e7\u00e3o total com o sistema Dolby Atmos, passando pela sua ergonomia superior e a facilidade operacional, s\u00e3o algumas das caracter\u00edsticas da S4 da <strong>AVID<\/strong>, que oferece a mesma pot\u00eancia massiva de recursos de monitoriza\u00e7\u00e3o e fluxos de trabalho da S6 numa superf\u00edcie de controlo mais compacta projectada para espa\u00e7os e or\u00e7amentos mais reduzidos.<\/p>\n\n\n\n<div class=\"wp-block-image\"><figure class=\"aligncenter size-large\"><img data-recalc-dims=\"1\" loading=\"lazy\" decoding=\"async\" width=\"525\" height=\"294\" src=\"https:\/\/i0.wp.com\/news.avantools.pt\/wp-content\/uploads\/2022\/12\/Surface.png?resize=525%2C294&#038;ssl=1\" alt=\"\" class=\"wp-image-7356\" srcset=\"https:\/\/i0.wp.com\/news.avantools.pt\/wp-content\/uploads\/2022\/12\/Surface.png?w=771&amp;ssl=1 771w, https:\/\/i0.wp.com\/news.avantools.pt\/wp-content\/uploads\/2022\/12\/Surface.png?resize=300%2C168&amp;ssl=1 300w, https:\/\/i0.wp.com\/news.avantools.pt\/wp-content\/uploads\/2022\/12\/Surface.png?resize=768%2C430&amp;ssl=1 768w\" sizes=\"auto, (max-width: 767px) 89vw, (max-width: 1000px) 54vw, (max-width: 1071px) 543px, 580px\" \/><\/figure><\/div>\n\n\n\n<p>Na produ\u00e7\u00e3o e p\u00f3s-produ\u00e7\u00e3o \u00e1udio a S4 proporciona fluxos de trabalho robustos, na mistura de \u00e1udio imersivo, design de som e ADR. A S4 oferece a versatilidade necess\u00e1ria em qualquer projecto, desde filmes, TV e m\u00e9dia OTT, passando por jingles e jogos. <\/p>\n\n\n\n<p>Na m\u00fasica a S4 oferece recursos criativos para utilizar em projectos de m\u00fasica em formato est\u00e9reo e\/ou Dolby Atmos. A S4 \u00e9 perfeita para est\u00fadios de grava\u00e7\u00e3o mais pequenos, p\u00f3s-mistura de m\u00fasica\/\u00e1udio independentes, salas mais pequenas e su\u00edtes de masteriza\u00e7\u00e3o em est\u00fadios de m\u00fasica de maiores dimens\u00f5es.<\/p>\n\n\n\n<p>Na sala de aula a S4 oferece uma solu\u00e7\u00e3o acess\u00edvel para a forma\u00e7\u00e3o de alunos de \u00e1udio, ao permitir a demonstra\u00e7\u00e3o de fluxos de trabalho de p\u00f3s-produ\u00e7\u00e3o de m\u00fasica e \u00e1udio, conhecimentos necess\u00e1rios para uma carreira de sucesso na ind\u00fastria de m\u00e9dia e entretenimento. Factor importante, a S4 pode ser personalizada para se adaptar a qualquer tipo de curr\u00edculo.<\/p>\n\n\n\n<div class=\"wp-block-image\"><figure class=\"aligncenter size-large\"><img data-recalc-dims=\"1\" loading=\"lazy\" decoding=\"async\" width=\"525\" height=\"293\" src=\"https:\/\/i0.wp.com\/news.avantools.pt\/wp-content\/uploads\/2022\/12\/closeup-shot-of-avid-s6-control-surface.jpg?resize=525%2C293&#038;ssl=1\" alt=\"\" class=\"wp-image-7357\" srcset=\"https:\/\/i0.wp.com\/news.avantools.pt\/wp-content\/uploads\/2022\/12\/closeup-shot-of-avid-s6-control-surface.jpg?resize=1024%2C572&amp;ssl=1 1024w, https:\/\/i0.wp.com\/news.avantools.pt\/wp-content\/uploads\/2022\/12\/closeup-shot-of-avid-s6-control-surface.jpg?resize=300%2C167&amp;ssl=1 300w, https:\/\/i0.wp.com\/news.avantools.pt\/wp-content\/uploads\/2022\/12\/closeup-shot-of-avid-s6-control-surface.jpg?resize=768%2C429&amp;ssl=1 768w, https:\/\/i0.wp.com\/news.avantools.pt\/wp-content\/uploads\/2022\/12\/closeup-shot-of-avid-s6-control-surface.jpg?resize=1536%2C857&amp;ssl=1 1536w, https:\/\/i0.wp.com\/news.avantools.pt\/wp-content\/uploads\/2022\/12\/closeup-shot-of-avid-s6-control-surface.jpg?w=1600&amp;ssl=1 1600w\" sizes=\"auto, (max-width: 767px) 89vw, (max-width: 1000px) 54vw, (max-width: 1071px) 543px, 580px\" \/><\/figure><\/div>\n\n\n\n<p>A S4 \u00e9 totalmente configur\u00e1vel \u00e0 medida das necessidades. Pode ser configurada para acelerar a opera\u00e7\u00e3o de mistura, para dar um poderoso <em>feedback<\/em> visual da opera\u00e7\u00e3o de mistura. Funciona com qualquer software desde o Pro Tools Ultimate, Nuendo, Pyramix, Logic Pro, Cubase, at\u00e9 outras aplica\u00e7\u00f5es. Especialmente importante \u00e9 a capacidade de integrar fluxos de trabalho de mistura Dolby Atmos, de forma pr\u00e1tica e eficiente, quando combinados com o Pro Tools Ultimate, fornecendo ampla integra\u00e7\u00e3o para um controlo mais r\u00e1pido do projecto. Al\u00e9m disso, o seu tamanho compacto permite equipar salas de menores dimens\u00f5es para \u00e1udio imersivo. O design compacto e semimodular da S4, permite configurar at\u00e9 24 faders &#8211; mais tr\u00eas op\u00e7\u00f5es de m\u00f3dulo que oferecem joysticks duplos, controlos PEC\/Direct ou bot\u00f5es adicionais &#8211; para atender necessidades de fluxos de trabalho espec\u00edficos sem dominar o espa\u00e7o do est\u00fadio. Com a S4 \u00e9 poss\u00edvel controlar facilmente fontes e n\u00edveis de <em>talkback<\/em>, <em>listenback<\/em> e altifalante a partir da superf\u00edcie, para lidar com todo o g\u00e9nero de situa\u00e7\u00f5es, desde misturas de sinaliza\u00e7\u00e3o simples para grava\u00e7\u00e3o de m\u00fasica, at\u00e9 \u00e0 monitoriza\u00e7\u00e3o de projectos de \u00e1udio imersivo. A S4 assenta no protocolo EUCON, que permite uma integra\u00e7\u00e3o e controlo da DAW a um n\u00edvel muito profundo, e uma opera\u00e7\u00e3o mais r\u00e1pida e intuitiva com uma superf\u00edcie ergon\u00f3mica que age e comporta-se como uma extens\u00e3o f\u00edsica do software, independentemente do software DAW usado. Com a vers\u00e3o mais recente do EUCON, \u00e9 poss\u00edvel abrir e fechar o Pro Tools Folder Tracks directamente da superf\u00edcie, acelerando bastante a navega\u00e7\u00e3o da sess\u00e3o. A configura\u00e7\u00e3o b\u00e1sica \u00e9 extremamente simples. \u00c9 poss\u00edvel come\u00e7ar a trabalhar rapidamente com o m\u00f3dulo Channel Strip totalmente integrado e uma estrutura pr\u00e9-montada de 3, 4 ou 5 m\u00f3dulos, simplificando a configura\u00e7\u00e3o. Tendo em conta as suas caracter\u00edsticas, a S4 \u00e9, enfim, a mesa ideal para qualquer situa\u00e7\u00e3o em que a quest\u00e3o do espa\u00e7o dispon\u00edvel \u00e9 crucial, sem comprometer a operacionalidade e a qualidade.<\/p>\n\n\n\n<div class=\"wp-block-image\"><figure class=\"aligncenter size-large is-resized\"><img data-recalc-dims=\"1\" loading=\"lazy\" decoding=\"async\" src=\"https:\/\/i0.wp.com\/news.avantools.pt\/wp-content\/uploads\/2022\/12\/software.png?resize=525%2C373&#038;ssl=1\" alt=\"\" class=\"wp-image-7360\" width=\"525\" height=\"373\" srcset=\"https:\/\/i0.wp.com\/news.avantools.pt\/wp-content\/uploads\/2022\/12\/software.png?w=552&amp;ssl=1 552w, https:\/\/i0.wp.com\/news.avantools.pt\/wp-content\/uploads\/2022\/12\/software.png?resize=300%2C214&amp;ssl=1 300w\" sizes=\"auto, (max-width: 525px) 100vw, 525px\" \/><\/figure><\/div>\n\n\n\n<p>Saiba mais sobre a S4 <a rel=\"noreferrer noopener\" href=\"https:\/\/www.avid.com\/products\/avid-s4\" target=\"_blank\">aqui<\/a>. Veja <a rel=\"noreferrer noopener\" href=\"https:\/\/www.avid.com\/products\/avid-s4?video=11d4c6cd-e5f8-4154-a581-5014d131d09d\" target=\"_blank\">aqui<\/a> um video com as caracter\u00edsticas principais da S4. Se quiser ficar a saber mais ainda sobre este modelo, venha j\u00e1 <a rel=\"noreferrer noopener\" href=\"http:\/\/avantools.pt\/contacts.html\" target=\"_blank\">falar connosco<\/a><\/p>\n\n\n\n<p>.<\/p>\n\n\n\n<div class=\"wp-block-image\"><figure class=\"aligncenter size-large is-resized\"><img data-recalc-dims=\"1\" loading=\"lazy\" decoding=\"async\" src=\"https:\/\/i0.wp.com\/news.avantools.pt\/wp-content\/uploads\/2020\/12\/avidLOGO.png?resize=525%2C193&#038;ssl=1\" alt=\"\" class=\"wp-image-3692\" width=\"525\" height=\"193\" srcset=\"https:\/\/i0.wp.com\/news.avantools.pt\/wp-content\/uploads\/2020\/12\/avidLOGO.png?resize=1024%2C376&amp;ssl=1 1024w, https:\/\/i0.wp.com\/news.avantools.pt\/wp-content\/uploads\/2020\/12\/avidLOGO.png?resize=300%2C110&amp;ssl=1 300w, https:\/\/i0.wp.com\/news.avantools.pt\/wp-content\/uploads\/2020\/12\/avidLOGO.png?resize=768%2C282&amp;ssl=1 768w, https:\/\/i0.wp.com\/news.avantools.pt\/wp-content\/uploads\/2020\/12\/avidLOGO.png?resize=1536%2C564&amp;ssl=1 1536w, https:\/\/i0.wp.com\/news.avantools.pt\/wp-content\/uploads\/2020\/12\/avidLOGO.png?resize=2048%2C752&amp;ssl=1 2048w\" sizes=\"auto, (max-width: 525px) 100vw, 525px\" \/><\/figure><\/div>\n\n\n\n<hr class=\"wp-block-separator is-style-wide\"\/>\n","protected":false},"excerpt":{"rendered":"<p>Uma mesa compacta para profissionais preocupados com o or\u00e7amento e espa\u00e7o dispon\u00edvel em instala\u00e7\u00f5es mais pequenas, ideal para produ\u00e7\u00e3o e p\u00f3s-produ\u00e7\u00e3o de m\u00fasica, para produ\u00e7\u00e3o AV e ensino. A S4 da AVID aumenta a efic\u00e1cia da opera\u00e7\u00e3o de mistura, permitindo os mesmos fluxos de trabalho de outras mesas mais caras e volumosas. Uma unidade semimodular, &hellip; <\/p>\n<p class=\"link-more\"><a href=\"https:\/\/news.avantools.pt\/?p=7340\" class=\"more-link\">Continuar a ler <span class=\"screen-reader-text\">&#8220;S4, mistura de topo para est\u00fadios pequenos&#8221;<\/span><\/a><\/p>\n","protected":false},"author":2,"featured_media":7358,"comment_status":"closed","ping_status":"open","sticky":false,"template":"","format":"standard","meta":{"_jetpack_memberships_contains_paid_content":false,"footnotes":"","_links_to":"","_links_to_target":""},"categories":[654,464,483,94,96],"tags":[4,461],"class_list":["post-7340","post","type-post","status-publish","format-standard","has-post-thumbnail","hentry","category-masterizacao","category-pos-prod","category-producao","category-studio","category-video","tag-avid","tag-s4"],"jetpack_featured_media_url":"https:\/\/i0.wp.com\/news.avantools.pt\/wp-content\/uploads\/2022\/12\/Product-Image-Avid-S4-5ft-3CSMs-Joystick-Paddle-Control-Displays-Angle-1-scaled.jpg?fit=2560%2C1707&ssl=1","jetpack_sharing_enabled":true,"_links":{"self":[{"href":"https:\/\/news.avantools.pt\/index.php?rest_route=\/wp\/v2\/posts\/7340","targetHints":{"allow":["GET"]}}],"collection":[{"href":"https:\/\/news.avantools.pt\/index.php?rest_route=\/wp\/v2\/posts"}],"about":[{"href":"https:\/\/news.avantools.pt\/index.php?rest_route=\/wp\/v2\/types\/post"}],"author":[{"embeddable":true,"href":"https:\/\/news.avantools.pt\/index.php?rest_route=\/wp\/v2\/users\/2"}],"replies":[{"embeddable":true,"href":"https:\/\/news.avantools.pt\/index.php?rest_route=%2Fwp%2Fv2%2Fcomments&post=7340"}],"version-history":[{"count":44,"href":"https:\/\/news.avantools.pt\/index.php?rest_route=\/wp\/v2\/posts\/7340\/revisions"}],"predecessor-version":[{"id":7391,"href":"https:\/\/news.avantools.pt\/index.php?rest_route=\/wp\/v2\/posts\/7340\/revisions\/7391"}],"wp:featuredmedia":[{"embeddable":true,"href":"https:\/\/news.avantools.pt\/index.php?rest_route=\/wp\/v2\/media\/7358"}],"wp:attachment":[{"href":"https:\/\/news.avantools.pt\/index.php?rest_route=%2Fwp%2Fv2%2Fmedia&parent=7340"}],"wp:term":[{"taxonomy":"category","embeddable":true,"href":"https:\/\/news.avantools.pt\/index.php?rest_route=%2Fwp%2Fv2%2Fcategories&post=7340"},{"taxonomy":"post_tag","embeddable":true,"href":"https:\/\/news.avantools.pt\/index.php?rest_route=%2Fwp%2Fv2%2Ftags&post=7340"}],"curies":[{"name":"wp","href":"https:\/\/api.w.org\/{rel}","templated":true}]}}