{"id":7454,"date":"2023-01-13T20:15:26","date_gmt":"2023-01-13T20:15:26","guid":{"rendered":"http:\/\/news.avantools.pt\/?p=7454"},"modified":"2023-01-13T23:56:20","modified_gmt":"2023-01-13T23:56:20","slug":"o-coracao-do-sistema","status":"publish","type":"post","link":"https:\/\/news.avantools.pt\/?p=7454","title":{"rendered":"O cora\u00e7\u00e3o do sistema"},"content":{"rendered":"\n<p class=\"has-drop-cap\">A R\u00e1dio Televis\u00e3o da S\u00e9rvia aumentou a sua frota de carros de exterior. Uma nova viatura equipada com uma solu\u00e7\u00e3o <strong>LAWO<\/strong>, baseada no protocolo AoIP, faz agora parte dessa frota. Concebida para produ\u00e7\u00e3o \u00e1udio, constru\u00edda e equipada para responder \u00e0s necessidades especiais deste <em>broadcaster<\/em>, tem a pulsar no seu interior uma nova <em>mc\u00b236 <\/em>e foi desde logo utilizada numa s\u00e9rie de produ\u00e7\u00f5es importantes.<\/p>\n\n\n\n<div class=\"wp-block-image\"><figure class=\"aligncenter size-large\"><img data-recalc-dims=\"1\" loading=\"lazy\" decoding=\"async\" width=\"525\" height=\"350\" src=\"https:\/\/i0.wp.com\/news.avantools.pt\/wp-content\/uploads\/2023\/01\/RTS_OB_Van_inside.jpg?resize=525%2C350&#038;ssl=1\" alt=\"\" class=\"wp-image-7462\" srcset=\"https:\/\/i0.wp.com\/news.avantools.pt\/wp-content\/uploads\/2023\/01\/RTS_OB_Van_inside.jpg?resize=1024%2C682&amp;ssl=1 1024w, https:\/\/i0.wp.com\/news.avantools.pt\/wp-content\/uploads\/2023\/01\/RTS_OB_Van_inside.jpg?resize=300%2C200&amp;ssl=1 300w, https:\/\/i0.wp.com\/news.avantools.pt\/wp-content\/uploads\/2023\/01\/RTS_OB_Van_inside.jpg?resize=768%2C512&amp;ssl=1 768w, https:\/\/i0.wp.com\/news.avantools.pt\/wp-content\/uploads\/2023\/01\/RTS_OB_Van_inside.jpg?resize=1536%2C1024&amp;ssl=1 1536w, https:\/\/i0.wp.com\/news.avantools.pt\/wp-content\/uploads\/2023\/01\/RTS_OB_Van_inside.jpg?w=1772&amp;ssl=1 1772w\" sizes=\"auto, (max-width: 767px) 89vw, (max-width: 1000px) 54vw, (max-width: 1071px) 543px, 580px\" \/><\/figure><\/div>\n\n\n\n<p>A R\u00e1dio Televis\u00e3o da S\u00e9rvia (<a rel=\"noreferrer noopener\" href=\"https:\/\/www.rts.rs\/page\/rts\/sr\/programsales.html\" target=\"_blank\">Radio Televizija Srbije<\/a>, Radio Beograd, RTS), \u00e9 a emissora p\u00fablica da S\u00e9rvia, com sede na capital Belgrado e \u00e9 membro da European Broadcasting Union (EBU.) A RTS transmite e produz not\u00edcias, entretenimento e programa\u00e7\u00e3o desportiva via da r\u00e1dio, da televis\u00e3o e da internet.  <\/p>\n\n\n\n<p>A nova e compacta viatura, concebida para a produ\u00e7\u00e3o \u00e1udio, foi projectada, constru\u00edda e equipada completamente na S\u00e9rvia pela equipa executiva da TSE Beograd, o integrador de sistemas para \u00e1udio, v\u00eddeo, multim\u00e9dia, ilumina\u00e7\u00e3o, intercomunica\u00e7\u00e3o e tecnologias de controlo e o AVC Group, forneceu o equipamento e a viatura. <\/p>\n\n\n\n<p>O cora\u00e7\u00e3o do sistema \u00e9 uma mesa <strong>LAWO<\/strong> <em>mc\u00b236<\/em> de 40 vias e duas caixas de palco compactas, cada uma com 32 entradas de microfone\/linha e 16 sa\u00eddas de linha. Este equipamento, baseado no protocolo AoIP, usa duas portas MADI na parte traseira do mesa e uma terceira porta MADI para alimentar um gravador multipista TASCAM DA-6400. As I\/Os locais fornecidas pelo mc\u00b236 s\u00e3o suficientes para ligar o equipamento de grava\u00e7\u00e3o e reprodu\u00e7\u00e3o e monitoriza\u00e7\u00e3o PPM. Uma <em>A_digital8<\/em> adicional, tamb\u00e9m da <strong>LAWO<\/strong>, \u00e9 usada para ligar a uma unidade de efeitos multicanal TC ELECTRONIC Music 6000. O excelente som do <strong>LAWO<\/strong> \u00e9 monitorizado por um par de monitores activos Genelec 8331A full range e um subwoofer Genelec 7350A.<\/p>\n\n\n\n<div class=\"wp-block-image\"><figure class=\"aligncenter size-large\"><img data-recalc-dims=\"1\" loading=\"lazy\" decoding=\"async\" width=\"525\" height=\"350\" src=\"https:\/\/i0.wp.com\/news.avantools.pt\/wp-content\/uploads\/2023\/01\/RTS_OB_Van_Back.jpg?resize=525%2C350&#038;ssl=1\" alt=\"\" class=\"wp-image-7463\" srcset=\"https:\/\/i0.wp.com\/news.avantools.pt\/wp-content\/uploads\/2023\/01\/RTS_OB_Van_Back.jpg?resize=1024%2C683&amp;ssl=1 1024w, https:\/\/i0.wp.com\/news.avantools.pt\/wp-content\/uploads\/2023\/01\/RTS_OB_Van_Back.jpg?resize=300%2C200&amp;ssl=1 300w, https:\/\/i0.wp.com\/news.avantools.pt\/wp-content\/uploads\/2023\/01\/RTS_OB_Van_Back.jpg?resize=768%2C512&amp;ssl=1 768w, https:\/\/i0.wp.com\/news.avantools.pt\/wp-content\/uploads\/2023\/01\/RTS_OB_Van_Back.jpg?resize=1536%2C1025&amp;ssl=1 1536w, https:\/\/i0.wp.com\/news.avantools.pt\/wp-content\/uploads\/2023\/01\/RTS_OB_Van_Back.jpg?w=1772&amp;ssl=1 1772w\" sizes=\"auto, (max-width: 767px) 89vw, (max-width: 1000px) 54vw, (max-width: 1071px) 543px, 580px\" \/><\/figure><\/div>\n\n\n\n<p>Depois da instala\u00e7\u00e3o e forma\u00e7\u00e3o t\u00e9cnica, o novo carro foi imediatamente usado em produ\u00e7\u00f5es como a \u201cBeer Fest\u201d em Belgrado, o \u201cArsenal Fest\u201d em Kragujevac, o \u201cMokranjac Days\u201d em Negotin, o \u201cPipers Gathering\u201d em Prislonica e o \u201cRTS Big Band\u201d no sal\u00e3o MTS em Belgrado. O sistema adequa-se facilmente a diferentes tipos de m\u00fasica, do rock, ao folk, da cl\u00e1ssica ao jazz. A flexibilidade \u00e9 total.<\/p>\n\n\n\n<div class=\"wp-block-image\"><figure class=\"aligncenter size-large\"><img data-recalc-dims=\"1\" loading=\"lazy\" decoding=\"async\" width=\"525\" height=\"350\" src=\"https:\/\/i0.wp.com\/news.avantools.pt\/wp-content\/uploads\/2023\/01\/RTS_OB_Van_mc2_36.jpg?resize=525%2C350&#038;ssl=1\" alt=\"\" class=\"wp-image-7461\" srcset=\"https:\/\/i0.wp.com\/news.avantools.pt\/wp-content\/uploads\/2023\/01\/RTS_OB_Van_mc2_36.jpg?resize=1024%2C682&amp;ssl=1 1024w, https:\/\/i0.wp.com\/news.avantools.pt\/wp-content\/uploads\/2023\/01\/RTS_OB_Van_mc2_36.jpg?resize=300%2C200&amp;ssl=1 300w, https:\/\/i0.wp.com\/news.avantools.pt\/wp-content\/uploads\/2023\/01\/RTS_OB_Van_mc2_36.jpg?resize=768%2C512&amp;ssl=1 768w, https:\/\/i0.wp.com\/news.avantools.pt\/wp-content\/uploads\/2023\/01\/RTS_OB_Van_mc2_36.jpg?resize=1536%2C1024&amp;ssl=1 1536w, https:\/\/i0.wp.com\/news.avantools.pt\/wp-content\/uploads\/2023\/01\/RTS_OB_Van_mc2_36.jpg?w=1772&amp;ssl=1 1772w\" sizes=\"auto, (max-width: 767px) 89vw, (max-width: 1000px) 54vw, (max-width: 1071px) 543px, 580px\" \/><\/figure><\/div>\n\n\n\n<p>Saiba mais sobre o novo carro de exteriores <a rel=\"noreferrer noopener\" href=\"https:\/\/lawo.com\/rts-upgrades-ob-fleet-with-lawo-aoip-equipped-van\/\" target=\"_blank\">aqui<\/a>. Saiba mais sobre as solu\u00e7\u00f5es <strong>LAWO<\/strong> <a rel=\"noreferrer noopener\" href=\"https:\/\/lawo.com\" target=\"_blank\">aqui<\/a>. Para esclarecimentos adicionais, <a rel=\"noreferrer noopener\" href=\"http:\/\/avantools.pt\/contacts.html\" target=\"_blank\">venha falar connosco<\/a>.<\/p>\n\n\n\n<div class=\"wp-block-image\"><figure class=\"aligncenter size-medium\"><img data-recalc-dims=\"1\" loading=\"lazy\" decoding=\"async\" width=\"300\" height=\"300\" src=\"https:\/\/i0.wp.com\/news.avantools.pt\/wp-content\/uploads\/2019\/09\/Lawo_Logo.gif?resize=300%2C300&#038;ssl=1\" alt=\"\" class=\"wp-image-2447\" srcset=\"https:\/\/i0.wp.com\/news.avantools.pt\/wp-content\/uploads\/2019\/09\/Lawo_Logo.gif?resize=300%2C300&amp;ssl=1 300w, https:\/\/i0.wp.com\/news.avantools.pt\/wp-content\/uploads\/2019\/09\/Lawo_Logo.gif?resize=150%2C150&amp;ssl=1 150w, https:\/\/i0.wp.com\/news.avantools.pt\/wp-content\/uploads\/2019\/09\/Lawo_Logo.gif?resize=100%2C100&amp;ssl=1 100w\" sizes=\"auto, (max-width: 300px) 100vw, 300px\" \/><\/figure><\/div>\n\n\n\n<hr class=\"wp-block-separator is-style-wide\"\/>\n","protected":false},"excerpt":{"rendered":"<p>A R\u00e1dio Televis\u00e3o da S\u00e9rvia aumentou a sua frota de carros de exterior. Uma nova viatura equipada com uma solu\u00e7\u00e3o LAWO, baseada no protocolo AoIP, faz agora parte dessa frota. Concebida para produ\u00e7\u00e3o \u00e1udio, constru\u00edda e equipada para responder \u00e0s necessidades especiais deste broadcaster, tem a pulsar no seu interior uma nova mc\u00b236 e foi &hellip; <\/p>\n<p class=\"link-more\"><a href=\"https:\/\/news.avantools.pt\/?p=7454\" class=\"more-link\">Continuar a ler <span class=\"screen-reader-text\">&#8220;O cora\u00e7\u00e3o do sistema&#8221;<\/span><\/a><\/p>\n","protected":false},"author":2,"featured_media":7461,"comment_status":"closed","ping_status":"open","sticky":false,"template":"","format":"standard","meta":{"_jetpack_memberships_contains_paid_content":false,"footnotes":"","_links_to":"","_links_to_target":""},"categories":[92,95,93,650,94,266,96],"tags":[620,663,2,531],"class_list":["post-7454","post","type-post","status-publish","format-standard","has-post-thumbnail","hentry","category-broadcast","category-live","category-radio","category-streaming","category-studio","category-televisao","category-video","tag-a__line","tag-a_digital8","tag-lawo","tag-mc36-mkii"],"jetpack_featured_media_url":"https:\/\/i0.wp.com\/news.avantools.pt\/wp-content\/uploads\/2023\/01\/RTS_OB_Van_mc2_36.jpg?fit=1772%2C1181&ssl=1","jetpack_sharing_enabled":true,"_links":{"self":[{"href":"https:\/\/news.avantools.pt\/index.php?rest_route=\/wp\/v2\/posts\/7454","targetHints":{"allow":["GET"]}}],"collection":[{"href":"https:\/\/news.avantools.pt\/index.php?rest_route=\/wp\/v2\/posts"}],"about":[{"href":"https:\/\/news.avantools.pt\/index.php?rest_route=\/wp\/v2\/types\/post"}],"author":[{"embeddable":true,"href":"https:\/\/news.avantools.pt\/index.php?rest_route=\/wp\/v2\/users\/2"}],"replies":[{"embeddable":true,"href":"https:\/\/news.avantools.pt\/index.php?rest_route=%2Fwp%2Fv2%2Fcomments&post=7454"}],"version-history":[{"count":13,"href":"https:\/\/news.avantools.pt\/index.php?rest_route=\/wp\/v2\/posts\/7454\/revisions"}],"predecessor-version":[{"id":7472,"href":"https:\/\/news.avantools.pt\/index.php?rest_route=\/wp\/v2\/posts\/7454\/revisions\/7472"}],"wp:featuredmedia":[{"embeddable":true,"href":"https:\/\/news.avantools.pt\/index.php?rest_route=\/wp\/v2\/media\/7461"}],"wp:attachment":[{"href":"https:\/\/news.avantools.pt\/index.php?rest_route=%2Fwp%2Fv2%2Fmedia&parent=7454"}],"wp:term":[{"taxonomy":"category","embeddable":true,"href":"https:\/\/news.avantools.pt\/index.php?rest_route=%2Fwp%2Fv2%2Fcategories&post=7454"},{"taxonomy":"post_tag","embeddable":true,"href":"https:\/\/news.avantools.pt\/index.php?rest_route=%2Fwp%2Fv2%2Ftags&post=7454"}],"curies":[{"name":"wp","href":"https:\/\/api.w.org\/{rel}","templated":true}]}}