{"id":7517,"date":"2023-01-27T21:43:46","date_gmt":"2023-01-27T21:43:46","guid":{"rendered":"http:\/\/news.avantools.pt\/?p=7517"},"modified":"2023-01-28T14:48:31","modified_gmt":"2023-01-28T14:48:31","slug":"melhor-que-o-melhor","status":"publish","type":"post","link":"https:\/\/news.avantools.pt\/?p=7517","title":{"rendered":"Melhorar o melhor"},"content":{"rendered":"\n<p class=\"has-drop-cap\">A <strong>SPL, Sound Performance Lab<\/strong> tem-nos oferecido, desde a sua funda\u00e7\u00e3o, uma gama de produtos \u00fanicos, que se distinguem pela sua alt\u00edssima qualidade e solidez. Ao longo dos seus 40 anos de exist\u00eancia, a <strong>SPL<\/strong> tornou-se uma refer\u00eancia incontorn\u00e1vel na \u00e1rea do \u00e1udio profissional. Alguns dos cl\u00e1ssicos produzidos pela empresa alem\u00e3 t\u00eam agora um novo design e novas possibilidades, mantendo a qualidade, solidez e fiabilidade dos seus antecessores. O melhor da <strong>SPL<\/strong> tornou-se ainda melhor. Falamos-lhe dos novos <em>Transient Designer 4 Mk2<\/em>, <em>DeEsser<\/em> Mk2 e <em>MTC Mk2<\/em>.<\/p>\n\n\n\n<div class=\"wp-block-image\"><figure class=\"aligncenter size-large\"><img data-recalc-dims=\"1\" loading=\"lazy\" decoding=\"async\" width=\"525\" height=\"350\" src=\"https:\/\/i0.wp.com\/news.avantools.pt\/wp-content\/uploads\/2023\/01\/spl-mtc-mk2-testsetup.jpg?resize=525%2C350&#038;ssl=1\" alt=\"\" class=\"wp-image-7533\" srcset=\"https:\/\/i0.wp.com\/news.avantools.pt\/wp-content\/uploads\/2023\/01\/spl-mtc-mk2-testsetup-scaled.jpg?resize=1024%2C683&amp;ssl=1 1024w, https:\/\/i0.wp.com\/news.avantools.pt\/wp-content\/uploads\/2023\/01\/spl-mtc-mk2-testsetup-scaled.jpg?resize=300%2C200&amp;ssl=1 300w, https:\/\/i0.wp.com\/news.avantools.pt\/wp-content\/uploads\/2023\/01\/spl-mtc-mk2-testsetup-scaled.jpg?resize=768%2C512&amp;ssl=1 768w, https:\/\/i0.wp.com\/news.avantools.pt\/wp-content\/uploads\/2023\/01\/spl-mtc-mk2-testsetup-scaled.jpg?resize=1536%2C1024&amp;ssl=1 1536w, https:\/\/i0.wp.com\/news.avantools.pt\/wp-content\/uploads\/2023\/01\/spl-mtc-mk2-testsetup-scaled.jpg?resize=2048%2C1365&amp;ssl=1 2048w\" sizes=\"auto, (max-width: 767px) 89vw, (max-width: 1000px) 54vw, (max-width: 1071px) 543px, 580px\" \/><\/figure><\/div>\n\n\n\n<p>Desde 1983, que a <strong>SPL<\/strong> produz equipamentos de \u00e1udio para m\u00fasica, cinema, multim\u00e9dia, alta fidelidade e <em>broadcast<\/em>. Muitos destes produtos \u00fanicos, tornaram-se refer\u00eancias no mundo do \u00e1udio profissional e marcam presen\u00e7a em est\u00fadios, palcos e outros locais de produ\u00e7\u00e3o, um pouco por todo o mundo. A f\u00f3rmula da <strong>SPL<\/strong> tem sido experimentar e ouvir resultados, em vez de projectar aplicando um qualquer livro de receitas. \u00c9 dessa f\u00f3rmula que nascem produtos de \u00e1udio inovadores, que levam o bin\u00f3mio da tecnologia e do design mais longe, sempre em busca de um desempenho exclusivo. Eis o que diferencia os produtos <strong>SPL<\/strong> do resto.<\/p>\n\n\n\n<p>Hoje trazemos-lhe aqui tr\u00eas produtos novos, que resultam do aperfei\u00e7oamento de cl\u00e1ssicos que fizeram distinguir a marca desde os seus prim\u00f3rdios. O melhor tornou-se melhor ainda.<\/p>\n\n\n\n<div class=\"wp-block-image\"><figure class=\"aligncenter size-large\"><img data-recalc-dims=\"1\" loading=\"lazy\" decoding=\"async\" width=\"525\" height=\"51\" src=\"https:\/\/i0.wp.com\/news.avantools.pt\/wp-content\/uploads\/2023\/01\/TD4-MK2_Front-gallery.png?resize=525%2C51&#038;ssl=1\" alt=\"\" class=\"wp-image-7531\" srcset=\"https:\/\/i0.wp.com\/news.avantools.pt\/wp-content\/uploads\/2023\/01\/TD4-MK2_Front-gallery.png?resize=1024%2C100&amp;ssl=1 1024w, https:\/\/i0.wp.com\/news.avantools.pt\/wp-content\/uploads\/2023\/01\/TD4-MK2_Front-gallery.png?resize=300%2C29&amp;ssl=1 300w, https:\/\/i0.wp.com\/news.avantools.pt\/wp-content\/uploads\/2023\/01\/TD4-MK2_Front-gallery.png?resize=768%2C75&amp;ssl=1 768w, https:\/\/i0.wp.com\/news.avantools.pt\/wp-content\/uploads\/2023\/01\/TD4-MK2_Front-gallery.png?resize=1536%2C151&amp;ssl=1 1536w, https:\/\/i0.wp.com\/news.avantools.pt\/wp-content\/uploads\/2023\/01\/TD4-MK2_Front-gallery.png?resize=2048%2C201&amp;ssl=1 2048w\" sizes=\"auto, (max-width: 767px) 89vw, (max-width: 1000px) 54vw, (max-width: 1071px) 543px, 580px\" \/><\/figure><\/div>\n\n\n\n<p>Falamos-lhe, em primeiro lugar, do <em><a href=\"https:\/\/spl.audio\/en\/spl-produkt\/transient-designer-4-mk2\/\" target=\"_blank\" rel=\"noreferrer noopener\">Transient Designer 4 Mk2<\/a><\/em>, o original redesenhado. Este representante da mais nova gera\u00e7\u00e3o do Transient Designer 4 apresenta as mesmas qualidades de processamento do seu antecessor, mas tem um novo design e produz uma resposta ainda melhor devido aos seus bot\u00f5es de alum\u00ednio s\u00f3lido. O <em>Transient Designer 4 Mk2<\/em> oferece quatro canais Transient Designer numa unidade de 19\u2033.  Trata-se de uma revolu\u00e7\u00e3o no processamento din\u00e2mico. Com o Transient Designer \u00e9 poss\u00edvel manipular os envelopes dos sinais de \u00e1udio independentemente do n\u00edvel (sem limite!). \u00c9 poss\u00edvel acelerar ou diminuir os transientes, aumentar ou diminuir os tempos de sustenta\u00e7\u00e3o, com apenas dois controlos: ataque e sustenta\u00e7\u00e3o. Todas as constantes de tempo s\u00e3o automatizadas de modo musicalmente coerente e optimizam-se de forma adaptativa, de acordo com as caracter\u00edsticas do sinal de entrada.<\/p>\n\n\n\n<p>De seguida falamos-lhe do <em><a href=\"https:\/\/spl.audio\/en\/spl-produkt\/deesser-mk2\/\" target=\"_blank\" rel=\"noreferrer noopener\">DeEsser MkII<\/a><\/em>, um processador \u00fanico, desde a sua introdu\u00e7\u00e3o em 1996. O <em>Auto Dynamic DeEsser<\/em> remove frequ\u00eancias sibilantes indesejadas de uma forma simples e musical, cancelando os sons S sem afectar o car\u00e1cter natural ou o timbre da voz. A mais nova gera\u00e7\u00e3o do <em>DeEsser Mk2<\/em> apresenta as mesmas qualidades de processamento de seu antecessor, mas, tal como o modelo referido anteriormente tem um novo design e \u00e9 constru\u00eddo com bot\u00f5es de alum\u00ednio s\u00f3lido. O <em>DeEsser Mk2<\/em> oferece dois DeEssers mono num dispositivo de 19\u2033. O DeEsser \u00e9 uma revolu\u00e7\u00e3o no dom\u00ednio do processamento de sons sibilantes. O novo modelo usa uma tecnologia exclusiva para reduzir a sibili\u00e2ncia numa mistura ou em pistas vocais isoladas. Detecta e sintoniza automaticamente as frequ\u00eancias sibilantes deixando a frequ\u00eancias vizinhas intactas. As sibilantes s\u00e3o mituradas de volta com sinal principal, mas com invers\u00e3o de fase para cancelar a sibil\u00e2ncia. O resultado \u00e9 um processo neutro, discreto e extremamente eficaz. Mesmo para valores altos de <em>S-Reduction<\/em>, o <em>de-essing<\/em> tem um efeito significativo no car\u00e1cter e no timbre da voz.<\/p>\n\n\n\n<div class=\"wp-block-image\"><figure class=\"aligncenter size-large\"><img data-recalc-dims=\"1\" loading=\"lazy\" decoding=\"async\" width=\"525\" height=\"48\" src=\"https:\/\/i0.wp.com\/news.avantools.pt\/wp-content\/uploads\/2023\/01\/DeEsser-Mk2_Front-Flat_gallery.png?resize=525%2C48&#038;ssl=1\" alt=\"\" class=\"wp-image-7530\" srcset=\"https:\/\/i0.wp.com\/news.avantools.pt\/wp-content\/uploads\/2023\/01\/DeEsser-Mk2_Front-Flat_gallery.png?resize=1024%2C94&amp;ssl=1 1024w, https:\/\/i0.wp.com\/news.avantools.pt\/wp-content\/uploads\/2023\/01\/DeEsser-Mk2_Front-Flat_gallery.png?resize=300%2C28&amp;ssl=1 300w, https:\/\/i0.wp.com\/news.avantools.pt\/wp-content\/uploads\/2023\/01\/DeEsser-Mk2_Front-Flat_gallery.png?resize=768%2C71&amp;ssl=1 768w, https:\/\/i0.wp.com\/news.avantools.pt\/wp-content\/uploads\/2023\/01\/DeEsser-Mk2_Front-Flat_gallery.png?resize=1536%2C141&amp;ssl=1 1536w, https:\/\/i0.wp.com\/news.avantools.pt\/wp-content\/uploads\/2023\/01\/DeEsser-Mk2_Front-Flat_gallery.png?resize=2048%2C189&amp;ssl=1 2048w\" sizes=\"auto, (max-width: 767px) 89vw, (max-width: 1000px) 54vw, (max-width: 1071px) 543px, 580px\" \/><\/figure><\/div>\n\n\n\n<p>FInalmente, um produto de que j\u00e1 lhe fal\u00e1mos <a rel=\"noreferrer noopener\" href=\"https:\/\/news.avantools.pt\/?p=5808\" target=\"_blank\">aqui<\/a> no <em>Feedforward<\/em>, mas aproveitamos para o relembrar:  o <em><a rel=\"noreferrer noopener\" href=\"https:\/\/spl.audio\/en\/spl-produkt\/mtc-mk2\/\" target=\"_blank\">MTC Mk2<\/a><\/em>. Sucessor do popular modelo <em>MTC<\/em> (entretanto, descontinuado,) o novo <em>MTC MkII<\/em> \u00e9 a solu\u00e7\u00e3o para o controlo da escuta em est\u00fadio. Um modelo de estrutura estereof\u00f3nica, recheado de novas, extremamente \u00fateis e excitantes possibilidades. O <em>MTC MkII<\/em> permite escolher entre quatro fontes de entrada est\u00e9reo (uma das quais pode ser atribu\u00edda para actuar como um <em>cue mix<\/em> dedicado) e tr\u00eas pares de altifalantes, com uma sa\u00edda \u00fanica fornecendo um sinal somado para alimentar um <em>subwoofer<\/em> ou altifalante mono. Outro par de sa\u00eddas permite que o <em>cue mix<\/em> seja passado para outro equipamento, um amplificador de auscultadores, por exemplo, enquanto uma sa\u00edda <em>talkback<\/em> permite que o sinal de um microfone interno seja ligado a um sistema de altifalantes na sala de capta\u00e7\u00e3o, ou a uma interface A\/D que permitem mais op\u00e7\u00f5es de liga\u00e7\u00e3o. O <em>talkback<\/em> pode ser activado por meio de um bot\u00e3o no painel frontal ou de um pedal TS\/TRS a uma entrada no painel traseiro. Outra sa\u00edda est\u00e9reo permite liga\u00e7\u00f5es com outras unidades, como analisadores externos, que reflectem o n\u00edvel presente nas sa\u00eddas dos altifalantes.<\/p>\n\n\n\n<div class=\"wp-block-image\"><figure class=\"aligncenter size-large\"><img data-recalc-dims=\"1\" loading=\"lazy\" decoding=\"async\" width=\"525\" height=\"295\" src=\"https:\/\/i0.wp.com\/news.avantools.pt\/wp-content\/uploads\/2023\/01\/SPL_MTC-Mk2_Front_transparent.png?resize=525%2C295&#038;ssl=1\" alt=\"\" class=\"wp-image-7532\" srcset=\"https:\/\/i0.wp.com\/news.avantools.pt\/wp-content\/uploads\/2023\/01\/SPL_MTC-Mk2_Front_transparent.png?resize=1024%2C576&amp;ssl=1 1024w, https:\/\/i0.wp.com\/news.avantools.pt\/wp-content\/uploads\/2023\/01\/SPL_MTC-Mk2_Front_transparent.png?resize=300%2C169&amp;ssl=1 300w, https:\/\/i0.wp.com\/news.avantools.pt\/wp-content\/uploads\/2023\/01\/SPL_MTC-Mk2_Front_transparent.png?resize=768%2C432&amp;ssl=1 768w, https:\/\/i0.wp.com\/news.avantools.pt\/wp-content\/uploads\/2023\/01\/SPL_MTC-Mk2_Front_transparent.png?resize=1536%2C864&amp;ssl=1 1536w, https:\/\/i0.wp.com\/news.avantools.pt\/wp-content\/uploads\/2023\/01\/SPL_MTC-Mk2_Front_transparent.png?resize=2048%2C1152&amp;ssl=1 2048w\" sizes=\"auto, (max-width: 767px) 89vw, (max-width: 1000px) 54vw, (max-width: 1071px) 543px, 580px\" \/><\/figure><\/div>\n\n\n\n<p>Eis aqui uma pequena s\u00famula das caracter\u00edsticas dos novos produtos da <strong>SPL<\/strong>, vers\u00f5es actualizadas de produtos cl\u00e1ssicos, ferramentas 100% fi\u00e1veis no dia a dia de muitos est\u00fadios por todo o mundo, desde h\u00e1 muito. Novos modelos que melhoraram o melhor. <\/p>\n\n\n\n<p>Veja <a rel=\"noreferrer noopener\" href=\"https:\/\/spl.audio\/en\/\" target=\"_blank\">aqui<\/a> tudo sobre os produtos da <strong>SPL<\/strong>. <a rel=\"noreferrer noopener\" href=\"http:\/\/avantools.pt\/contacts.html\/\" target=\"_blank\">Fale connosco<\/a> para mais informa\u00e7\u00f5es ou para pedir uma demonstra\u00e7\u00e3o.<\/p>\n\n\n\n<div class=\"wp-block-image\"><figure class=\"aligncenter size-medium\"><img data-recalc-dims=\"1\" loading=\"lazy\" decoding=\"async\" width=\"300\" height=\"212\" src=\"https:\/\/i0.wp.com\/news.avantools.pt\/wp-content\/uploads\/2022\/01\/SPL-LOGO.jpg?resize=300%2C212&#038;ssl=1\" alt=\"\" class=\"wp-image-5167\" srcset=\"https:\/\/i0.wp.com\/news.avantools.pt\/wp-content\/uploads\/2022\/01\/SPL-LOGO.jpg?resize=300%2C212&amp;ssl=1 300w, https:\/\/i0.wp.com\/news.avantools.pt\/wp-content\/uploads\/2022\/01\/SPL-LOGO.jpg?w=679&amp;ssl=1 679w\" sizes=\"auto, (max-width: 300px) 100vw, 300px\" \/><\/figure><\/div>\n\n\n\n<hr class=\"wp-block-separator is-style-wide\"\/>\n","protected":false},"excerpt":{"rendered":"<p>A SPL, Sound Performance Lab tem-nos oferecido, desde a sua funda\u00e7\u00e3o, uma gama de produtos \u00fanicos, que se distinguem pela sua alt\u00edssima qualidade e solidez. Ao longo dos seus 40 anos de exist\u00eancia, a SPL tornou-se uma refer\u00eancia incontorn\u00e1vel na \u00e1rea do \u00e1udio profissional. Alguns dos cl\u00e1ssicos produzidos pela empresa alem\u00e3 t\u00eam agora um novo &hellip; <\/p>\n<p class=\"link-more\"><a href=\"https:\/\/news.avantools.pt\/?p=7517\" class=\"more-link\">Continuar a ler <span class=\"screen-reader-text\">&#8220;Melhorar o melhor&#8221;<\/span><\/a><\/p>\n","protected":false},"author":2,"featured_media":7534,"comment_status":"closed","ping_status":"open","sticky":false,"template":"","format":"standard","meta":{"_jetpack_memberships_contains_paid_content":false,"footnotes":"","_links_to":"","_links_to_target":""},"categories":[92,95,464,483,94],"tags":[666,665,32,667],"class_list":["post-7517","post","type-post","status-publish","format-standard","has-post-thumbnail","hentry","category-broadcast","category-live","category-pos-prod","category-producao","category-studio","tag-deesser-mk-ii","tag-mtc-mk2","tag-spl","tag-transient-designer-4-mk2"],"jetpack_featured_media_url":"https:\/\/i0.wp.com\/news.avantools.pt\/wp-content\/uploads\/2023\/01\/SPL_MTC-Mk2_Angled_blue-1536x864-1.jpg?fit=1536%2C864&ssl=1","jetpack_sharing_enabled":true,"_links":{"self":[{"href":"https:\/\/news.avantools.pt\/index.php?rest_route=\/wp\/v2\/posts\/7517","targetHints":{"allow":["GET"]}}],"collection":[{"href":"https:\/\/news.avantools.pt\/index.php?rest_route=\/wp\/v2\/posts"}],"about":[{"href":"https:\/\/news.avantools.pt\/index.php?rest_route=\/wp\/v2\/types\/post"}],"author":[{"embeddable":true,"href":"https:\/\/news.avantools.pt\/index.php?rest_route=\/wp\/v2\/users\/2"}],"replies":[{"embeddable":true,"href":"https:\/\/news.avantools.pt\/index.php?rest_route=%2Fwp%2Fv2%2Fcomments&post=7517"}],"version-history":[{"count":20,"href":"https:\/\/news.avantools.pt\/index.php?rest_route=\/wp\/v2\/posts\/7517\/revisions"}],"predecessor-version":[{"id":7549,"href":"https:\/\/news.avantools.pt\/index.php?rest_route=\/wp\/v2\/posts\/7517\/revisions\/7549"}],"wp:featuredmedia":[{"embeddable":true,"href":"https:\/\/news.avantools.pt\/index.php?rest_route=\/wp\/v2\/media\/7534"}],"wp:attachment":[{"href":"https:\/\/news.avantools.pt\/index.php?rest_route=%2Fwp%2Fv2%2Fmedia&parent=7517"}],"wp:term":[{"taxonomy":"category","embeddable":true,"href":"https:\/\/news.avantools.pt\/index.php?rest_route=%2Fwp%2Fv2%2Fcategories&post=7517"},{"taxonomy":"post_tag","embeddable":true,"href":"https:\/\/news.avantools.pt\/index.php?rest_route=%2Fwp%2Fv2%2Ftags&post=7517"}],"curies":[{"name":"wp","href":"https:\/\/api.w.org\/{rel}","templated":true}]}}