{"id":7887,"date":"2023-04-14T23:45:30","date_gmt":"2023-04-14T22:45:30","guid":{"rendered":"https:\/\/news.avantools.pt\/?p=7887"},"modified":"2023-04-15T18:52:16","modified_gmt":"2023-04-15T17:52:16","slug":"em-espanha-tv3-e-no-1","status":"publish","type":"post","link":"https:\/\/news.avantools.pt\/?p=7887","title":{"rendered":"Em Espanha TV3 \u00e9 n\u00ba 1"},"content":{"rendered":"\n<p>A catal\u00e3 TV3 escolheu uma solu\u00e7\u00e3o <em>Artist\/Bolero<\/em> da <strong>RIEDEL<\/strong> para ligar o seu Centro de Produ\u00e7\u00e3o Audiovisual (CPA) e as instala\u00e7\u00f5es de edi\u00e7\u00e3o de not\u00edcias. O presente e futuro \u00e9 IP e com esta solu\u00e7\u00e3o \u00e9 poss\u00edvel fazer uma transi\u00e7\u00e3o inteligente e segura para o protocolo IP, com um sistema de comunica\u00e7\u00e3o surpreendentemente robusto. Uma solu\u00e7\u00e3o inteligente, segura, robusta. Que mais \u00e9 poss\u00edvel pedir?<\/p>\n\n\n<div class=\"wp-block-image\">\n<figure class=\"aligncenter size-large\"><img data-recalc-dims=\"1\" loading=\"lazy\" decoding=\"async\" width=\"525\" height=\"420\" src=\"https:\/\/i0.wp.com\/news.avantools.pt\/wp-content\/uploads\/2023\/04\/csm_TV_Tres_Barcelona_2023_2_096749aadd.jpg?resize=525%2C420&#038;ssl=1\" alt=\"\" class=\"wp-image-7893\" srcset=\"https:\/\/i0.wp.com\/news.avantools.pt\/wp-content\/uploads\/2023\/04\/csm_TV_Tres_Barcelona_2023_2_096749aadd.jpg?resize=1024%2C819&amp;ssl=1 1024w, https:\/\/i0.wp.com\/news.avantools.pt\/wp-content\/uploads\/2023\/04\/csm_TV_Tres_Barcelona_2023_2_096749aadd.jpg?resize=300%2C240&amp;ssl=1 300w, https:\/\/i0.wp.com\/news.avantools.pt\/wp-content\/uploads\/2023\/04\/csm_TV_Tres_Barcelona_2023_2_096749aadd.jpg?resize=768%2C614&amp;ssl=1 768w, https:\/\/i0.wp.com\/news.avantools.pt\/wp-content\/uploads\/2023\/04\/csm_TV_Tres_Barcelona_2023_2_096749aadd.jpg?w=1200&amp;ssl=1 1200w\" sizes=\"auto, (max-width: 767px) 89vw, (max-width: 1000px) 54vw, (max-width: 1071px) 543px, 580px\" \/><\/figure>\n<\/div>\n\n\n<p>A TV3 \u00e9 parte da <em>Corporaci\u00f3 Catalana de Mitjans Audiovisuals<\/em>, <a rel=\"noreferrer noopener\" href=\"https:\/\/www.ccma.cat\/tv3\/\" target=\"_blank\">CCMA<\/a>, a empresa p\u00fablica de r\u00e1dio e televis\u00e3o da Catalunha, propriedade da Generalitat de Catalunha. A CCMA inclui  a Televisi\u00f3 de Catalunya, de que a TV3 constitui o canal de refer\u00eancia e ainda a Catalunya R\u00e0dio, a rede p\u00fablica de r\u00e1dio catal\u00e3, a CCRTV interactiva e outras importantes empresas ligadas ao sector. Nem sempre \u00e9 f\u00e1cil para um operador de <em>broadcast<\/em> ser o primeiro a adoptar uma solu\u00e7\u00e3o inovadora, mas a TV3 teve a vis\u00e3o e a determina\u00e7\u00e3o necess\u00e1rias para confiar nas solu\u00e7\u00f5es <strong>RIDEL<\/strong>, como refer\u00eancia de comunica\u00e7\u00e3o nos cen\u00e1rios mais desafiadores. A TV3 enfrenta assim o futuro de forma decidida e sustentada.<\/p>\n\n\n<div class=\"wp-block-image\">\n<figure class=\"aligncenter size-large\"><img data-recalc-dims=\"1\" loading=\"lazy\" decoding=\"async\" width=\"525\" height=\"420\" src=\"https:\/\/i0.wp.com\/news.avantools.pt\/wp-content\/uploads\/2023\/04\/csm_TV_Tres_Barcelona_2023_4_f80ca033ca.jpg?resize=525%2C420&#038;ssl=1\" alt=\"\" class=\"wp-image-7894\" srcset=\"https:\/\/i0.wp.com\/news.avantools.pt\/wp-content\/uploads\/2023\/04\/csm_TV_Tres_Barcelona_2023_4_f80ca033ca.jpg?resize=1024%2C819&amp;ssl=1 1024w, https:\/\/i0.wp.com\/news.avantools.pt\/wp-content\/uploads\/2023\/04\/csm_TV_Tres_Barcelona_2023_4_f80ca033ca.jpg?resize=300%2C240&amp;ssl=1 300w, https:\/\/i0.wp.com\/news.avantools.pt\/wp-content\/uploads\/2023\/04\/csm_TV_Tres_Barcelona_2023_4_f80ca033ca.jpg?resize=768%2C614&amp;ssl=1 768w, https:\/\/i0.wp.com\/news.avantools.pt\/wp-content\/uploads\/2023\/04\/csm_TV_Tres_Barcelona_2023_4_f80ca033ca.jpg?w=1200&amp;ssl=1 1200w\" sizes=\"auto, (max-width: 767px) 89vw, (max-width: 1000px) 54vw, (max-width: 1071px) 543px, 580px\" \/><\/figure>\n<\/div>\n\n\n<p class=\"has-text-align-left\">O novo sistema \u00e9 baseado em n\u00facleos <em>Artist-1024<\/em> e integra perfeitamente o sistema de intercomunica\u00e7\u00e3o sem fios <em>Bolero<\/em> e os <em>SmartPanel<\/em>s da s\u00e9rie 1200. Fornecida pelo distribuidor espanhol Crosspoint, a rede de intercomunica\u00e7\u00e3o Artist-1024 \u2014 a primeira desse tipo na Espanha \u2014 ajudou a TV3 a mudar para um figurino de base IP, realizando comunica\u00e7\u00f5es descentralizadas e escal\u00e1veis \u200b\u200be distribui\u00e7\u00e3o de sinal para equipas de not\u00edcias, em qualquer aplicativo de \u00e1udio ou intercomunica\u00e7\u00e3o.<\/p>\n\n\n\n<p>O sistema de intercomunica\u00e7\u00e3o de base IP agora instalado pela TV3 oferece uma enorme flexibilidade na configura\u00e7\u00e3o das comunica\u00e7\u00f5es, segundo os respons\u00e1veis t\u00e9cnicos de instala\u00e7\u00f5es de est\u00fadio de TV da TV3. O protocolo IP cria um mundo totalmente novo de possibilidades, uma vez que todo o \u00e1udio pode ser usado como entradas na matriz, permitindo o uso dos pain\u00e9is para monitoriza\u00e7\u00e3o de \u00e1udio, o que, entre outras m\u00faltiplas vantagens, reduz muito a necessidade de equipamentos extra e espa\u00e7o em <em>rack<\/em>.<\/p>\n\n\n<div class=\"wp-block-image\">\n<figure class=\"aligncenter size-large is-resized\"><img data-recalc-dims=\"1\" loading=\"lazy\" decoding=\"async\" src=\"https:\/\/i0.wp.com\/news.avantools.pt\/wp-content\/uploads\/2020\/11\/1200_Series_SmartPanel_Trans.png?resize=525%2C295&#038;ssl=1\" alt=\"\" class=\"wp-image-3615\" width=\"525\" height=\"295\" srcset=\"https:\/\/i0.wp.com\/news.avantools.pt\/wp-content\/uploads\/2020\/11\/1200_Series_SmartPanel_Trans.png?resize=1024%2C575&amp;ssl=1 1024w, https:\/\/i0.wp.com\/news.avantools.pt\/wp-content\/uploads\/2020\/11\/1200_Series_SmartPanel_Trans.png?resize=300%2C168&amp;ssl=1 300w, https:\/\/i0.wp.com\/news.avantools.pt\/wp-content\/uploads\/2020\/11\/1200_Series_SmartPanel_Trans.png?resize=768%2C431&amp;ssl=1 768w, https:\/\/i0.wp.com\/news.avantools.pt\/wp-content\/uploads\/2020\/11\/1200_Series_SmartPanel_Trans.png?w=1140&amp;ssl=1 1140w\" sizes=\"auto, (max-width: 767px) 89vw, (max-width: 1000px) 54vw, (max-width: 1071px) 543px, 580px\" \/><\/figure>\n<\/div>\n\n\n<p>Saiba tudo sobre este projecto inovador da TV3 <a rel=\"noreferrer noopener\" href=\"https:\/\/www.riedel.net\/en\/news\/news-detail\/tv3-deploys-spains-first-riedel-artist-1024-intercom-matrix-on-its-path-to-full-ip\" target=\"_blank\">aqui<\/a>. Saiba mais sobre os sistemas de intercomunica\u00e7\u00e3o da <strong>RIEDEL<\/strong> <a rel=\"noreferrer noopener\" href=\"https:\/\/www.riedel.net\/en\/products-solutions\/intercom\" target=\"_blank\">aqui<\/a>. Se quiser saber mais ainda sobre estas e outras solu\u00e7\u00f5es <strong>RIEDEL<\/strong> <a rel=\"noreferrer noopener\" href=\"http:\/\/avantools.pt\/contacts.html\" target=\"_blank\">contacte-nos<\/a>. A <strong>AVANTOOLS<\/strong> \u00e9 a especialista n\u00ba1 em intercomunica\u00e7\u00e3o em Portugal.<\/p>\n\n\n<div class=\"wp-block-image\">\n<figure class=\"aligncenter size-full\"><img data-recalc-dims=\"1\" loading=\"lazy\" decoding=\"async\" width=\"225\" height=\"225\" src=\"https:\/\/i0.wp.com\/news.avantools.pt\/wp-content\/uploads\/2023\/04\/Ridel-Logo-Red-Square.png?resize=225%2C225&#038;ssl=1\" alt=\"\" class=\"wp-image-7892\" srcset=\"https:\/\/i0.wp.com\/news.avantools.pt\/wp-content\/uploads\/2023\/04\/Ridel-Logo-Red-Square.png?w=225&amp;ssl=1 225w, https:\/\/i0.wp.com\/news.avantools.pt\/wp-content\/uploads\/2023\/04\/Ridel-Logo-Red-Square.png?resize=150%2C150&amp;ssl=1 150w, https:\/\/i0.wp.com\/news.avantools.pt\/wp-content\/uploads\/2023\/04\/Ridel-Logo-Red-Square.png?resize=100%2C100&amp;ssl=1 100w\" sizes=\"auto, (max-width: 225px) 100vw, 225px\" \/><\/figure>\n<\/div>\n\n\n<hr class=\"wp-block-separator has-alpha-channel-opacity is-style-wide\"\/>\n","protected":false},"excerpt":{"rendered":"<p>A catal\u00e3 TV3 escolheu uma solu\u00e7\u00e3o Artist\/Bolero da RIEDEL para ligar o seu Centro de Produ\u00e7\u00e3o Audiovisual (CPA) e as instala\u00e7\u00f5es de edi\u00e7\u00e3o de not\u00edcias. O presente e futuro \u00e9 IP e com esta solu\u00e7\u00e3o \u00e9 poss\u00edvel fazer uma transi\u00e7\u00e3o inteligente e segura para o protocolo IP, com um sistema de comunica\u00e7\u00e3o surpreendentemente robusto. Uma &hellip; <\/p>\n<p class=\"link-more\"><a href=\"https:\/\/news.avantools.pt\/?p=7887\" class=\"more-link\">Continuar a ler <span class=\"screen-reader-text\">&#8220;Em Espanha TV3 \u00e9 n\u00ba 1&#8221;<\/span><\/a><\/p>\n","protected":false},"author":2,"featured_media":2543,"comment_status":"closed","ping_status":"open","sticky":false,"template":"","format":"standard","meta":{"_jetpack_memberships_contains_paid_content":false,"footnotes":"","_links_to":"","_links_to_target":""},"categories":[92,95,93],"tags":[445,111,84,9,633],"class_list":["post-7887","post","type-post","status-publish","format-standard","has-post-thumbnail","hentry","category-broadcast","category-live","category-radio","tag-artist-1024","tag-bolero","tag-intercomunicacao","tag-riedel","tag-smartpanels"],"jetpack_featured_media_url":"https:\/\/i0.wp.com\/news.avantools.pt\/wp-content\/uploads\/2019\/10\/Artist-1024-p.png?fit=1140%2C640&ssl=1","jetpack_sharing_enabled":true,"_links":{"self":[{"href":"https:\/\/news.avantools.pt\/index.php?rest_route=\/wp\/v2\/posts\/7887","targetHints":{"allow":["GET"]}}],"collection":[{"href":"https:\/\/news.avantools.pt\/index.php?rest_route=\/wp\/v2\/posts"}],"about":[{"href":"https:\/\/news.avantools.pt\/index.php?rest_route=\/wp\/v2\/types\/post"}],"author":[{"embeddable":true,"href":"https:\/\/news.avantools.pt\/index.php?rest_route=\/wp\/v2\/users\/2"}],"replies":[{"embeddable":true,"href":"https:\/\/news.avantools.pt\/index.php?rest_route=%2Fwp%2Fv2%2Fcomments&post=7887"}],"version-history":[{"count":14,"href":"https:\/\/news.avantools.pt\/index.php?rest_route=\/wp\/v2\/posts\/7887\/revisions"}],"predecessor-version":[{"id":7905,"href":"https:\/\/news.avantools.pt\/index.php?rest_route=\/wp\/v2\/posts\/7887\/revisions\/7905"}],"wp:featuredmedia":[{"embeddable":true,"href":"https:\/\/news.avantools.pt\/index.php?rest_route=\/wp\/v2\/media\/2543"}],"wp:attachment":[{"href":"https:\/\/news.avantools.pt\/index.php?rest_route=%2Fwp%2Fv2%2Fmedia&parent=7887"}],"wp:term":[{"taxonomy":"category","embeddable":true,"href":"https:\/\/news.avantools.pt\/index.php?rest_route=%2Fwp%2Fv2%2Fcategories&post=7887"},{"taxonomy":"post_tag","embeddable":true,"href":"https:\/\/news.avantools.pt\/index.php?rest_route=%2Fwp%2Fv2%2Ftags&post=7887"}],"curies":[{"name":"wp","href":"https:\/\/api.w.org\/{rel}","templated":true}]}}