{"id":8050,"date":"2023-06-09T19:47:45","date_gmt":"2023-06-09T18:47:45","guid":{"rendered":"https:\/\/news.avantools.pt\/?p=8050"},"modified":"2023-06-11T22:13:22","modified_gmt":"2023-06-11T21:13:22","slug":"novo-cedar-voice-extractor-voicex","status":"publish","type":"post","link":"https:\/\/news.avantools.pt\/?p=8050","title":{"rendered":"VoicEX, o novo Voice Extractor da CEDAR AUDIO"},"content":{"rendered":"\n<p class=\"has-drop-cap\">A <strong>CEDAR AUDIO<\/strong> acaba de anunciar um grande avan\u00e7o na redu\u00e7\u00e3o de ru\u00eddo com base em IA, com a introdu\u00e7\u00e3o do seu novo <em>voice extractor<\/em>, o <em>VoicEX<\/em>. Este produto incorpora recursos algor\u00edtmicos exclusivos que o levam para al\u00e9m das t\u00e9cnicas tradicionais de redu\u00e7\u00e3o de ru\u00eddo baseadas em IA e oferece um desempenho excepcional. T\u00e3o excepcional que os pr\u00f3prios engenheiros de software da <strong>CEDAR AUDIO<\/strong> ficaram espantados com a quantidade de ru\u00eddo removido e com a qualidade do sinal tratado. Aplic\u00e1vel em tantas e tantas situa\u00e7\u00f5es de produ\u00e7\u00e3o e p\u00f3s-produ\u00e7\u00e3o \u00e1udio profissional, em arquivos, no <em>broadcast<\/em>, em est\u00fadio, no v\u00eddeo ou no cinema. Ou\u00e7a para crer.<\/p>\n\n\n<div class=\"wp-block-image\">\n<figure class=\"aligncenter size-full is-resized\"><img data-recalc-dims=\"1\" loading=\"lazy\" decoding=\"async\" src=\"https:\/\/i0.wp.com\/news.avantools.pt\/wp-content\/uploads\/2023\/06\/CCVoicEx.png?resize=525%2C186&#038;ssl=1\" alt=\"\" class=\"wp-image-8051\" width=\"525\" height=\"186\" srcset=\"https:\/\/i0.wp.com\/news.avantools.pt\/wp-content\/uploads\/2023\/06\/CCVoicEx.png?w=452&amp;ssl=1 452w, https:\/\/i0.wp.com\/news.avantools.pt\/wp-content\/uploads\/2023\/06\/CCVoicEx.png?resize=300%2C106&amp;ssl=1 300w\" sizes=\"auto, (max-width: 525px) 100vw, 525px\" \/><\/figure>\n<\/div>\n\n\n<p><\/p>\n\n\n\n<p>O prest\u00edgio da <strong>CEDAR AUDIO<\/strong> no dom\u00ednio do restauro, processamento, masteriza\u00e7\u00e3o e limpeza de sinal \u00e1udio \u00e9 not\u00f3rio e vem de longe. A empresa iniciou a sua actividade h\u00e1 mais de trinta anos, ganhando uma reputa\u00e7\u00e3o merecida e aumentando constantemente a qualidade e capacidades dos seus produtos. J\u00e1 aqui no <em>Feedforward<\/em> mencion\u00e1mos por diversas a palavra &#8220;milagre&#8221; a prop\u00f3sito de novos produtos da empresa inglesa. A qualidade dos produtos da <strong>CEDAR AUDIO<\/strong> e o notoriedade da marca s\u00e3o comprovados pelos in\u00fameros galard\u00f5es que lhe t\u00eam sido atribu\u00eddos e pela sua presen\u00e7a em centenas de organiza\u00e7\u00f5es que lidam com \u00e1udio profissional, espalhadas por todo o mundo.<\/p>\n\n\n<div class=\"wp-block-image\">\n<figure class=\"alignright size-full\"><img data-recalc-dims=\"1\" loading=\"lazy\" decoding=\"async\" width=\"323\" height=\"234\" src=\"https:\/\/i0.wp.com\/news.avantools.pt\/wp-content\/uploads\/2023\/06\/Cedar-development.png?resize=323%2C234&#038;ssl=1\" alt=\"\" class=\"wp-image-8065\" srcset=\"https:\/\/i0.wp.com\/news.avantools.pt\/wp-content\/uploads\/2023\/06\/Cedar-development.png?w=323&amp;ssl=1 323w, https:\/\/i0.wp.com\/news.avantools.pt\/wp-content\/uploads\/2023\/06\/Cedar-development.png?resize=300%2C217&amp;ssl=1 300w\" sizes=\"auto, (max-width: 323px) 100vw, 323px\" \/><\/figure>\n<\/div>\n\n\n<p>H\u00e1 anos que a <strong>CEDAR AUDIO<\/strong> come\u00e7ou a desenvolver algumas das tecnologias que conduziram a este nov\u00edssimo <em>VoiceEX<\/em>. A empresa estava certa de que elas ofereceriam uma melhoria not\u00e1vel em rela\u00e7\u00e3o \u00e0s t\u00e9cnicas de redu\u00e7\u00e3o de ru\u00eddo existentes, mas n\u00e3o sabia at\u00e9 que ponto. Surpresa foi a reac\u00e7\u00e3o de todos os que ouviram os resultados do primeiro prot\u00f3tipo do <em>VoicEX<\/em>, e o subsequente ajuste fino do algoritmo foi direcionado para o fazer alcan\u00e7ar os melhores resultados poss\u00edveis na mais ampla faixa de \u00e1udio. Os resultados s\u00e3o not\u00e1veis, e o consenso \u00e9 de que o <em>VoiceEX<\/em> define um novo padr\u00e3o para redu\u00e7\u00e3o de ru\u00eddo de \u00e1udio em tempo real.<\/p>\n\n\n\n<p>O avan\u00e7o foi poss\u00edvel gra\u00e7as a uma abordagem completamente nova \u00e0 opera\u00e7\u00e3o de extra\u00e7\u00e3o de voz, incorporando os pr\u00f3prios avan\u00e7os da <strong>CEDAR AUDIO<\/strong> no campo de redes neurais profundas para identificar as vozes no sinal e criar dois fluxos de \u00e1udio: um contendo apenas as vozes e outro contendo tudo o resto. Essa abordagem torna o <em>VoiceEX<\/em> muito simples de usar. <\/p>\n\n\n<div class=\"wp-block-image\">\n<figure class=\"alignleft size-full is-resized\"><img data-recalc-dims=\"1\" loading=\"lazy\" decoding=\"async\" src=\"https:\/\/i0.wp.com\/news.avantools.pt\/wp-content\/uploads\/2023\/06\/Knobs.png?resize=325%2C85&#038;ssl=1\" alt=\"\" class=\"wp-image-8055\" width=\"325\" height=\"85\"\/><\/figure>\n<\/div>\n\n\n<p>Num GUI onde \u00e9 de esperar v\u00e1rios controlos, o utilizador encontra apenas dois bot\u00f5es: um para determinar o volume do fundo e o outro para controlar o volume da fala. Reduzido um, o ru\u00eddo desaparece sem afectar o timbre das vozes. Reduzindo o outro, as vozes desaparecem para revelar o fundo. Aumenta-se qualquer um deles para enfatizar cada uma das componentes do sinal. \u00c9 incrivelmente simples de entender e n\u00e3o leva tempo para o dominar e usar, caracter\u00edstica, ali\u00e1s, de outros produtos da <strong>CEDAR AUDIO<\/strong>, mas os resultados s\u00e3o realmente surpreendentes. <\/p>\n\n\n\n<p>O novo <em>VoicEX<\/em> est\u00e1 indicado para o restauro \u00e1udio no <em>broadcast<\/em> em geral, na r\u00e1dio em particular, em est\u00fadios de som, na televis\u00e3o, no v\u00eddeo, no cinema e \u00e9 de aplica\u00e7\u00e3o imprescind\u00edvel em arquivos sonoros, hist\u00f3ricos ou de outra qualquer natureza.<\/p>\n\n\n\n<p>Comprove <a rel=\"noreferrer noopener\" href=\"https:\/\/www.cedar-audio.com\/news\/introducingvoicex_30may23.shtml\" target=\"_blank\">aqui<\/a> a qualidade e conhe\u00e7a as caracter\u00edsticas do novo <em>VoicEX<\/em>. Aproveite e veja outras solu\u00e7\u00f5es que a <strong>CEDAR AUDIO<\/strong> tem para si. <a href=\"http:\/\/http&quot;\">Venha <\/a><a rel=\"noreferrer noopener\" href=\"http:\/\/http&quot;\" target=\"_blank\">falar<\/a><a href=\"http:\/\/http&quot;\"> connosco<\/a> para saber mais ainda sobre o <em>VoicEX<\/em> e outros produtos da <strong>CEDAR AUDIO<\/strong>. A <strong>AVANTOOLS<\/strong> \u00e9 o nome de refer\u00eancia no fornecimento de solu\u00e7\u00f5es para a \u00e1rea do restauro de \u00e1udio em Portugal.<\/p>\n\n\n<div class=\"wp-block-image\">\n<figure class=\"aligncenter size-large is-resized\"><img data-recalc-dims=\"1\" loading=\"lazy\" decoding=\"async\" src=\"https:\/\/i0.wp.com\/news.avantools.pt\/wp-content\/uploads\/2022\/01\/cedar.png?resize=510%2C83&#038;ssl=1\" alt=\"\" class=\"wp-image-5002\" width=\"510\" height=\"83\" srcset=\"https:\/\/i0.wp.com\/news.avantools.pt\/wp-content\/uploads\/2022\/01\/cedar.png?resize=1024%2C166&amp;ssl=1 1024w, https:\/\/i0.wp.com\/news.avantools.pt\/wp-content\/uploads\/2022\/01\/cedar.png?resize=300%2C48&amp;ssl=1 300w, https:\/\/i0.wp.com\/news.avantools.pt\/wp-content\/uploads\/2022\/01\/cedar.png?resize=768%2C124&amp;ssl=1 768w, https:\/\/i0.wp.com\/news.avantools.pt\/wp-content\/uploads\/2022\/01\/cedar.png?resize=1536%2C248&amp;ssl=1 1536w, https:\/\/i0.wp.com\/news.avantools.pt\/wp-content\/uploads\/2022\/01\/cedar.png?resize=2000%2C331&amp;ssl=1 2000w, https:\/\/i0.wp.com\/news.avantools.pt\/wp-content\/uploads\/2022\/01\/cedar.png?w=2048&amp;ssl=1 2048w\" sizes=\"auto, (max-width: 510px) 100vw, 510px\" \/><\/figure>\n<\/div>\n\n\n<hr class=\"wp-block-separator has-alpha-channel-opacity is-style-wide\"\/>\n","protected":false},"excerpt":{"rendered":"<p>A CEDAR AUDIO acaba de anunciar um grande avan\u00e7o na redu\u00e7\u00e3o de ru\u00eddo com base em IA, com a introdu\u00e7\u00e3o do seu novo voice extractor, o VoicEX. Este produto incorpora recursos algor\u00edtmicos exclusivos que o levam para al\u00e9m das t\u00e9cnicas tradicionais de redu\u00e7\u00e3o de ru\u00eddo baseadas em IA e oferece um desempenho excepcional. T\u00e3o excepcional &hellip; <\/p>\n<p class=\"link-more\"><a href=\"https:\/\/news.avantools.pt\/?p=8050\" class=\"more-link\">Continuar a ler <span class=\"screen-reader-text\">&#8220;VoicEX, o novo Voice Extractor da CEDAR AUDIO&#8221;<\/span><\/a><\/p>\n","protected":false},"author":2,"featured_media":8069,"comment_status":"closed","ping_status":"open","sticky":false,"template":"","format":"standard","meta":{"_jetpack_memberships_contains_paid_content":false,"footnotes":"","_links_to":"","_links_to_target":""},"categories":[92,187,654,464,483,93,94,266],"tags":[356,681],"class_list":["post-8050","post","type-post","status-publish","format-standard","has-post-thumbnail","hentry","category-broadcast","category-cinema","category-masterizacao","category-pos-prod","category-producao","category-radio","category-studio","category-televisao","tag-cedar-audio","tag-voicex"],"jetpack_featured_media_url":"https:\/\/i0.wp.com\/news.avantools.pt\/wp-content\/uploads\/2023\/06\/cedar_cambridge-r1BN49aZD43VPQHXLv5v4RUMbBRRtbnN.jpg?fit=1000%2C387&ssl=1","jetpack_sharing_enabled":true,"_links":{"self":[{"href":"https:\/\/news.avantools.pt\/index.php?rest_route=\/wp\/v2\/posts\/8050","targetHints":{"allow":["GET"]}}],"collection":[{"href":"https:\/\/news.avantools.pt\/index.php?rest_route=\/wp\/v2\/posts"}],"about":[{"href":"https:\/\/news.avantools.pt\/index.php?rest_route=\/wp\/v2\/types\/post"}],"author":[{"embeddable":true,"href":"https:\/\/news.avantools.pt\/index.php?rest_route=\/wp\/v2\/users\/2"}],"replies":[{"embeddable":true,"href":"https:\/\/news.avantools.pt\/index.php?rest_route=%2Fwp%2Fv2%2Fcomments&post=8050"}],"version-history":[{"count":33,"href":"https:\/\/news.avantools.pt\/index.php?rest_route=\/wp\/v2\/posts\/8050\/revisions"}],"predecessor-version":[{"id":8795,"href":"https:\/\/news.avantools.pt\/index.php?rest_route=\/wp\/v2\/posts\/8050\/revisions\/8795"}],"wp:featuredmedia":[{"embeddable":true,"href":"https:\/\/news.avantools.pt\/index.php?rest_route=\/wp\/v2\/media\/8069"}],"wp:attachment":[{"href":"https:\/\/news.avantools.pt\/index.php?rest_route=%2Fwp%2Fv2%2Fmedia&parent=8050"}],"wp:term":[{"taxonomy":"category","embeddable":true,"href":"https:\/\/news.avantools.pt\/index.php?rest_route=%2Fwp%2Fv2%2Fcategories&post=8050"},{"taxonomy":"post_tag","embeddable":true,"href":"https:\/\/news.avantools.pt\/index.php?rest_route=%2Fwp%2Fv2%2Ftags&post=8050"}],"curies":[{"name":"wp","href":"https:\/\/api.w.org\/{rel}","templated":true}]}}