{"id":8274,"date":"2023-07-21T19:29:57","date_gmt":"2023-07-21T18:29:57","guid":{"rendered":"https:\/\/news.avantools.pt\/?p=8274"},"modified":"2023-08-03T20:35:56","modified_gmt":"2023-08-03T19:35:56","slug":"quando-a-tradicao-cintila","status":"publish","type":"post","link":"https:\/\/news.avantools.pt\/?p=8274","title":{"rendered":"Quando a tradi\u00e7\u00e3o brilha"},"content":{"rendered":"\n<p class=\"has-drop-cap\">A tradi\u00e7\u00e3o mant\u00e9m-se: o <em>Concerto de Paris<\/em> do <em>Dia da Bastilha<\/em> teve lugar no passado dia 14 de julho. E, como \u00e9 da tradi\u00e7\u00e3o, uma infraestrutura <strong>LAWO<\/strong> est\u00e1 no cora\u00e7\u00e3o deste acontecimento que decorre no cora\u00e7\u00e3o de Paris. Na Cidade das Luzes, brilha todos os anos, em primeiro plano, a qualidade dos artistas que participam neste concerto, brilha o cen\u00e1rio deslumbrante mas, sobretudo e n\u00e3o menos importante, escondida do p\u00fablico que assiste <em>in loco<\/em> ou em casa pela televis\u00e3o e pela r\u00e1dio e pelas m\u00e3os experientes da equipa t\u00e9cnica, brilha a qualidade superlativa dos equipamentos <strong>LAWO<\/strong>, que garantem a chegada aos ouvidos de todos de um som de primeira qualidade. E \u00e9 por a\u00ed, em primeir\u00edssimo lugar, pelos equipamentos <strong>LAWO<\/strong>, que transita todo o sinal sonoro que nos \u00e9 dado a ouvir.<\/p>\n\n\n<div class=\"wp-block-image\">\n<figure class=\"aligncenter size-large\"><img data-recalc-dims=\"1\" loading=\"lazy\" decoding=\"async\" width=\"525\" height=\"295\" src=\"https:\/\/i0.wp.com\/news.avantools.pt\/wp-content\/uploads\/2023\/07\/Lawo-14J-1.jpg?resize=525%2C295&#038;ssl=1\" alt=\"\" class=\"wp-image-8278\" srcset=\"https:\/\/i0.wp.com\/news.avantools.pt\/wp-content\/uploads\/2023\/07\/Lawo-14J-1.jpg?resize=1024%2C576&amp;ssl=1 1024w, https:\/\/i0.wp.com\/news.avantools.pt\/wp-content\/uploads\/2023\/07\/Lawo-14J-1.jpg?resize=300%2C169&amp;ssl=1 300w, https:\/\/i0.wp.com\/news.avantools.pt\/wp-content\/uploads\/2023\/07\/Lawo-14J-1.jpg?resize=768%2C432&amp;ssl=1 768w, https:\/\/i0.wp.com\/news.avantools.pt\/wp-content\/uploads\/2023\/07\/Lawo-14J-1.jpg?resize=1536%2C864&amp;ssl=1 1536w, https:\/\/i0.wp.com\/news.avantools.pt\/wp-content\/uploads\/2023\/07\/Lawo-14J-1.jpg?w=2048&amp;ssl=1 2048w\" sizes=\"auto, (max-width: 767px) 89vw, (max-width: 1000px) 54vw, (max-width: 1071px) 543px, 580px\" \/><\/figure>\n<\/div>\n\n\n<p><br>O dia da tomada da Bastilha \u00e9 um dos s\u00edmbolos fortes da Revolu\u00e7\u00e3o Francesa. O 14 de julho \u00e9 uma data especial\u00edssima, de forte impacte nas democracias modernas, assinalada com grande solenidade, particularmente, em Paris, onde desde h\u00e1 anos decorre um gigantesco concerto comemorativo, conhecido como o <em>Concert de Paris<\/em>. O palco do acontecimento \u00e9 imenso, o longo desfile de m\u00fasicos \u00e9 ininterrupto, o n\u00edvel art\u00edstico \u00e9 estratosf\u00e9rico, o cen\u00e1rio n\u00e3o podia ser mais deslumbrante. <\/p>\n\n\n\n<p>Por tudo isto, a qualidade do som, ouvido ao vivo ou emitido para todo o mundo atrav\u00e9s da televis\u00e3o e da r\u00e1dio, tem que estar \u00e0 altura da dimens\u00e3o do evento. E essa qualidade passa por uma infraestrutura <strong>LAWO<\/strong>, assente, sobretudo, em mesas da s\u00e9rie <em>mc\u00b2<\/em>. Mesas brilhantes, que captam e processam o som de estrelas cintilantes no cen\u00e1rio deslumbrante deste grande <em>Concert de Paris<\/em>. Estrelas de uma constela\u00e7\u00e3o muito especial. Uma constela\u00e7\u00e3o feita de estrelas que brilham no cen\u00e1rio que envolve o concerto e de estrelas que fazem cintilar com a sua arte o palco instalado na base da Torre Eiffel. E \u00e9 todo este brilho, cuja qualidade original n\u00e3o pode ser tra\u00edda, quepassa pelos equipamentos  <strong>LAWO<\/strong> e que tem de nos chegar aos ouvidos sem m\u00e1cula.<\/p>\n\n\n\n<p>Esta apresenta\u00e7\u00e3o musical inesquec\u00edvel em frente \u00e0 Torre Eiffel atraiu mais de 3 milh\u00f5es de telespectadores e uma enorme multid\u00e3o que aplaudiu, ao vivo, a comemora\u00e7\u00e3o deste dia 14 de julho. E porque a qualidade do som \u00e9 aqui absolutamente essencial, a <strong>LAWO<\/strong> orgulha-se de fazer parte deste acontecimento.<\/p>\n\n\n<div class=\"wp-block-image\">\n<figure class=\"aligncenter size-large\"><img data-recalc-dims=\"1\" loading=\"lazy\" decoding=\"async\" width=\"525\" height=\"295\" src=\"https:\/\/i0.wp.com\/news.avantools.pt\/wp-content\/uploads\/2023\/07\/Lawo-14J-3.jpg.jpg?resize=525%2C295&#038;ssl=1\" alt=\"\" class=\"wp-image-8279\" srcset=\"https:\/\/i0.wp.com\/news.avantools.pt\/wp-content\/uploads\/2023\/07\/Lawo-14J-3.jpg.jpg?resize=1024%2C576&amp;ssl=1 1024w, https:\/\/i0.wp.com\/news.avantools.pt\/wp-content\/uploads\/2023\/07\/Lawo-14J-3.jpg.jpg?resize=300%2C169&amp;ssl=1 300w, https:\/\/i0.wp.com\/news.avantools.pt\/wp-content\/uploads\/2023\/07\/Lawo-14J-3.jpg.jpg?resize=768%2C432&amp;ssl=1 768w, https:\/\/i0.wp.com\/news.avantools.pt\/wp-content\/uploads\/2023\/07\/Lawo-14J-3.jpg.jpg?resize=1536%2C864&amp;ssl=1 1536w, https:\/\/i0.wp.com\/news.avantools.pt\/wp-content\/uploads\/2023\/07\/Lawo-14J-3.jpg.jpg?w=2048&amp;ssl=1 2048w\" sizes=\"auto, (max-width: 767px) 89vw, (max-width: 1000px) 54vw, (max-width: 1071px) 543px, 580px\" \/><\/figure>\n<\/div>\n\n\n<p><br>O som do grande espect\u00e1culo do Dia da Bastilha 2023 foi misturado com processadores <em>A__UHD Core<\/em> de \u00faltima gera\u00e7\u00e3o para o <em>live<\/em> e um par de <em>A__UHD Cor<\/em>e redundantes, cada um para a FOH e a monitoriza\u00e7\u00e3o. No que respeita as mesas de mistura, este importante acontecimento art\u00edstico foi totalmente conduzido atrav\u00e9s de uma selec\u00e7\u00e3o de mesas que pertencem ao <em>campeonato mundial do som de excel\u00eancia<\/em>: FOH (2x mc\u00b256), monitoriza\u00e7\u00e3o (mc\u00b256), carro de exteriores da Radio France para r\u00e1dio, <em>feed<\/em> limpo de \u00e1udio para a Eurovis\u00e3o (mc\u00b266) e carro de exteriores France T\u00e9l\u00e9visions, para produ\u00e7\u00e3o de TV francesa (mc\u00b256).<\/p>\n\n\n<div class=\"wp-block-image\">\n<figure class=\"aligncenter size-large\"><img data-recalc-dims=\"1\" loading=\"lazy\" decoding=\"async\" width=\"525\" height=\"295\" src=\"https:\/\/i0.wp.com\/news.avantools.pt\/wp-content\/uploads\/2023\/08\/Concert_de_Paris_2023_OB_Truck.jpg?resize=525%2C295&#038;ssl=1\" alt=\"\" class=\"wp-image-8353\" srcset=\"https:\/\/i0.wp.com\/news.avantools.pt\/wp-content\/uploads\/2023\/08\/Concert_de_Paris_2023_OB_Truck.jpg?resize=1024%2C576&amp;ssl=1 1024w, https:\/\/i0.wp.com\/news.avantools.pt\/wp-content\/uploads\/2023\/08\/Concert_de_Paris_2023_OB_Truck.jpg?resize=300%2C169&amp;ssl=1 300w, https:\/\/i0.wp.com\/news.avantools.pt\/wp-content\/uploads\/2023\/08\/Concert_de_Paris_2023_OB_Truck.jpg?resize=768%2C432&amp;ssl=1 768w, https:\/\/i0.wp.com\/news.avantools.pt\/wp-content\/uploads\/2023\/08\/Concert_de_Paris_2023_OB_Truck.jpg?resize=1536%2C864&amp;ssl=1 1536w, https:\/\/i0.wp.com\/news.avantools.pt\/wp-content\/uploads\/2023\/08\/Concert_de_Paris_2023_OB_Truck.jpg?resize=2048%2C1152&amp;ssl=1 2048w\" sizes=\"auto, (max-width: 767px) 89vw, (max-width: 1000px) 54vw, (max-width: 1071px) 543px, 580px\" \/><\/figure>\n<\/div>\n\n\n<p>A edi\u00e7\u00e3o de 2023 do gigantesco concerto de m\u00fasica cl\u00e1ssica, que tem lugar \u00e0 beira da Torre Eiffel, exige uma qualidade de som sem ced\u00eancias, como seria normal nestas circunst\u00e2ncias, tendo em conta a dimens\u00e3o e o enorme impacte do evento. As especifica\u00e7\u00f5es t\u00e9cnicas, requeridas, quer para o som ao vivo quer para a transmiss\u00e3o atrav\u00e9s da rede p\u00fablica francesa de televis\u00e3o quer da rede Eurovis\u00e3o, s\u00e3o, pois, de exig\u00eancia m\u00e1xima. Sob as m\u00e3os experientes dos engenheiros de som da Radio France, as mesas de mistura da <strong>LAWO<\/strong> forneceram uma qualidade de \u00e1udio superlativa, para a enorme multid\u00e3o presente no Champs de Mars, bem como para todos os ouvintes e espectadores que assistiram ao <em>Concert de Paris<\/em> em suas casas.<\/p>\n\n\n<div class=\"wp-block-image\">\n<figure class=\"aligncenter size-large\"><img data-recalc-dims=\"1\" loading=\"lazy\" decoding=\"async\" width=\"525\" height=\"295\" src=\"https:\/\/i0.wp.com\/news.avantools.pt\/wp-content\/uploads\/2023\/07\/Lawo-14J-2.jpg?resize=525%2C295&#038;ssl=1\" alt=\"\" class=\"wp-image-8280\" srcset=\"https:\/\/i0.wp.com\/news.avantools.pt\/wp-content\/uploads\/2023\/07\/Lawo-14J-2.jpg?resize=1024%2C576&amp;ssl=1 1024w, https:\/\/i0.wp.com\/news.avantools.pt\/wp-content\/uploads\/2023\/07\/Lawo-14J-2.jpg?resize=300%2C169&amp;ssl=1 300w, https:\/\/i0.wp.com\/news.avantools.pt\/wp-content\/uploads\/2023\/07\/Lawo-14J-2.jpg?resize=768%2C432&amp;ssl=1 768w, https:\/\/i0.wp.com\/news.avantools.pt\/wp-content\/uploads\/2023\/07\/Lawo-14J-2.jpg?resize=1536%2C864&amp;ssl=1 1536w, https:\/\/i0.wp.com\/news.avantools.pt\/wp-content\/uploads\/2023\/07\/Lawo-14J-2.jpg?w=2048&amp;ssl=1 2048w\" sizes=\"auto, (max-width: 767px) 89vw, (max-width: 1000px) 54vw, (max-width: 1071px) 543px, 580px\" \/><\/figure>\n<\/div>\n\n\n<p>Mais uma vez, \u00e9 clara a cumplicidade entre a Radio France e a <strong>LAWO<\/strong>, neste evento t\u00e3o prestigiante e de t\u00e3o grande dimens\u00e3o. Cumplicidade reflectida tamb\u00e9m no entusiasmo demonstrado, a cada ano, por toda a equipa para chegar um pouco mais perto da perfei\u00e7\u00e3o. A confian\u00e7a renovada da Radio France na <strong>LAWO<\/strong> \u00e9 uma clara confirma\u00e7\u00e3o das escolhas tecnol\u00f3gicas da empresa, numa busca constante da excel\u00eancia, em termos de qualidade e fiabilidade dos equipamentos usados.<\/p>\n\n\n\n<p>Saiba tudo sobre esta grande opera\u00e7\u00e3o <a href=\"https:\/\/lawo.com\/bastille-day-2023-5-lawo-mc%c2%b2-consoles-to-mix-the-concert-de-paris\/\" target=\"_blank\" rel=\"noreferrer noopener\">aqui<\/a>. Veja <a rel=\"noreferrer noopener\" href=\"https:\/\/youtu.be\/j4sDkNB2e80\" target=\"_blank\">aqui<\/a> um excerto deste concerto. Saiba tudo os equipamentos <strong>LAWO<\/strong> usados neste evento <a rel=\"noreferrer noopener\" href=\"http:\/\/http&quot;\/\/lawo.com\" target=\"_blank\">aqui<\/a>. Fique a saber mais ainda sobre as solu\u00e7\u00f5es <strong>LAWO<\/strong> que temos para si, <a href=\"http:\/\/avantools.pt\/contacts.html\">contacte-nos<\/a>.<\/p>\n\n\n<div class=\"wp-block-image\">\n<figure class=\"aligncenter size-full is-resized\"><img data-recalc-dims=\"1\" loading=\"lazy\" decoding=\"async\" src=\"https:\/\/i0.wp.com\/news.avantools.pt\/wp-content\/uploads\/2019\/09\/Lawo_Logo.gif?resize=280%2C280&#038;ssl=1\" alt=\"\" class=\"wp-image-2447\" width=\"280\" height=\"280\"\/><\/figure>\n<\/div>\n\n\n<hr class=\"wp-block-separator has-alpha-channel-opacity is-style-wide\"\/>\n","protected":false},"excerpt":{"rendered":"<p>A tradi\u00e7\u00e3o mant\u00e9m-se: o Concerto de Paris do Dia da Bastilha teve lugar no passado dia 14 de julho. E, como \u00e9 da tradi\u00e7\u00e3o, uma infraestrutura LAWO est\u00e1 no cora\u00e7\u00e3o deste acontecimento que decorre no cora\u00e7\u00e3o de Paris. Na Cidade das Luzes, brilha todos os anos, em primeiro plano, a qualidade dos artistas que participam &hellip; <\/p>\n<p class=\"link-more\"><a href=\"https:\/\/news.avantools.pt\/?p=8274\" class=\"more-link\">Continuar a ler <span class=\"screen-reader-text\">&#8220;Quando a tradi\u00e7\u00e3o brilha&#8221;<\/span><\/a><\/p>\n","protected":false},"author":2,"featured_media":8355,"comment_status":"closed","ping_status":"open","sticky":false,"template":"","format":"standard","meta":{"_jetpack_memberships_contains_paid_content":false,"footnotes":"","_links_to":"","_links_to_target":""},"categories":[92,95,93,266],"tags":[532,2,82,148],"class_list":["post-8274","post","type-post","status-publish","format-standard","has-post-thumbnail","hentry","category-broadcast","category-live","category-radio","category-televisao","tag-a__uhd-core","tag-lawo","tag-mc56","tag-mc66"],"jetpack_featured_media_url":"https:\/\/i0.wp.com\/news.avantools.pt\/wp-content\/uploads\/2023\/07\/Concert_de_Paris_2023_FOH_Stage.jpg?fit=2100%2C1181&ssl=1","jetpack_sharing_enabled":true,"_links":{"self":[{"href":"https:\/\/news.avantools.pt\/index.php?rest_route=\/wp\/v2\/posts\/8274","targetHints":{"allow":["GET"]}}],"collection":[{"href":"https:\/\/news.avantools.pt\/index.php?rest_route=\/wp\/v2\/posts"}],"about":[{"href":"https:\/\/news.avantools.pt\/index.php?rest_route=\/wp\/v2\/types\/post"}],"author":[{"embeddable":true,"href":"https:\/\/news.avantools.pt\/index.php?rest_route=\/wp\/v2\/users\/2"}],"replies":[{"embeddable":true,"href":"https:\/\/news.avantools.pt\/index.php?rest_route=%2Fwp%2Fv2%2Fcomments&post=8274"}],"version-history":[{"count":37,"href":"https:\/\/news.avantools.pt\/index.php?rest_route=\/wp\/v2\/posts\/8274\/revisions"}],"predecessor-version":[{"id":8354,"href":"https:\/\/news.avantools.pt\/index.php?rest_route=\/wp\/v2\/posts\/8274\/revisions\/8354"}],"wp:featuredmedia":[{"embeddable":true,"href":"https:\/\/news.avantools.pt\/index.php?rest_route=\/wp\/v2\/media\/8355"}],"wp:attachment":[{"href":"https:\/\/news.avantools.pt\/index.php?rest_route=%2Fwp%2Fv2%2Fmedia&parent=8274"}],"wp:term":[{"taxonomy":"category","embeddable":true,"href":"https:\/\/news.avantools.pt\/index.php?rest_route=%2Fwp%2Fv2%2Fcategories&post=8274"},{"taxonomy":"post_tag","embeddable":true,"href":"https:\/\/news.avantools.pt\/index.php?rest_route=%2Fwp%2Fv2%2Ftags&post=8274"}],"curies":[{"name":"wp","href":"https:\/\/api.w.org\/{rel}","templated":true}]}}