{"id":8794,"date":"2023-09-22T01:09:46","date_gmt":"2023-09-22T00:09:46","guid":{"rendered":"https:\/\/news.avantools.pt\/?p=8794"},"modified":"2023-09-22T11:36:56","modified_gmt":"2023-09-22T10:36:56","slug":"voiceex-disponivel","status":"publish","type":"post","link":"https:\/\/news.avantools.pt\/?p=8794","title":{"rendered":"VoiceEx, dispon\u00edvel"},"content":{"rendered":"\n<p class=\"has-drop-cap\">O <em>VoicEX<\/em> da <strong>CEDAR AUDIO<\/strong> estabelece um novo padr\u00e3o na redu\u00e7\u00e3o de ru\u00eddo em tempo real. \u00c9 verdade, parece quase magia. E, no entanto, \u00e9 t\u00e3o simples de usar que tanto estreantes como especialistas podem alcan\u00e7ar, com ele, resultados not\u00e1veis, \u200b\u200bcom o m\u00ednimo de esfor\u00e7o. Onde seria de esperar uma s\u00e9rie de v\u00e1rios controladores, apenas encontrar\u00e1 dois bot\u00f5es, um para determinar o volume do fundo e outro para controlar o volume da fala. Reduzindo o primeiro, elimina o ru\u00eddo e a reverbera\u00e7\u00e3o excessivos. Reduzindo o segundo, as vozes desaparecem. Aumentando qualquer um deles  enfatizar\u00e1 essa parte do sinal. N\u00e3o demora muito tempo para dominar, mas, no final, os resultados ir\u00e3o mesmo surpreend\u00ea-lo. O novo produto foi revelado, h\u00e1 dias, na recente edi\u00e7\u00e3o da IBC,<\/p>\n\n\n<div class=\"wp-block-image\">\n<figure class=\"aligncenter size-full\"><img data-recalc-dims=\"1\" loading=\"lazy\" decoding=\"async\" width=\"525\" height=\"224\" src=\"https:\/\/i0.wp.com\/news.avantools.pt\/wp-content\/uploads\/2023\/09\/Banner.png?resize=525%2C224&#038;ssl=1\" alt=\"\" class=\"wp-image-8796\" srcset=\"https:\/\/i0.wp.com\/news.avantools.pt\/wp-content\/uploads\/2023\/09\/Banner.png?w=803&amp;ssl=1 803w, https:\/\/i0.wp.com\/news.avantools.pt\/wp-content\/uploads\/2023\/09\/Banner.png?resize=300%2C128&amp;ssl=1 300w, https:\/\/i0.wp.com\/news.avantools.pt\/wp-content\/uploads\/2023\/09\/Banner.png?resize=768%2C327&amp;ssl=1 768w\" sizes=\"auto, (max-width: 767px) 89vw, (max-width: 1000px) 54vw, (max-width: 1071px) 543px, 580px\" \/><\/figure>\n<\/div>\n\n\n<p><\/p>\n\n\n\n<p>A <strong>CEDAR AUDIO<\/strong> acaba de anunciar um grande avan\u00e7o na redu\u00e7\u00e3o de ru\u00eddo com base em IA, com a introdu\u00e7\u00e3o do seu novo <em>voice extractor<\/em>, o <em>VoicEX<\/em>. O novo produto incorpora recursos algor\u00edtmicos exclusivos que o projectam para al\u00e9m das t\u00e9cnicas tradicionais de redu\u00e7\u00e3o de ru\u00eddo baseadas em IA, oferecendo um desempenho excepcional. T\u00e3o excepcional que os pr\u00f3prios engenheiros de software da <strong>CEDAR AUDIO<\/strong> ficaram espantados com a quantidade de ru\u00eddo removido e com a qualidade do sinal tratado. Aplic\u00e1vel em tantas e tantas situa\u00e7\u00f5es de produ\u00e7\u00e3o e p\u00f3s-produ\u00e7\u00e3o \u00e1udio profissional, em arquivos, no <em>broadcast<\/em>, em est\u00fadio, no v\u00eddeo ou no cinema. Ou\u00e7a para crer.<\/p>\n\n\n\n<p>O prest\u00edgio da <strong>CEDAR AUDIO<\/strong> no dom\u00ednio do restauro, processamento, masteriza\u00e7\u00e3o e limpeza de sinal \u00e1udio \u00e9 not\u00f3rio e vem de longe. A empresa iniciou a sua actividade h\u00e1 mais de trinta anos, ganhando uma reputa\u00e7\u00e3o merecida e aumentando constantemente a qualidade e capacidades dos seus produtos. J\u00e1 aqui no Feedforward mencion\u00e1mos por diversas a palavra &#8220;milagre&#8221; a prop\u00f3sito de novos produtos da empresa inglesa. A qualidade dos produtos da <strong>CEDAR AUDIO<\/strong> e o notoriedade da marca s\u00e3o comprovados pelos in\u00fameros galard\u00f5es que lhe t\u00eam sido atribu\u00eddos e pela sua presen\u00e7a em centenas de organiza\u00e7\u00f5es que lidam com \u00e1udio profissional, espalhadas por todo o mundo.<\/p>\n\n\n<div class=\"wp-block-image\">\n<figure class=\"aligncenter size-full\"><img data-recalc-dims=\"1\" loading=\"lazy\" decoding=\"async\" width=\"525\" height=\"382\" src=\"https:\/\/i0.wp.com\/news.avantools.pt\/wp-content\/uploads\/2023\/09\/cedar_voicex_0-TLISJr064v5_fo5keRiQVM9R1rT2YLoL.jpg?resize=525%2C382&#038;ssl=1\" alt=\"\" class=\"wp-image-8797\" srcset=\"https:\/\/i0.wp.com\/news.avantools.pt\/wp-content\/uploads\/2023\/09\/cedar_voicex_0-TLISJr064v5_fo5keRiQVM9R1rT2YLoL.jpg?w=806&amp;ssl=1 806w, https:\/\/i0.wp.com\/news.avantools.pt\/wp-content\/uploads\/2023\/09\/cedar_voicex_0-TLISJr064v5_fo5keRiQVM9R1rT2YLoL.jpg?resize=300%2C218&amp;ssl=1 300w, https:\/\/i0.wp.com\/news.avantools.pt\/wp-content\/uploads\/2023\/09\/cedar_voicex_0-TLISJr064v5_fo5keRiQVM9R1rT2YLoL.jpg?resize=768%2C558&amp;ssl=1 768w\" sizes=\"auto, (max-width: 767px) 89vw, (max-width: 1000px) 54vw, (max-width: 1071px) 543px, 580px\" \/><\/figure>\n<\/div>\n\n\n<p><\/p>\n\n\n\n<p>H\u00e1 anos que a <strong>CEDAR AUDIO<\/strong> come\u00e7ou a desenvolver algumas das tecnologias que conduziram a este nov\u00edssimo <em>VoiceEX<\/em>. A empresa estava absolutamente certa de que elas ofereceriam uma melhoria not\u00e1vel em rela\u00e7\u00e3o \u00e0s t\u00e9cnicas de redu\u00e7\u00e3o de ru\u00eddo existentes, mas n\u00e3o sabia at\u00e9 que ponto. Surpresa foi a reac\u00e7\u00e3o de todos os que ouviram os resultados do primeiro prot\u00f3tipo do <em>VoicEX<\/em>, e o subsequente ajuste fino do algoritmo foi direcionado para o fazer alcan\u00e7ar os melhores resultados poss\u00edveis na mais ampla faixa de \u00e1udio. Os resultados s\u00e3o not\u00e1veis, e o consenso \u00e9 o de que o <em>VoiceEX<\/em> define um novo padr\u00e3o para redu\u00e7\u00e3o de ru\u00eddo de \u00e1udio em tempo real.<\/p>\n\n\n\n<p>O avan\u00e7o foi poss\u00edvel gra\u00e7as a uma abordagem completamente nova \u00e0 opera\u00e7\u00e3o de extra\u00e7\u00e3o de voz, incorporando os pr\u00f3prios avan\u00e7os da <strong>CEDAR AUDIO<\/strong> no campo de redes neurais profundas para identificar as vozes no sinal e criar dois fluxos de \u00e1udio: um contendo apenas as vozes e outro contendo tudo o resto. Essa abordagem torna o <em>VoiceEX<\/em> muito simples de usar.<\/p>\n\n\n\n<p>Num GUI onde \u00e9 de esperar v\u00e1rios controlos, o utilizador encontra apenas dois bot\u00f5es: um para determinar o volume do fundo e o outro para controlar o volume da fala. Reduzido um, o ru\u00eddo desaparece sem afectar o timbre das vozes. Reduzindo o outro, as vozes desaparecem para revelar o fundo. Aumenta-se qualquer um deles para enfatizar cada uma das componentes do sinal. O <em>VoicEX<\/em> \u00e9 incrivelmente simples de entender e n\u00e3o leva tempo para dominar e usar, caracter\u00edstica, ali\u00e1s, de outros produtos da <strong>CEDAR AUDIO<\/strong>. Mas os resultados s\u00e3o sempre, realmente, surpreendentes.<\/p>\n\n\n\n<p>O novo <em>VoicEX<\/em> est\u00e1 indicado para o restauro \u00e1udio no <em>broadcast<\/em> em geral, na r\u00e1dio, em est\u00fadios de som, na televis\u00e3o, no v\u00eddeo e no cinema e \u00e9 de utiliza\u00e7\u00e3o obrigat\u00f3ria em arquivos sonoros, hist\u00f3ricos ou de outra qualquer natureza.<\/p>\n\n\n\n<p>Conhe\u00e7a <a rel=\"noreferrer noopener\" href=\"https:\/\/www.cedar-audio.com\/products\/voicex\/voicex.shtml\" target=\"_blank\">aqui<\/a> as caracter\u00edsticas do novo <em>VoicEX<\/em> e comprove a sua qualidade. Aproveite e veja outras solu\u00e7\u00f5es que a <strong>CEDAR AUDIO<\/strong> tem para si. Poder\u00e1 testar o <em>VoiceX<\/em>, durante 14 dias, sem compromisso. <a href=\"http:\/\/avantools\/contacts.html\" target=\"_blank\" rel=\"noreferrer noopener\">Venha falar connosco<\/a> para saber mais ainda sobre o VoicEX e outros produtos da <strong>CEDAR AUDIO<\/strong>. A <strong>AVANTOOLS<\/strong> \u00e9 o nome de refer\u00eancia no fornecimento de solu\u00e7\u00f5es para a \u00e1rea do restauro de \u00e1udio em Portugal.<\/p>\n\n\n<div class=\"wp-block-image\">\n<figure class=\"aligncenter size-large is-resized\"><img data-recalc-dims=\"1\" loading=\"lazy\" decoding=\"async\" src=\"https:\/\/i0.wp.com\/news.avantools.pt\/wp-content\/uploads\/2022\/01\/cedar.png?resize=525%2C85&#038;ssl=1\" alt=\"\" class=\"wp-image-5002\" width=\"525\" height=\"85\" srcset=\"https:\/\/i0.wp.com\/news.avantools.pt\/wp-content\/uploads\/2022\/01\/cedar.png?resize=1024%2C166&amp;ssl=1 1024w, https:\/\/i0.wp.com\/news.avantools.pt\/wp-content\/uploads\/2022\/01\/cedar.png?resize=300%2C48&amp;ssl=1 300w, https:\/\/i0.wp.com\/news.avantools.pt\/wp-content\/uploads\/2022\/01\/cedar.png?resize=768%2C124&amp;ssl=1 768w, https:\/\/i0.wp.com\/news.avantools.pt\/wp-content\/uploads\/2022\/01\/cedar.png?resize=1536%2C248&amp;ssl=1 1536w, https:\/\/i0.wp.com\/news.avantools.pt\/wp-content\/uploads\/2022\/01\/cedar.png?w=2048&amp;ssl=1 2048w\" sizes=\"auto, (max-width: 525px) 100vw, 525px\" \/><\/figure>\n<\/div>\n\n\n<hr class=\"wp-block-separator has-alpha-channel-opacity is-style-wide\"\/>\n","protected":false},"excerpt":{"rendered":"<p>O VoicEX da CEDAR AUDIO estabelece um novo padr\u00e3o na redu\u00e7\u00e3o de ru\u00eddo em tempo real. \u00c9 verdade, parece quase magia. E, no entanto, \u00e9 t\u00e3o simples de usar que tanto estreantes como especialistas podem alcan\u00e7ar, com ele, resultados not\u00e1veis, \u200b\u200bcom o m\u00ednimo de esfor\u00e7o. Onde seria de esperar uma s\u00e9rie de v\u00e1rios controladores, apenas &hellip; <\/p>\n<p class=\"link-more\"><a href=\"https:\/\/news.avantools.pt\/?p=8794\" class=\"more-link\">Continuar a ler <span class=\"screen-reader-text\">&#8220;VoiceEx, dispon\u00edvel&#8221;<\/span><\/a><\/p>\n","protected":false},"author":2,"featured_media":8800,"comment_status":"closed","ping_status":"open","sticky":false,"template":"","format":"standard","meta":{"_jetpack_memberships_contains_paid_content":false,"footnotes":"","_links_to":"","_links_to_target":""},"categories":[692,662,92,654,464,483,93,94,688,266,96],"tags":[356,681],"class_list":["post-8794","post","type-post","status-publish","format-standard","has-post-thumbnail","hentry","category-arquivos","category-avantools","category-broadcast","category-masterizacao","category-pos-prod","category-producao","category-radio","category-studio","category-telecomunicacoes","category-televisao","category-video","tag-cedar-audio","tag-voicex"],"jetpack_featured_media_url":"https:\/\/i0.wp.com\/news.avantools.pt\/wp-content\/uploads\/2023\/09\/Banner-grande.jpg?fit=2048%2C779&ssl=1","jetpack_sharing_enabled":true,"_links":{"self":[{"href":"https:\/\/news.avantools.pt\/index.php?rest_route=\/wp\/v2\/posts\/8794","targetHints":{"allow":["GET"]}}],"collection":[{"href":"https:\/\/news.avantools.pt\/index.php?rest_route=\/wp\/v2\/posts"}],"about":[{"href":"https:\/\/news.avantools.pt\/index.php?rest_route=\/wp\/v2\/types\/post"}],"author":[{"embeddable":true,"href":"https:\/\/news.avantools.pt\/index.php?rest_route=\/wp\/v2\/users\/2"}],"replies":[{"embeddable":true,"href":"https:\/\/news.avantools.pt\/index.php?rest_route=%2Fwp%2Fv2%2Fcomments&post=8794"}],"version-history":[{"count":6,"href":"https:\/\/news.avantools.pt\/index.php?rest_route=\/wp\/v2\/posts\/8794\/revisions"}],"predecessor-version":[{"id":8806,"href":"https:\/\/news.avantools.pt\/index.php?rest_route=\/wp\/v2\/posts\/8794\/revisions\/8806"}],"wp:featuredmedia":[{"embeddable":true,"href":"https:\/\/news.avantools.pt\/index.php?rest_route=\/wp\/v2\/media\/8800"}],"wp:attachment":[{"href":"https:\/\/news.avantools.pt\/index.php?rest_route=%2Fwp%2Fv2%2Fmedia&parent=8794"}],"wp:term":[{"taxonomy":"category","embeddable":true,"href":"https:\/\/news.avantools.pt\/index.php?rest_route=%2Fwp%2Fv2%2Fcategories&post=8794"},{"taxonomy":"post_tag","embeddable":true,"href":"https:\/\/news.avantools.pt\/index.php?rest_route=%2Fwp%2Fv2%2Ftags&post=8794"}],"curies":[{"name":"wp","href":"https:\/\/api.w.org\/{rel}","templated":true}]}}