{"id":9082,"date":"2023-12-01T20:20:01","date_gmt":"2023-12-01T20:20:01","guid":{"rendered":"https:\/\/news.avantools.pt\/?p=9082"},"modified":"2024-02-02T14:46:29","modified_gmt":"2024-02-02T14:46:29","slug":"voltemos-a-nova-crystal-da-lawo","status":"publish","type":"post","link":"https:\/\/news.avantools.pt\/?p=9082","title":{"rendered":"Voltemos \u00e0 nova crystal da LAWO"},"content":{"rendered":"\n<p class=\"has-drop-cap\">Assinal\u00e1mos-lhe h\u00e1 tempo, aqui no FEEDFORWARD, o lan\u00e7amento da nova <em>crystal<\/em>, a mesa de mistura da <strong>LAWO<\/strong> que coloca a tecnologia da afamada <em>diamond<\/em> ao seu alcance. Trata-se da mesa ideal para unidades de produ\u00e7\u00e3o de dimens\u00f5es mais reduzidas. Do est\u00fadio pessoal, ao carro de exteriores mais sofisticado. Gra\u00e7as \u00e0 nova <em>crystal<\/em>, a tecnologia <em>diamond<\/em> est\u00e1 agora \u00e0 sua disposi\u00e7\u00e3o, no caso de situa\u00e7\u00f5es em que o espa\u00e7o, a portabilidade, a dimens\u00e3o dos fluxos de trabalho, a complementaridade com outros equipamentos e o or\u00e7amento sejam considera\u00e7\u00f5es a ter em conta. A nova <em>crystal<\/em> coloca a tecnologia <strong>LAWO<\/strong>, todo o seu saber, experi\u00eancia, qualidade e poder de opera\u00e7\u00e3o, ao seu disp\u00f4r, de uma forma mais acess\u00edvel do que nunca. A nova <em>crystal<\/em> \u00e9 uma mesa compacta e moderna no seu conceito.<br>Conhe\u00e7a tudo sobre a nova <em>crystal<\/em>.<\/p>\n\n\n\n<figure class=\"wp-block-image size-large\"><img data-recalc-dims=\"1\" loading=\"lazy\" decoding=\"async\" width=\"525\" height=\"350\" src=\"https:\/\/i0.wp.com\/news.avantools.pt\/wp-content\/uploads\/2023\/11\/crystal_WHITE.jpg?resize=525%2C350&#038;ssl=1\" alt=\"\" class=\"wp-image-8983\" srcset=\"https:\/\/i0.wp.com\/news.avantools.pt\/wp-content\/uploads\/2023\/11\/crystal_WHITE.jpg?resize=1024%2C682&amp;ssl=1 1024w, https:\/\/i0.wp.com\/news.avantools.pt\/wp-content\/uploads\/2023\/11\/crystal_WHITE.jpg?resize=300%2C200&amp;ssl=1 300w, https:\/\/i0.wp.com\/news.avantools.pt\/wp-content\/uploads\/2023\/11\/crystal_WHITE.jpg?resize=768%2C512&amp;ssl=1 768w, https:\/\/i0.wp.com\/news.avantools.pt\/wp-content\/uploads\/2023\/11\/crystal_WHITE.jpg?resize=1536%2C1024&amp;ssl=1 1536w, https:\/\/i0.wp.com\/news.avantools.pt\/wp-content\/uploads\/2023\/11\/crystal_WHITE.jpg?w=1772&amp;ssl=1 1772w\" sizes=\"auto, (max-width: 767px) 89vw, (max-width: 1000px) 54vw, (max-width: 1071px) 543px, 580px\" \/><\/figure>\n\n\n\n<p>Para atingir os mais altos n\u00edveis de produtividade, as nossas ferramentas de trabalho devem funcionar como extens\u00f5es de n\u00f3s pr\u00f3prios. Com dois modos distintos de opera\u00e7\u00e3o \u2013 Power Core e Controller \u2013 a nova <em>crystal<\/em> \u00e9 a companheira perfeita para uma variedade de aplica\u00e7\u00f5es: est\u00fadios de <em>broadcast<\/em>, r\u00e1dio e televis\u00e3o, de pequeno e m\u00e9dio porte; est\u00fadios regionais; su\u00edtes de not\u00edcias e coment\u00e1rio; est\u00fadios de som; controlo MCR e carros de exteriores; est\u00fadios de grava\u00e7\u00e3o de podcasts; produ\u00e7\u00e3o remota; sites de <em>backup<\/em> e de recupera\u00e7\u00e3o de desastres; controlo e integra\u00e7\u00e3o de DAWs, bem como na uniformiza\u00e7\u00e3o de fluxos de trabalho.<\/p>\n\n\n\n<p>Baseada na afamada filosofia da <em><a rel=\"noreferrer noopener\" href=\"https:\/\/lawo.com\/products\/diamond\/\" target=\"_blank\">diamond<\/a><\/em>, a opera\u00e7\u00e3o da <em>crystal<\/em> revela-se instantaneamente familiar e directa, proporcionando aos utilizadores uma poderosa ferramenta de trabalho, altamente intuitiva. A nova <em>crystal<\/em> proporciona uma sinergia perfeita da opera\u00e7\u00e3o f\u00edsica e virtual, com controlos inteligentes e sens\u00edveis ao contexto em que est\u00e3o naturalmente dispon\u00edveis. A nova <em>crystal<\/em> proporciona o poder da <em>diamond<\/em> num pacote mais compacto e econ\u00f3mico e aproveita a insuper\u00e1vel experi\u00eancia em tecnologia \u00e1udio e melhoria de fluxos de trabalho de alta qualidade que os produtos <strong>LAWO<\/strong> proporcionam.<\/p>\n\n\n<div class=\"wp-block-image\">\n<figure class=\"aligncenter size-full\"><img data-recalc-dims=\"1\" loading=\"lazy\" decoding=\"async\" width=\"525\" height=\"327\" src=\"https:\/\/i0.wp.com\/news.avantools.pt\/wp-content\/uploads\/2023\/12\/crystal_VX-ext-L.jpg?resize=525%2C327&#038;ssl=1\" alt=\"\" class=\"wp-image-9089\" srcset=\"https:\/\/i0.wp.com\/news.avantools.pt\/wp-content\/uploads\/2023\/12\/crystal_VX-ext-L.jpg?w=709&amp;ssl=1 709w, https:\/\/i0.wp.com\/news.avantools.pt\/wp-content\/uploads\/2023\/12\/crystal_VX-ext-L.jpg?resize=300%2C187&amp;ssl=1 300w\" sizes=\"auto, (max-width: 525px) 100vw, 525px\" \/><\/figure>\n<\/div>\n\n\n<p>A nova <em>crystal<\/em> integra tecnologia nativa IP e est\u00e1 dispon\u00edvel em acabamento claro e escuro. Ambas as vers\u00f5es oferecem uma variedade de tons e matizes de utiliza\u00e7\u00e3o que permitem personalizar a mesa de acordo com as necessidades. Extens\u00f5es virtuais opcionais fornecem informa\u00e7\u00f5es imediatas para cada fun\u00e7\u00e3o. Faders motorizados sens\u00edveis ao toque e teclas LED coloridas funcionam em conjunto, com ecr\u00e3s de super resolu\u00e7\u00e3o, coloridos. <\/p>\n\n\n<div class=\"wp-block-image\">\n<figure class=\"aligncenter size-full\"><img data-recalc-dims=\"1\" loading=\"lazy\" decoding=\"async\" width=\"525\" height=\"332\" src=\"https:\/\/i0.wp.com\/news.avantools.pt\/wp-content\/uploads\/2023\/12\/crystal_controller-graphic.png?resize=525%2C332&#038;ssl=1\" alt=\"\" class=\"wp-image-9090\" srcset=\"https:\/\/i0.wp.com\/news.avantools.pt\/wp-content\/uploads\/2023\/12\/crystal_controller-graphic.png?w=1000&amp;ssl=1 1000w, https:\/\/i0.wp.com\/news.avantools.pt\/wp-content\/uploads\/2023\/12\/crystal_controller-graphic.png?resize=300%2C190&amp;ssl=1 300w, https:\/\/i0.wp.com\/news.avantools.pt\/wp-content\/uploads\/2023\/12\/crystal_controller-graphic.png?resize=768%2C486&amp;ssl=1 768w\" sizes=\"auto, (max-width: 767px) 89vw, (max-width: 1000px) 54vw, (max-width: 1071px) 543px, 580px\" \/><\/figure>\n<\/div>\n\n\n<p>A nova crystal est\u00e1 dispon\u00edvel com 6, 8 ou 14 vias, tem ecr\u00e3s &#8220;context-sensitive&#8221; a cor, e faders touch-sensitive. Funciona em dois modos: Power Core e Controller. Tem m\u00f3dulos opcionais de controlo com ecr\u00e3 sens\u00edvel ao toque de extens\u00e3o virtual. O motor Power Core oferece v\u00e1rias op\u00e7\u00f5es de licen\u00e7as. que proporcionam um sistema sofisticado de gest\u00e3o de utiliza\u00e7\u00e3o e de direitos. A nova crystal \u00e9, claro, compat\u00edvel em modo nativo com os protocolos RAVENNA\/AES67 e ST2110-30. Foi desenhada para dar resposta a produ\u00e7\u00f5es que requeiram um ritmo de trabalho r\u00e1pido. Proporciona um conjunto de pistas visuais para ajudar a opera\u00e7\u00e3o. A <em>crystal<\/em> emprega algoritmos inteligentes que aceleram os fluxos de trabalho de qualquer tipo de produ\u00e7\u00e3o e liga-se ao motor de mistura Power Core em modo nativo, via Ethernet.<\/p>\n\n\n\n<p>Tudo isto num conjunto compacto, que \u00e9 um imenso prazer operar.<\/p>\n\n\n<div class=\"wp-block-image\">\n<figure class=\"aligncenter size-full\"><img data-recalc-dims=\"1\" loading=\"lazy\" decoding=\"async\" width=\"525\" height=\"207\" src=\"https:\/\/i0.wp.com\/news.avantools.pt\/wp-content\/uploads\/2023\/12\/LAWO_PowerCore_Rev3_VLO_001.jpg?resize=525%2C207&#038;ssl=1\" alt=\"\" class=\"wp-image-9091\" srcset=\"https:\/\/i0.wp.com\/news.avantools.pt\/wp-content\/uploads\/2023\/12\/LAWO_PowerCore_Rev3_VLO_001.jpg?w=980&amp;ssl=1 980w, https:\/\/i0.wp.com\/news.avantools.pt\/wp-content\/uploads\/2023\/12\/LAWO_PowerCore_Rev3_VLO_001.jpg?resize=300%2C118&amp;ssl=1 300w, https:\/\/i0.wp.com\/news.avantools.pt\/wp-content\/uploads\/2023\/12\/LAWO_PowerCore_Rev3_VLO_001.jpg?resize=768%2C303&amp;ssl=1 768w\" sizes=\"auto, (max-width: 767px) 89vw, (max-width: 1000px) 54vw, (max-width: 1071px) 543px, 580px\" \/><\/figure>\n<\/div>\n\n\n<p>Saiba tudo sobre a nova <em>crystal<\/em> <a rel=\"noreferrer noopener\" href=\"https:\/\/lawo.com\/products\/new_crystal_radio\/\" target=\"_blank\">aqui<\/a>. Se quiser saber mais ainda ou para outros esclarecimentos sobre a nova <em>crystal<\/em> ou qualquer dos outros produtos da <strong>LAWO<\/strong>, por favor, <a rel=\"noreferrer noopener\" href=\"http:\/\/avantools.pt\/contacts.html\" target=\"_blank\">contacte-nos<\/a>.<\/p>\n","protected":false},"excerpt":{"rendered":"<p>Assinal\u00e1mos-lhe h\u00e1 tempo, aqui no FEEDFORWARD, o lan\u00e7amento da nova crystal, a mesa de mistura da LAWO que coloca a tecnologia da afamada diamond ao seu alcance. Trata-se da mesa ideal para unidades de produ\u00e7\u00e3o de dimens\u00f5es mais reduzidas. Do est\u00fadio pessoal, ao carro de exteriores mais sofisticado. Gra\u00e7as \u00e0 nova crystal, a tecnologia diamond &hellip; <\/p>\n<p class=\"link-more\"><a href=\"https:\/\/news.avantools.pt\/?p=9082\" class=\"more-link\">Continuar a ler <span class=\"screen-reader-text\">&#8220;Voltemos \u00e0 nova crystal da LAWO&#8221;<\/span><\/a><\/p>\n","protected":false},"author":2,"featured_media":8984,"comment_status":"closed","ping_status":"open","sticky":false,"template":"","format":"standard","meta":{"_jetpack_memberships_contains_paid_content":false,"footnotes":"","_links_to":"","_links_to_target":""},"categories":[92,705,677,464,483,93,650,94,266,538,96],"tags":[604,706],"class_list":["post-9082","post","type-post","status-publish","format-standard","has-post-thumbnail","hentry","category-broadcast","category-carros-exteriores","category-podcast","category-pos-prod","category-producao","category-radio","category-streaming","category-studio","category-televisao","category-venues","category-video","tag-lawo-2","tag-nova-crystal"],"jetpack_featured_media_url":"https:\/\/i0.wp.com\/news.avantools.pt\/wp-content\/uploads\/2023\/11\/crystal_BOTH.jpg?fit=1772%2C1181&ssl=1","jetpack_sharing_enabled":true,"_links":{"self":[{"href":"https:\/\/news.avantools.pt\/index.php?rest_route=\/wp\/v2\/posts\/9082","targetHints":{"allow":["GET"]}}],"collection":[{"href":"https:\/\/news.avantools.pt\/index.php?rest_route=\/wp\/v2\/posts"}],"about":[{"href":"https:\/\/news.avantools.pt\/index.php?rest_route=\/wp\/v2\/types\/post"}],"author":[{"embeddable":true,"href":"https:\/\/news.avantools.pt\/index.php?rest_route=\/wp\/v2\/users\/2"}],"replies":[{"embeddable":true,"href":"https:\/\/news.avantools.pt\/index.php?rest_route=%2Fwp%2Fv2%2Fcomments&post=9082"}],"version-history":[{"count":15,"href":"https:\/\/news.avantools.pt\/index.php?rest_route=\/wp\/v2\/posts\/9082\/revisions"}],"predecessor-version":[{"id":9229,"href":"https:\/\/news.avantools.pt\/index.php?rest_route=\/wp\/v2\/posts\/9082\/revisions\/9229"}],"wp:featuredmedia":[{"embeddable":true,"href":"https:\/\/news.avantools.pt\/index.php?rest_route=\/wp\/v2\/media\/8984"}],"wp:attachment":[{"href":"https:\/\/news.avantools.pt\/index.php?rest_route=%2Fwp%2Fv2%2Fmedia&parent=9082"}],"wp:term":[{"taxonomy":"category","embeddable":true,"href":"https:\/\/news.avantools.pt\/index.php?rest_route=%2Fwp%2Fv2%2Fcategories&post=9082"},{"taxonomy":"post_tag","embeddable":true,"href":"https:\/\/news.avantools.pt\/index.php?rest_route=%2Fwp%2Fv2%2Ftags&post=9082"}],"curies":[{"name":"wp","href":"https:\/\/api.w.org\/{rel}","templated":true}]}}