{"id":9221,"date":"2024-02-02T14:18:50","date_gmt":"2024-02-02T14:18:50","guid":{"rendered":"https:\/\/news.avantools.pt\/?p=9221"},"modified":"2024-02-02T16:29:19","modified_gmt":"2024-02-02T16:29:19","slug":"o-melhor-de-2023-5","status":"publish","type":"post","link":"https:\/\/news.avantools.pt\/?p=9221","title":{"rendered":"O melhor de 2023 (5)"},"content":{"rendered":"\n<p class=\"has-drop-cap\">Conclu\u00edmos esta revista do que de melhor as nossas representadas produziram em 2023 com a nova <em>crystal<\/em>, da <strong>LAWO<\/strong>. A mesa ideal para aplica\u00e7\u00f5es em unidades de produ\u00e7\u00e3o de dimens\u00f5es mais reduzidas. Desde o est\u00fadio pessoal, ao carro de exteriores mais sofisticado, com a nova <em>crystal<\/em>, a tecnologia <em>diamond<\/em> est\u00e1 \u00e0 sua disposi\u00e7\u00e3o. A superior qualidade de som, robustez e flexibilidade de opera\u00e7\u00e3o que este produto da <strong>LAWO<\/strong> nos garante, posiciona a <em>crystal<\/em> como a solu\u00e7\u00e3o perfeita para situa\u00e7\u00f5es em que o espa\u00e7o, a portabilidade, a dimens\u00e3o dos fluxos de trabalho, a complementaridade com outros equipamentos e o or\u00e7amento sejam considera\u00e7\u00f5es a ter em conta, individualmente ou em conjunto. A nova <em>crystal<\/em> coloca a tecnologia <strong>LAWO<\/strong>, todo o seu saber, experi\u00eancia, a qualidade do design e o tremendo potencial dos seus produtos, ao seu disp\u00f4r, de uma forma mais acess\u00edvel do que nunca. A nova <em>crystal<\/em> \u00e9 uma mesa compacta e moderna no seu conceito. Para si. N\u00e3o \u00e9 uma promessa, \u00e9 uma realidade.<\/p>\n\n\n<div class=\"wp-block-image\">\n<figure class=\"aligncenter size-large\"><img data-recalc-dims=\"1\" loading=\"lazy\" decoding=\"async\" width=\"525\" height=\"350\" src=\"https:\/\/i0.wp.com\/news.avantools.pt\/wp-content\/uploads\/2023\/12\/crystal_BOTH.jpg?resize=525%2C350&#038;ssl=1\" alt=\"\" class=\"wp-image-9088\" srcset=\"https:\/\/i0.wp.com\/news.avantools.pt\/wp-content\/uploads\/2023\/12\/crystal_BOTH.jpg?resize=1024%2C682&amp;ssl=1 1024w, https:\/\/i0.wp.com\/news.avantools.pt\/wp-content\/uploads\/2023\/12\/crystal_BOTH.jpg?resize=300%2C200&amp;ssl=1 300w, https:\/\/i0.wp.com\/news.avantools.pt\/wp-content\/uploads\/2023\/12\/crystal_BOTH.jpg?resize=768%2C512&amp;ssl=1 768w, https:\/\/i0.wp.com\/news.avantools.pt\/wp-content\/uploads\/2023\/12\/crystal_BOTH.jpg?resize=1536%2C1024&amp;ssl=1 1536w, https:\/\/i0.wp.com\/news.avantools.pt\/wp-content\/uploads\/2023\/12\/crystal_BOTH.jpg?w=1772&amp;ssl=1 1772w\" sizes=\"auto, (max-width: 767px) 89vw, (max-width: 1000px) 54vw, (max-width: 1071px) 543px, 580px\" \/><\/figure>\n<\/div>\n\n\n<p>Para atingir os mais altos n\u00edveis de produtividade, as nossas ferramentas de trabalho devem funcionar como extens\u00f5es de n\u00f3s pr\u00f3prios. Com dois modos distintos de opera\u00e7\u00e3o \u2013 <em>Power Core<\/em> e <em>Controller<\/em> \u2013 a nova crystal \u00e9 a companheira perfeita para uma variedade de aplica\u00e7\u00f5es: est\u00fadios de broadcast, r\u00e1dio e televis\u00e3o, de pequeno e m\u00e9dio porte; est\u00fadios regionais; su\u00edtes de not\u00edcias e coment\u00e1rio; est\u00fadios de som; controlo MCR e carros de exteriores; est\u00fadios de grava\u00e7\u00e3o de podcasts; produ\u00e7\u00e3o remota; sites de backup e de recupera\u00e7\u00e3o de desastres; controlo e integra\u00e7\u00e3o de DAWs, bem como na uniformiza\u00e7\u00e3o de fluxos de trabalho.<\/p>\n\n\n<div class=\"wp-block-image\">\n<figure class=\"aligncenter size-full\"><img data-recalc-dims=\"1\" loading=\"lazy\" decoding=\"async\" width=\"525\" height=\"327\" src=\"https:\/\/i0.wp.com\/news.avantools.pt\/wp-content\/uploads\/2023\/12\/crystal_VX-ext-L.jpg?resize=525%2C327&#038;ssl=1\" alt=\"\" class=\"wp-image-9089\" srcset=\"https:\/\/i0.wp.com\/news.avantools.pt\/wp-content\/uploads\/2023\/12\/crystal_VX-ext-L.jpg?w=709&amp;ssl=1 709w, https:\/\/i0.wp.com\/news.avantools.pt\/wp-content\/uploads\/2023\/12\/crystal_VX-ext-L.jpg?resize=300%2C187&amp;ssl=1 300w\" sizes=\"auto, (max-width: 525px) 100vw, 525px\" \/><\/figure>\n<\/div>\n\n\n<p>Baseada na afamada filosofia da <em>diamond<\/em>, a opera\u00e7\u00e3o da <em>crystal<\/em> revela-se instantaneamente familiar e directa, proporcionando aos utilizadores uma poderosa ferramenta de trabalho, altamente intuitiva. A nova <em>crystal<\/em> proporciona uma sinergia perfeita da opera\u00e7\u00e3o f\u00edsica e virtual, com controlos inteligentes e sens\u00edveis ao contexto em que est\u00e3o naturalmente dispon\u00edveis. A nova <em>crystal<\/em> proporciona o poder da <em>diamond<\/em> num pacote mais compacto e econ\u00f3mico e aproveita a insuper\u00e1vel experi\u00eancia em tecnologia \u00e1udio e melhoria de fluxos de trabalho de alta qualidade que os produtos <strong>LAWO<\/strong> proporcionam.<\/p>\n\n\n<div class=\"wp-block-image\">\n<figure class=\"aligncenter size-full\"><img data-recalc-dims=\"1\" loading=\"lazy\" decoding=\"async\" width=\"525\" height=\"207\" src=\"https:\/\/i0.wp.com\/news.avantools.pt\/wp-content\/uploads\/2023\/12\/LAWO_PowerCore_Rev3_VLO_001.jpg?resize=525%2C207&#038;ssl=1\" alt=\"\" class=\"wp-image-9091\" srcset=\"https:\/\/i0.wp.com\/news.avantools.pt\/wp-content\/uploads\/2023\/12\/LAWO_PowerCore_Rev3_VLO_001.jpg?w=980&amp;ssl=1 980w, https:\/\/i0.wp.com\/news.avantools.pt\/wp-content\/uploads\/2023\/12\/LAWO_PowerCore_Rev3_VLO_001.jpg?resize=300%2C118&amp;ssl=1 300w, https:\/\/i0.wp.com\/news.avantools.pt\/wp-content\/uploads\/2023\/12\/LAWO_PowerCore_Rev3_VLO_001.jpg?resize=768%2C303&amp;ssl=1 768w\" sizes=\"auto, (max-width: 767px) 89vw, (max-width: 1000px) 54vw, (max-width: 1071px) 543px, 580px\" \/><\/figure>\n<\/div>\n\n\n<p>A nova <em>crystal<\/em> integra tecnologia nativa IP e est\u00e1 dispon\u00edvel em acabamento claro e escuro. Ambas as vers\u00f5es oferecem uma variedade de tons e matizes de utiliza\u00e7\u00e3o que permitem personalizar a mesa de acordo com as necessidades. Extens\u00f5es virtuais opcionais fornecem informa\u00e7\u00f5es imediatas para cada fun\u00e7\u00e3o. Faders motorizados sens\u00edveis ao toque e teclas LED coloridas funcionam em conjunto, com ecr\u00e3s de super resolu\u00e7\u00e3o, coloridos.<\/p>\n\n\n<div class=\"wp-block-image\">\n<figure class=\"aligncenter size-full\"><img data-recalc-dims=\"1\" loading=\"lazy\" decoding=\"async\" width=\"525\" height=\"332\" src=\"https:\/\/i0.wp.com\/news.avantools.pt\/wp-content\/uploads\/2023\/12\/crystal_controller-graphic.png?resize=525%2C332&#038;ssl=1\" alt=\"\" class=\"wp-image-9090\" srcset=\"https:\/\/i0.wp.com\/news.avantools.pt\/wp-content\/uploads\/2023\/12\/crystal_controller-graphic.png?w=1000&amp;ssl=1 1000w, https:\/\/i0.wp.com\/news.avantools.pt\/wp-content\/uploads\/2023\/12\/crystal_controller-graphic.png?resize=300%2C190&amp;ssl=1 300w, https:\/\/i0.wp.com\/news.avantools.pt\/wp-content\/uploads\/2023\/12\/crystal_controller-graphic.png?resize=768%2C486&amp;ssl=1 768w\" sizes=\"auto, (max-width: 767px) 89vw, (max-width: 1000px) 54vw, (max-width: 1071px) 543px, 580px\" \/><\/figure>\n<\/div>\n\n\n<p>A nova <em>crystal<\/em> est\u00e1 dispon\u00edvel com 6, 8 ou 14 vias, tem ecr\u00e3s &#8220;context-sensitive&#8221; a cor, e faders touch-sensitive. Funciona em dois modos: <em>Power Core<\/em> e <em>Controller<\/em>. Tem m\u00f3dulos opcionais de controlo com ecr\u00e3 sens\u00edvel ao toque de extens\u00e3o virtual. O motor <em>Power Core<\/em> oferece v\u00e1rias op\u00e7\u00f5es de licen\u00e7as. que proporcionam um sistema sofisticado de gest\u00e3o de utiliza\u00e7\u00e3o e de direitos. A nova <em>crystal<\/em> \u00e9, claro, compat\u00edvel em modo nativo com os protocolos RAVENNA\/AES67 e ST2110-30. Foi desenhada para dar resposta a produ\u00e7\u00f5es que requeiram um ritmo de trabalho r\u00e1pido. Proporciona um conjunto de pistas visuais para ajudar a opera\u00e7\u00e3o. A <em>crystal<\/em> emprega algoritmos inteligentes que aceleram os fluxos de trabalho de qualquer tipo de produ\u00e7\u00e3o e liga-se ao motor de mistura <em>Power Core<\/em> em modo nativo, via Ethernet.<\/p>\n\n\n\n<p>Tudo isto num conjunto muito compacto, coerente, que \u00e9 um imenso prazer operar. Veja aqui um video sobre a <em><a href=\"https:\/\/youtu.be\/ZXGTsQRZkUs\" target=\"_blank\" rel=\"noreferrer noopener\">crystal<\/a><\/em>.<\/p>\n\n\n\n<p>Saiba tudo sobre a nova <em>crystal<\/em> <a rel=\"noreferrer noopener\" href=\"https:\/\/lawo.com\/products\/new_crystal\/\" target=\"_blank\">aqui<\/a>. Se quiser ficar a saber mais ainda ou para outros esclarecimentos sobre a nova <em>crystal<\/em> e qualquer dos outros produtos da <strong>LAWO<\/strong>, venha , por favor, <a rel=\"noreferrer noopener\" href=\"http:\/\/avantools.pt\/contacts.html\" target=\"_blank\">falar connosco<\/a>.<\/p>\n\n\n<div class=\"wp-block-image\">\n<figure class=\"aligncenter size-full is-resized\"><img data-recalc-dims=\"1\" loading=\"lazy\" decoding=\"async\" src=\"https:\/\/i0.wp.com\/news.avantools.pt\/wp-content\/uploads\/2019\/09\/Lawo_Logo.gif?resize=265%2C265&#038;ssl=1\" alt=\"\" class=\"wp-image-2447\" width=\"265\" height=\"265\"\/><\/figure>\n<\/div>\n\n\n<hr class=\"wp-block-separator has-alpha-channel-opacity is-style-wide\"\/>\n","protected":false},"excerpt":{"rendered":"<p>Conclu\u00edmos esta revista do que de melhor as nossas representadas produziram em 2023 com a nova crystal, da LAWO. A mesa ideal para aplica\u00e7\u00f5es em unidades de produ\u00e7\u00e3o de dimens\u00f5es mais reduzidas. Desde o est\u00fadio pessoal, ao carro de exteriores mais sofisticado, com a nova crystal, a tecnologia diamond est\u00e1 \u00e0 sua disposi\u00e7\u00e3o. A superior &hellip; <\/p>\n<p class=\"link-more\"><a href=\"https:\/\/news.avantools.pt\/?p=9221\" class=\"more-link\">Continuar a ler <span class=\"screen-reader-text\">&#8220;O melhor de 2023 (5)&#8221;<\/span><\/a><\/p>\n","protected":false},"author":2,"featured_media":8983,"comment_status":"closed","ping_status":"open","sticky":false,"template":"","format":"standard","meta":{"_jetpack_memberships_contains_paid_content":false,"footnotes":"","_links_to":"","_links_to_target":""},"categories":[92,93,94,266],"tags":[154,604],"class_list":["post-9221","post","type-post","status-publish","format-standard","has-post-thumbnail","hentry","category-broadcast","category-radio","category-studio","category-televisao","tag-crystal","tag-lawo-2"],"jetpack_featured_media_url":"https:\/\/i0.wp.com\/news.avantools.pt\/wp-content\/uploads\/2023\/11\/crystal_WHITE.jpg?fit=1772%2C1181&ssl=1","jetpack_sharing_enabled":true,"_links":{"self":[{"href":"https:\/\/news.avantools.pt\/index.php?rest_route=\/wp\/v2\/posts\/9221","targetHints":{"allow":["GET"]}}],"collection":[{"href":"https:\/\/news.avantools.pt\/index.php?rest_route=\/wp\/v2\/posts"}],"about":[{"href":"https:\/\/news.avantools.pt\/index.php?rest_route=\/wp\/v2\/types\/post"}],"author":[{"embeddable":true,"href":"https:\/\/news.avantools.pt\/index.php?rest_route=\/wp\/v2\/users\/2"}],"replies":[{"embeddable":true,"href":"https:\/\/news.avantools.pt\/index.php?rest_route=%2Fwp%2Fv2%2Fcomments&post=9221"}],"version-history":[{"count":7,"href":"https:\/\/news.avantools.pt\/index.php?rest_route=\/wp\/v2\/posts\/9221\/revisions"}],"predecessor-version":[{"id":9233,"href":"https:\/\/news.avantools.pt\/index.php?rest_route=\/wp\/v2\/posts\/9221\/revisions\/9233"}],"wp:featuredmedia":[{"embeddable":true,"href":"https:\/\/news.avantools.pt\/index.php?rest_route=\/wp\/v2\/media\/8983"}],"wp:attachment":[{"href":"https:\/\/news.avantools.pt\/index.php?rest_route=%2Fwp%2Fv2%2Fmedia&parent=9221"}],"wp:term":[{"taxonomy":"category","embeddable":true,"href":"https:\/\/news.avantools.pt\/index.php?rest_route=%2Fwp%2Fv2%2Fcategories&post=9221"},{"taxonomy":"post_tag","embeddable":true,"href":"https:\/\/news.avantools.pt\/index.php?rest_route=%2Fwp%2Fv2%2Ftags&post=9221"}],"curies":[{"name":"wp","href":"https:\/\/api.w.org\/{rel}","templated":true}]}}