{"id":9750,"date":"2024-06-08T01:55:19","date_gmt":"2024-06-08T00:55:19","guid":{"rendered":"https:\/\/news.avantools.pt\/?p=9750"},"modified":"2024-06-08T02:16:32","modified_gmt":"2024-06-08T01:16:32","slug":"descubra-o-avn-cu1-a-nova-unidade-de-comentario-da-sonifex","status":"publish","type":"post","link":"https:\/\/news.avantools.pt\/?p=9750","title":{"rendered":"Descubra o AVN-CU1, a nova unidade de coment\u00e1rio da SONIFEX"},"content":{"rendered":"\n<p class=\"has-drop-cap\">O novo AVN-CU1 faz parte da linha <strong>SONIFEX<\/strong> de unidades de coment\u00e1rio, com implementa\u00e7\u00e3o Dante. Trata-se de uma combina\u00e7\u00e3o \u00fanica de microfone\/auscultador, muito simples de usar, com um conjunto completo de recursos e um pre\u00e7o baixo. A linha AVN Dante\u00ae da <strong>SONIFEX<\/strong> adopta uma nova abordagem no seu conceito base, que permite fornecer uma ferramenta configur\u00e1vel e multifuncional para equipas de comentaristas. A <strong>SONIFEX<\/strong> \u00e9 uma empresa com largu\u00edssima experi\u00eancia no sector do <em>broadcast<\/em>, que fornece equipamento destinado \u00e0s \u00e1reas da r\u00e1dio, TV, seguran\u00e7a e telecomunica\u00e7\u00f5es.<\/p>\n\n\n<div class=\"wp-block-image\">\n<figure class=\"aligncenter size-full\"><img data-recalc-dims=\"1\" loading=\"lazy\" decoding=\"async\" width=\"525\" height=\"456\" src=\"https:\/\/i0.wp.com\/news.avantools.pt\/wp-content\/uploads\/2024\/06\/avn-cu1-iso-598x519px.jpg?resize=525%2C456&#038;ssl=1\" alt=\"\" class=\"wp-image-9752\" srcset=\"https:\/\/i0.wp.com\/news.avantools.pt\/wp-content\/uploads\/2024\/06\/avn-cu1-iso-598x519px.jpg?w=598&amp;ssl=1 598w, https:\/\/i0.wp.com\/news.avantools.pt\/wp-content\/uploads\/2024\/06\/avn-cu1-iso-598x519px.jpg?resize=300%2C260&amp;ssl=1 300w\" sizes=\"auto, (max-width: 525px) 100vw, 525px\" \/><\/figure>\n<\/div>\n\n\n<p>A <strong>SONIFEX<\/strong> \u00e9 uma empresa fabricante de equipamentos de \u00e1udio para os sectores de r\u00e1dio, TV, seguran\u00e7a e telecomunica\u00e7\u00f5es, que iniciou a sua actividade em 1969. O seu prest\u00edgio nestas \u00e1reas \u00e9 inequivocamente reconhecido. Este prest\u00edgio foi alcan\u00e7ado atrav\u00e9s da implementa\u00e7\u00e3o de uma constante necessidade de inovar,  parte integrante da cultura da empresa, combinando com a cria\u00e7\u00e3o de ideias s\u00f3lidas \u200b\u200be voltadas para o exterior, e com pr\u00e1ticas de design e constru\u00e7\u00e3o s\u00f3lidas e eficientes. A linha de produtos oferecidos pela marca inglesa \u00e9 muito vasta. Dela fazem parte as suas celebradas unidades de coment\u00e1rio.<\/p>\n\n\n\n<p>O novo modelo AVN-CU1 faz parte dessa s\u00e9rie de unidades de coment\u00e1rio, que inclui ainda o AVN-CU2 DANTE e o AVN-CU4 DANTE.<\/p>\n\n\n\n<p>O poder deste mais recente modelo da s\u00e9rie reside no impressionante mecanismo de mistura, que se sobrep\u00f5e \u00e0s configura\u00e7\u00f5es habituais do <em>Dante\u00ae Controller<\/em>. Uma vez definidos os fluxos Dante\u00ae, as entradas e sa\u00eddas podem ser misturadas livremente para AoIP ou entradas e sa\u00eddas f\u00edsicas, controladas atrav\u00e9s de bot\u00f5es program\u00e1veis \u200b\u200be codificadores rotativos, que controlam o ganho e panor\u00e2mica de entradas, sa\u00eddas ou pontos cruzados, permitindo total flexibilidade para diferentes situa\u00e7\u00f5es.<\/p>\n\n\n<div class=\"wp-block-image\">\n<figure class=\"aligncenter size-full\"><img data-recalc-dims=\"1\" loading=\"lazy\" decoding=\"async\" width=\"525\" height=\"456\" src=\"https:\/\/i0.wp.com\/news.avantools.pt\/wp-content\/uploads\/2024\/06\/avn-cu1-top-598x519px.jpg?resize=525%2C456&#038;ssl=1\" alt=\"\" class=\"wp-image-9753\" srcset=\"https:\/\/i0.wp.com\/news.avantools.pt\/wp-content\/uploads\/2024\/06\/avn-cu1-top-598x519px.jpg?w=598&amp;ssl=1 598w, https:\/\/i0.wp.com\/news.avantools.pt\/wp-content\/uploads\/2024\/06\/avn-cu1-top-598x519px.jpg?resize=300%2C260&amp;ssl=1 300w\" sizes=\"auto, (max-width: 525px) 100vw, 525px\" \/><\/figure>\n<\/div>\n\n\n<p>O amplificador de auscultadores possui cinco entradas: tr\u00eas canais de <em>talkback<\/em>, programa e <em>sidetone<\/em>, cada um com um potenci\u00f3metro individual para controlo de n\u00edvel. A distribui\u00e7\u00e3o da sa\u00edda de \u00e1udio \u00e9 controlado por bot\u00f5es iluminados. H\u00e1 um <em>display<\/em> OLED para instala\u00e7\u00e3o e configura\u00e7\u00e3o, um gr\u00e1fico de barras de LED de alto impacto, que permite a medi\u00e7\u00e3o \u00e0 luz do dia, distribui\u00e7\u00e3o individual de auscultsdores por fonte de \u00e1udio e ilumina\u00e7\u00e3o embutida para indicar a posi\u00e7\u00e3o.<\/p>\n\n\n\n<p>O AVN-CU1 possui portas de rede Dante prim\u00e1ria e secund\u00e1ria redundantes, em formato EtherCON RJ45, bem como duas portas de transceptor SFP e \u00e9 alimentado por PoE duplo ou uma entrada de 12 V DC.<\/p>\n\n\n<div class=\"wp-block-image\">\n<figure class=\"aligncenter size-full\"><img data-recalc-dims=\"1\" loading=\"lazy\" decoding=\"async\" width=\"525\" height=\"456\" src=\"https:\/\/i0.wp.com\/news.avantools.pt\/wp-content\/uploads\/2024\/06\/avn-cu1-rear-598x519px.jpg?resize=525%2C456&#038;ssl=1\" alt=\"\" class=\"wp-image-9754\" srcset=\"https:\/\/i0.wp.com\/news.avantools.pt\/wp-content\/uploads\/2024\/06\/avn-cu1-rear-598x519px.jpg?w=598&amp;ssl=1 598w, https:\/\/i0.wp.com\/news.avantools.pt\/wp-content\/uploads\/2024\/06\/avn-cu1-rear-598x519px.jpg?resize=300%2C260&amp;ssl=1 300w\" sizes=\"auto, (max-width: 525px) 100vw, 525px\" \/><\/figure>\n<\/div>\n\n\n<p>O painel de controlo frontal inclui potenciometros para controlar os n\u00edveis de mistura das cinco fontes de sinal, at\u00e9 aos auscultadores do utilizador: <em>Sidetone<\/em>, <em>Programme<\/em>, e <em>Talkback<\/em> A, B e C. A configura\u00e7\u00e3o e o controle do sinal \u00e1udio e rede s\u00e3o feitos por meio de um servidor web interno. As op\u00e7\u00f5es selecion\u00e1veis \u200b\u200bpelo utilizador incluem: ganho do pr\u00e9-amplificador de microfone, modo\/cor do bot\u00e3o e escala de medi\u00e7\u00e3o. O controlador Dante \u00e9 usado para configurar as quatro fontes de \u00e1udio a serem misturadas na sa\u00edda de auscultador: PGM &#8211; O <em>feed<\/em> principal do programa mono e T\/B A\/B\/C -as tr\u00eas fontes de <em>talkback<\/em> mono.<\/p>\n\n\n\n<p>Estas s\u00e3o algumas das caracter\u00edsticas do nov\u00edssimo AVN-CU1. Saiba mais <a href=\"https:\/\/www.sonifex.co.uk\/avn\/avn-cu1.shtml\" target=\"_blank\" rel=\"noreferrer noopener\">aqui<\/a>. Conhe\u00e7a toda a linha de produtos da <strong>SONIFEX<\/strong> <a href=\"https:\/\/www.sonifex.co.uk\/\" target=\"_blank\" rel=\"noreferrer noopener\">aqui<\/a>. Para saber mais ainda, <a href=\"http:\/\/avantools.pt\/contacts.html\" target=\"_blank\" rel=\"noreferrer noopener\">consulte-nos<\/a>.<\/p>\n\n\n<div class=\"wp-block-image\">\n<figure class=\"aligncenter size-large is-resized\"><img data-recalc-dims=\"1\" loading=\"lazy\" decoding=\"async\" width=\"525\" height=\"58\" src=\"https:\/\/i0.wp.com\/news.avantools.pt\/wp-content\/uploads\/2022\/09\/sonifex_logo_highres.jpg?resize=525%2C58&#038;ssl=1\" alt=\"\" class=\"wp-image-6867\" style=\"width:634px;height:auto\" srcset=\"https:\/\/i0.wp.com\/news.avantools.pt\/wp-content\/uploads\/2022\/09\/sonifex_logo_highres.jpg?resize=1024%2C113&amp;ssl=1 1024w, https:\/\/i0.wp.com\/news.avantools.pt\/wp-content\/uploads\/2022\/09\/sonifex_logo_highres.jpg?resize=300%2C33&amp;ssl=1 300w, https:\/\/i0.wp.com\/news.avantools.pt\/wp-content\/uploads\/2022\/09\/sonifex_logo_highres.jpg?resize=768%2C85&amp;ssl=1 768w, https:\/\/i0.wp.com\/news.avantools.pt\/wp-content\/uploads\/2022\/09\/sonifex_logo_highres.jpg?w=1165&amp;ssl=1 1165w\" sizes=\"auto, (max-width: 767px) 89vw, (max-width: 1000px) 54vw, (max-width: 1071px) 543px, 580px\" \/><\/figure>\n<\/div>\n\n\n<hr class=\"wp-block-separator aligncenter has-alpha-channel-opacity is-style-wide\"\/>\n","protected":false},"excerpt":{"rendered":"<p>O novo AVN-CU1 faz parte da linha SONIFEX de unidades de coment\u00e1rio, com implementa\u00e7\u00e3o Dante. Trata-se de uma combina\u00e7\u00e3o \u00fanica de microfone\/auscultador, muito simples de usar, com um conjunto completo de recursos e um pre\u00e7o baixo. A linha AVN Dante\u00ae da SONIFEX adopta uma nova abordagem no seu conceito base, que permite fornecer uma ferramenta &hellip; <\/p>\n<p class=\"link-more\"><a href=\"https:\/\/news.avantools.pt\/?p=9750\" class=\"more-link\">Continuar a ler <span class=\"screen-reader-text\">&#8220;Descubra o AVN-CU1, a nova unidade de coment\u00e1rio da SONIFEX&#8221;<\/span><\/a><\/p>\n","protected":false},"author":2,"featured_media":9758,"comment_status":"closed","ping_status":"open","sticky":false,"template":"","format":"standard","meta":{"_jetpack_memberships_contains_paid_content":false,"footnotes":"","_links_to":"","_links_to_target":""},"categories":[92,730,688,266],"tags":[731,655,656,120],"class_list":["post-9750","post","type-post","status-publish","format-standard","has-post-thumbnail","hentry","category-broadcast","category-seguranca","category-telecomunicacoes","category-televisao","tag-avn-cu1","tag-avn-cu2-dante","tag-avn-cu4-dante","tag-sonifex"],"jetpack_featured_media_url":"https:\/\/i0.wp.com\/news.avantools.pt\/wp-content\/uploads\/2024\/06\/1714652227_IMG_2237546.jpg?fit=500%2C500&ssl=1","jetpack_sharing_enabled":true,"_links":{"self":[{"href":"https:\/\/news.avantools.pt\/index.php?rest_route=\/wp\/v2\/posts\/9750","targetHints":{"allow":["GET"]}}],"collection":[{"href":"https:\/\/news.avantools.pt\/index.php?rest_route=\/wp\/v2\/posts"}],"about":[{"href":"https:\/\/news.avantools.pt\/index.php?rest_route=\/wp\/v2\/types\/post"}],"author":[{"embeddable":true,"href":"https:\/\/news.avantools.pt\/index.php?rest_route=\/wp\/v2\/users\/2"}],"replies":[{"embeddable":true,"href":"https:\/\/news.avantools.pt\/index.php?rest_route=%2Fwp%2Fv2%2Fcomments&post=9750"}],"version-history":[{"count":9,"href":"https:\/\/news.avantools.pt\/index.php?rest_route=\/wp\/v2\/posts\/9750\/revisions"}],"predecessor-version":[{"id":9763,"href":"https:\/\/news.avantools.pt\/index.php?rest_route=\/wp\/v2\/posts\/9750\/revisions\/9763"}],"wp:featuredmedia":[{"embeddable":true,"href":"https:\/\/news.avantools.pt\/index.php?rest_route=\/wp\/v2\/media\/9758"}],"wp:attachment":[{"href":"https:\/\/news.avantools.pt\/index.php?rest_route=%2Fwp%2Fv2%2Fmedia&parent=9750"}],"wp:term":[{"taxonomy":"category","embeddable":true,"href":"https:\/\/news.avantools.pt\/index.php?rest_route=%2Fwp%2Fv2%2Fcategories&post=9750"},{"taxonomy":"post_tag","embeddable":true,"href":"https:\/\/news.avantools.pt\/index.php?rest_route=%2Fwp%2Fv2%2Ftags&post=9750"}],"curies":[{"name":"wp","href":"https:\/\/api.w.org\/{rel}","templated":true}]}}