{"id":9994,"date":"2024-08-02T20:36:09","date_gmt":"2024-08-02T19:36:09","guid":{"rendered":"https:\/\/news.avantools.pt\/?p=9994"},"modified":"2024-08-02T20:39:31","modified_gmt":"2024-08-02T19:39:31","slug":"concerto-de-paris-2024-transmitido-para-milhoes-com-tecnologia-de-audio-lawo","status":"publish","type":"post","link":"https:\/\/news.avantools.pt\/?p=9994","title":{"rendered":"Concerto de Paris 2024: Transmitido para Milh\u00f5es com Tecnologia de \u00c1udio LAWO"},"content":{"rendered":"\n<p class=\"has-drop-cap\">No ano dos Jogos Ol\u00edmpicos e Paral\u00edmpicos de Paris, o tradicional <em>Concerto de Paris<\/em> mudou do seu local tradicional, na base da Torre EIffel, excepcionalmente para o p\u00e1tio do H\u00f4tel de Ville. O evento coincidiu com a chegada da chama ol\u00edmpica \u00e0 cidade e o acendimento da pira. O Dia Nacional da Fran\u00e7a, em 14 de julho, \u00e9 comemorado com in\u00fameros eventos em todo o pa\u00eds, um deles \u00e9 este <em>Concert de Paris<\/em>, este ano na sua 12\u00aa edi\u00e7\u00e3o. A <strong>LAWO<\/strong> com a sua infra-estrutura de \u00e1udio sobre IP (AoIP), incluindo mesas <em>mc\u00b296<\/em> e <em>mc\u00b256<\/em>, correspondeu mais uma vez aos apertados requisitos de qualidade das emissoras p\u00fablicas francesas e da rede da Eurovis\u00e3o. Uma qualidade de \u00e1udio impec\u00e1vel e sem paralelo, ao vivo e em <em>broadcast<\/em>, foi assim proporcionada \u00e0 grande multid\u00e3o no local aos milh\u00f5es de ouvintes e telespectadores em todo o mundo, incluindo Portugal.<\/p>\n\n\n<div class=\"wp-block-image\">\n<figure class=\"aligncenter size-large\"><img data-recalc-dims=\"1\" loading=\"lazy\" decoding=\"async\" width=\"525\" height=\"295\" src=\"https:\/\/i0.wp.com\/news.avantools.pt\/wp-content\/uploads\/2024\/08\/2024_Bastille_Day_Stage_at_Night.jpg?resize=525%2C295&#038;ssl=1\" alt=\"\" class=\"wp-image-9996\" srcset=\"https:\/\/i0.wp.com\/news.avantools.pt\/wp-content\/uploads\/2024\/08\/2024_Bastille_Day_Stage_at_Night.jpg?resize=1024%2C576&amp;ssl=1 1024w, https:\/\/i0.wp.com\/news.avantools.pt\/wp-content\/uploads\/2024\/08\/2024_Bastille_Day_Stage_at_Night.jpg?resize=300%2C169&amp;ssl=1 300w, https:\/\/i0.wp.com\/news.avantools.pt\/wp-content\/uploads\/2024\/08\/2024_Bastille_Day_Stage_at_Night.jpg?resize=768%2C432&amp;ssl=1 768w, https:\/\/i0.wp.com\/news.avantools.pt\/wp-content\/uploads\/2024\/08\/2024_Bastille_Day_Stage_at_Night.jpg?resize=1536%2C864&amp;ssl=1 1536w, https:\/\/i0.wp.com\/news.avantools.pt\/wp-content\/uploads\/2024\/08\/2024_Bastille_Day_Stage_at_Night.jpg?resize=2048%2C1152&amp;ssl=1 2048w\" sizes=\"auto, (max-width: 767px) 89vw, (max-width: 1000px) 54vw, (max-width: 1071px) 543px, 580px\" \/><\/figure>\n<\/div>\n\n\n<p>Para a cobertura de \u00e1udio do <em>Concerto de Paris<\/em>, a avan\u00e7ada infraestrutura de \u00e1udio de <strong>LAWO<\/strong> foi habilmente operada por uma equipa de profissionais da Radio France. Na posi\u00e7\u00e3o de <em>front-of-house<\/em> (FOH), Nad\u00e8ge Antonini foi a respons\u00e1vel pela mistura da orquestra e a sa\u00edda FOH, usando uma mesa modelo <em>mc\u00b296<\/em> de 48 vias, enquanto St\u00e9phane Thouvenin se encarregou da mistura dos solistas e coros com uma mesa <em>mc\u00b256<\/em> de 32 vias. Supervisionando a produ\u00e7\u00e3o geral da FOH estava Alice Legros, actuando como produtora. <\/p>\n\n\n<div class=\"wp-block-image\">\n<figure class=\"aligncenter size-large\"><img data-recalc-dims=\"1\" loading=\"lazy\" decoding=\"async\" width=\"525\" height=\"295\" src=\"https:\/\/i0.wp.com\/news.avantools.pt\/wp-content\/uploads\/2024\/08\/2024_Bastille_Day_FOH_Soloists_mc2_56.jpg?resize=525%2C295&#038;ssl=1\" alt=\"\" class=\"wp-image-9997\" srcset=\"https:\/\/i0.wp.com\/news.avantools.pt\/wp-content\/uploads\/2024\/08\/2024_Bastille_Day_FOH_Soloists_mc2_56.jpg?resize=1024%2C576&amp;ssl=1 1024w, https:\/\/i0.wp.com\/news.avantools.pt\/wp-content\/uploads\/2024\/08\/2024_Bastille_Day_FOH_Soloists_mc2_56.jpg?resize=300%2C169&amp;ssl=1 300w, https:\/\/i0.wp.com\/news.avantools.pt\/wp-content\/uploads\/2024\/08\/2024_Bastille_Day_FOH_Soloists_mc2_56.jpg?resize=768%2C432&amp;ssl=1 768w, https:\/\/i0.wp.com\/news.avantools.pt\/wp-content\/uploads\/2024\/08\/2024_Bastille_Day_FOH_Soloists_mc2_56.jpg?resize=1536%2C864&amp;ssl=1 1536w, https:\/\/i0.wp.com\/news.avantools.pt\/wp-content\/uploads\/2024\/08\/2024_Bastille_Day_FOH_Soloists_mc2_56.jpg?resize=2048%2C1152&amp;ssl=1 2048w\" sizes=\"auto, (max-width: 767px) 89vw, (max-width: 1000px) 54vw, (max-width: 1071px) 543px, 580px\" \/><\/figure>\n<\/div>\n\n\n<p>A monitoriza\u00e7\u00e3o de palco foi assegurada por St\u00e9phane Desmons e Charles Bouticourt, que operaram uma <em>mc\u00b256<\/em> de 32 vias com um extensor de 16 vias, numa configura\u00e7\u00e3o de dois operadores com duas superf\u00edcies de controlo separadas, o que garantiu a opera\u00e7\u00e3o precisa durante toda a apresenta\u00e7\u00e3o. A configura\u00e7\u00e3o incluiu ainda um par redundante de unidades de \u00e1udio <em>A__UHD Core<\/em>, partilhados entre as tr\u00eas mesas, numa rede RAVENNA redundante, integrando a FOH e o palco. Um <em>cluster<\/em> central de gest\u00e3o de sinal, baseado na aplica\u00e7\u00e3o <em>HOME<\/em> ligou, geriu e protegeu todos os aspectos deste ambiente de produ\u00e7\u00e3o ao vivo.<\/p>\n\n\n<div class=\"wp-block-image\">\n<figure class=\"aligncenter size-large\"><img data-recalc-dims=\"1\" loading=\"lazy\" decoding=\"async\" width=\"525\" height=\"295\" src=\"https:\/\/i0.wp.com\/news.avantools.pt\/wp-content\/uploads\/2024\/08\/2024_Bastille_Day_Monitoring_mc2_56.jpg?resize=525%2C295&#038;ssl=1\" alt=\"\" class=\"wp-image-9998\" srcset=\"https:\/\/i0.wp.com\/news.avantools.pt\/wp-content\/uploads\/2024\/08\/2024_Bastille_Day_Monitoring_mc2_56.jpg?resize=1024%2C576&amp;ssl=1 1024w, https:\/\/i0.wp.com\/news.avantools.pt\/wp-content\/uploads\/2024\/08\/2024_Bastille_Day_Monitoring_mc2_56.jpg?resize=300%2C169&amp;ssl=1 300w, https:\/\/i0.wp.com\/news.avantools.pt\/wp-content\/uploads\/2024\/08\/2024_Bastille_Day_Monitoring_mc2_56.jpg?resize=768%2C432&amp;ssl=1 768w, https:\/\/i0.wp.com\/news.avantools.pt\/wp-content\/uploads\/2024\/08\/2024_Bastille_Day_Monitoring_mc2_56.jpg?resize=1536%2C864&amp;ssl=1 1536w, https:\/\/i0.wp.com\/news.avantools.pt\/wp-content\/uploads\/2024\/08\/2024_Bastille_Day_Monitoring_mc2_56.jpg?resize=2048%2C1152&amp;ssl=1 2048w\" sizes=\"auto, (max-width: 767px) 89vw, (max-width: 1000px) 54vw, (max-width: 1071px) 543px, 580px\" \/><\/figure>\n<\/div>\n\n\n<p>A Radio France tamb\u00e9m utilizou um carro de exteriores equipado com uma mesa mc\u00b266 MkII para produzir o <em>feed<\/em> de \u00e1udio limpo para a transmiss\u00e3o na r\u00e1dio e TV francesa, bem como o <em>feed<\/em> da Eurovis\u00e3o. Laurent Fracchia foi respons\u00e1vel pela mistura da transmiss\u00e3o no carro (R\u00e9gie 5), com Arnaud Moral, como produtor.<\/p>\n\n\n\n<p>Tal como em anos anteriores, o <em>Concerto de Paris<\/em> foi presenciado por centenas de milhar <em>in loco<\/em> e chegou a cerca de 3 milh\u00f5es de telespectadores atrav\u00e9s France 2 e ainda a mais ouvintes atrav\u00e9s da r\u00e1dio France Inter. Foi transmitido ao vivo em muitos pa\u00edses do mundo atrav\u00e9s das redes Euroradio e Eurovision. O <em>Concert de Paris<\/em> foi gravado e p\u00f4de ser visto tamb\u00e9m em Portugal, atrav\u00e9s da RTP2. Pode ser agora revisto <a href=\"https:\/\/www.rtp.pt\/play\/palco\/p13711\/concerto-de-paris-2024\" target=\"_blank\" rel=\"noreferrer noopener\">aqui<\/a>.<\/p>\n\n\n\n<p>Saiba mais sobre esta 12\u00aa edi\u00e7\u00e3o do Concerto de Paris <a href=\"https:\/\/lawo.com\/lawo-delivers-impeccable-audio-for-bastille-day-concert-de-paris-lawo-delivre-un-son-impeccable-pour-le-concert-de-paris\/\" target=\"_blank\" rel=\"noreferrer noopener\">aqui<\/a>. <a href=\"https:\/\/www.lawo.com\" target=\"_blank\" rel=\"noreferrer noopener\">Saiba mais<\/a> sobre os produtos <strong>LAWO<\/strong> aqui referidos. Venha saber mais ainda sobre a <strong>LAWO<\/strong> e as suas solu\u00e7\u00f5es, visite-nos.<\/p>\n\n\n<div class=\"wp-block-image\">\n<figure class=\"aligncenter size-full is-resized\"><img data-recalc-dims=\"1\" loading=\"lazy\" decoding=\"async\" width=\"415\" height=\"415\" src=\"https:\/\/i0.wp.com\/news.avantools.pt\/wp-content\/uploads\/2019\/09\/Lawo_Logo.gif?resize=415%2C415&#038;ssl=1\" alt=\"\" class=\"wp-image-2447\" style=\"width:243px;height:auto\"\/><\/figure>\n<\/div>\n\n\n<hr class=\"wp-block-separator has-alpha-channel-opacity is-style-wide\"\/>\n","protected":false},"excerpt":{"rendered":"<p>No ano dos Jogos Ol\u00edmpicos e Paral\u00edmpicos de Paris, o tradicional Concerto de Paris mudou do seu local tradicional, na base da Torre EIffel, excepcionalmente para o p\u00e1tio do H\u00f4tel de Ville. O evento coincidiu com a chegada da chama ol\u00edmpica \u00e0 cidade e o acendimento da pira. O Dia Nacional da Fran\u00e7a, em 14 &hellip; <\/p>\n<p class=\"link-more\"><a href=\"https:\/\/news.avantools.pt\/?p=9994\" class=\"more-link\">Continuar a ler <span class=\"screen-reader-text\">&#8220;Concerto de Paris 2024: Transmitido para Milh\u00f5es com Tecnologia de \u00c1udio LAWO&#8221;<\/span><\/a><\/p>\n","protected":false},"author":2,"featured_media":9999,"comment_status":"closed","ping_status":"open","sticky":false,"template":"","format":"standard","meta":{"_jetpack_memberships_contains_paid_content":false,"footnotes":"","_links_to":"","_links_to_target":""},"categories":[92,95,93,94,266,538],"tags":[532,585,2,565,735,35],"class_list":["post-9994","post","type-post","status-publish","format-standard","has-post-thumbnail","hentry","category-broadcast","category-live","category-radio","category-studio","category-televisao","category-venues","tag-a__uhd-core","tag-home","tag-lawo","tag-mc56-mkiii-2","tag-mc66-mkii","tag-mc96"],"jetpack_featured_media_url":"https:\/\/i0.wp.com\/news.avantools.pt\/wp-content\/uploads\/2024\/08\/2024_Bastille_Day_Stage.jpg?fit=2100%2C1181&ssl=1","jetpack_sharing_enabled":true,"_links":{"self":[{"href":"https:\/\/news.avantools.pt\/index.php?rest_route=\/wp\/v2\/posts\/9994","targetHints":{"allow":["GET"]}}],"collection":[{"href":"https:\/\/news.avantools.pt\/index.php?rest_route=\/wp\/v2\/posts"}],"about":[{"href":"https:\/\/news.avantools.pt\/index.php?rest_route=\/wp\/v2\/types\/post"}],"author":[{"embeddable":true,"href":"https:\/\/news.avantools.pt\/index.php?rest_route=\/wp\/v2\/users\/2"}],"replies":[{"embeddable":true,"href":"https:\/\/news.avantools.pt\/index.php?rest_route=%2Fwp%2Fv2%2Fcomments&post=9994"}],"version-history":[{"count":9,"href":"https:\/\/news.avantools.pt\/index.php?rest_route=\/wp\/v2\/posts\/9994\/revisions"}],"predecessor-version":[{"id":10009,"href":"https:\/\/news.avantools.pt\/index.php?rest_route=\/wp\/v2\/posts\/9994\/revisions\/10009"}],"wp:featuredmedia":[{"embeddable":true,"href":"https:\/\/news.avantools.pt\/index.php?rest_route=\/wp\/v2\/media\/9999"}],"wp:attachment":[{"href":"https:\/\/news.avantools.pt\/index.php?rest_route=%2Fwp%2Fv2%2Fmedia&parent=9994"}],"wp:term":[{"taxonomy":"category","embeddable":true,"href":"https:\/\/news.avantools.pt\/index.php?rest_route=%2Fwp%2Fv2%2Fcategories&post=9994"},{"taxonomy":"post_tag","embeddable":true,"href":"https:\/\/news.avantools.pt\/index.php?rest_route=%2Fwp%2Fv2%2Ftags&post=9994"}],"curies":[{"name":"wp","href":"https:\/\/api.w.org\/{rel}","templated":true}]}}